{"id":81695,"date":"2020-04-09T06:53:45","date_gmt":"2020-04-09T10:53:45","guid":{"rendered":"https:\/\/linitiative.ca\/International\/pandemie-de-covid-19-rapatriement-de-60-tunisiens-bloques-en-algerie\/"},"modified":"2020-04-09T06:53:45","modified_gmt":"2020-04-09T10:53:45","slug":"pandemie-de-covid-19-rapatriement-de-60-tunisiens-bloques-en-algerie","status":"publish","type":"post","link":"https:\/\/linitiative.ca\/International\/pandemie-de-covid-19-rapatriement-de-60-tunisiens-bloques-en-algerie\/","title":{"rendered":"Pand\u00e9mie de Covid-19 :  Rapatriement de 60 Tunisiens bloqu\u00e9s en Alg\u00e9rie"},"content":{"rendered":"<p>Bloqu\u00e9s en Alg\u00e9rie depuis plusieurs jours, soixante Tunisiens ont \u00e9t\u00e9 rapatri\u00e9s, mercredi, via le point de passage frontalier Fej Bouza\u00efane dans la d\u00e9l\u00e9gation de Tamaghza (gouvernorat de Tozeur), a indiqu\u00e9 une source douani\u00e8re.<\/p>\n<p>Les rapatri\u00e9s ont \u00e9t\u00e9 transf\u00e9r\u00e9s dans un h\u00f4tel \u00e0 Tozeur o\u00f9 ils seront plac\u00e9s, pendant 14 jours, en confinement sanitaire obligatoire, avant de leur autoriser \u00e0 regagner leurs domiciles, selon la m\u00eame source.<\/p>\n<p>Les mesures pr\u00e9ventives sont respect\u00e9es au niveau du point de passage frontalier de Fej Bouza\u00efane de mani\u00e8re \u00e0 assurer la protection des passagers, des unit\u00e9s s\u00e9curitaires et douani\u00e8res ainsi que les cadres m\u00e9dicaux et param\u00e9dicaux install\u00e9s \u00e0 ce poste fronti\u00e8re, a affirm\u00e9 la m\u00eame source.<\/p>\n<div class=\"wp-post-author-wrap wp-post-author-shortcode left\">\n<h3 class=\"awpa-title\"\/>\n<div class=\"wp-post-author\">\n<div class=\"awpa-img awpa-author-block square\"><a href=\"http:\/\/lexpertjournal.net\/fr\/?author=5\"><img loading=\"lazy\" decoding=\"async\" alt=\"\" src=\"http:\/\/0.gravatar.com\/avatar\/97f8e10a1c1125ba104a76514ee07b16?s=150&amp;d=mm&amp;r=g\" srcset=\"http:\/\/0.gravatar.com\/avatar\/97f8e10a1c1125ba104a76514ee07b16?s=300&amp;d=mm&amp;r=g 2x\" class=\"avatar avatar-150 photo\" height=\"150\" width=\"150\"\/><\/a><\/div>\n<\/div>\n<\/div>\n<aside class=\"mashsb-container mashsb-main mashsb-stretched\">\n<\/aside>\n<p>Auteur: L&rsquo;expert<br \/>\n<a href=\"http:\/\/lexpertjournal.net\/fr\/?p=13760\">Cliquez ici pour lire l&rsquo;article depuis sa source.<\/a><\/p>\n","protected":false},"excerpt":{"rendered":"<p>Bloqu\u00e9s en Alg\u00e9rie depuis plusieurs jours, soixante Tunisiens ont \u00e9t\u00e9 rapatri\u00e9s, mercredi, via le point de passage frontalier Fej Bouza\u00efane dans la d\u00e9l\u00e9gation de Tamaghza (gouvernorat de Tozeur), a indiqu\u00e9 une source douani\u00e8re. Les rapatri\u00e9s ont \u00e9t\u00e9 transf\u00e9r\u00e9s dans un h\u00f4tel \u00e0 Tozeur o\u00f9 ils seront plac\u00e9s, pendant 14 jours, en confinement sanitaire obligatoire, avant [&hellip;]<\/p>\n","protected":false},"author":1775,"featured_media":0,"comment_status":"closed","ping_status":"closed","sticky":false,"template":"","format":"standard","meta":{"fifu_image_url":"","fifu_image_alt":"","footnotes":""},"categories":[78,55],"tags":[],"class_list":["post-81695","post","type-post","status-publish","format-standard","hentry","category-economie","category-tunisie"],"_links":{"self":[{"href":"https:\/\/linitiative.ca\/International\/wp-json\/wp\/v2\/posts\/81695","targetHints":{"allow":["GET"]}}],"collection":[{"href":"https:\/\/linitiative.ca\/International\/wp-json\/wp\/v2\/posts"}],"about":[{"href":"https:\/\/linitiative.ca\/International\/wp-json\/wp\/v2\/types\/post"}],"author":[{"embeddable":true,"href":"https:\/\/linitiative.ca\/International\/wp-json\/wp\/v2\/users\/1775"}],"replies":[{"embeddable":true,"href":"https:\/\/linitiative.ca\/International\/wp-json\/wp\/v2\/comments?post=81695"}],"version-history":[{"count":0,"href":"https:\/\/linitiative.ca\/International\/wp-json\/wp\/v2\/posts\/81695\/revisions"}],"wp:attachment":[{"href":"https:\/\/linitiative.ca\/International\/wp-json\/wp\/v2\/media?parent=81695"}],"wp:term":[{"taxonomy":"category","embeddable":true,"href":"https:\/\/linitiative.ca\/International\/wp-json\/wp\/v2\/categories?post=81695"},{"taxonomy":"post_tag","embeddable":true,"href":"https:\/\/linitiative.ca\/International\/wp-json\/wp\/v2\/tags?post=81695"}],"curies":[{"name":"wp","href":"https:\/\/api.w.org\/{rel}","templated":true}]}}