{"id":81697,"date":"2020-04-09T07:01:20","date_gmt":"2020-04-09T11:01:20","guid":{"rendered":"https:\/\/linitiative.ca\/International\/energie-12-millions-m3-de-gaz-commercial-transferes-du-champ-nawara-a-la-steg\/"},"modified":"2020-04-09T07:01:20","modified_gmt":"2020-04-09T11:01:20","slug":"energie-12-millions-m3-de-gaz-commercial-transferes-du-champ-nawara-a-la-steg","status":"publish","type":"post","link":"https:\/\/linitiative.ca\/International\/energie-12-millions-m3-de-gaz-commercial-transferes-du-champ-nawara-a-la-steg\/","title":{"rendered":"Energie :  1,2 millions m3 de gaz commercial transf\u00e9r\u00e9s du champ Nawara \u00e0 la STEG"},"content":{"rendered":"<p>L\u2019unit\u00e9 de traitement final du projet Nawara (Gab\u00e8s) a pu transf\u00e9rer 1,2 millions m\u00e8tres cubes en gaz commercial au cours de derri\u00e8res 24 heures, \u00e0 la Soci\u00e9t\u00e9 tunisienne d\u2019\u00e9lectricit\u00e9 et du gaz (STEG), client principal du champ Nawara, a annonc\u00e9 le minist\u00e8re de l\u2019Energie, mercredi.<\/p>\n<p>\u00ab L\u2019approvisionnement de la STEG en gaz a \u00e9t\u00e9 r\u00e9alis\u00e9 par des comp\u00e9tences tunisiennes, dans ces conditions difficiles que vit la Tunisie et tout monde \u00bb, a tenu \u00e0 pr\u00e9ciser le minist\u00e8re, dans un communiqu\u00e9.<\/p>\n<p>L\u2019unit\u00e9 de traitement final \u00e0 Ghannouch (Gabes) a commenc\u00e9, \u00e9galement, \u00e0 travers la soci\u00e9t\u00e9 autrichienne OMV, partenaire de L\u2019Entreprise Tunisienne d\u2019Activit\u00e9s P\u00e9troli\u00e8res \u00ab ETAP \u00bb, au champ Nawara, \u00e0 transf\u00e9rer du gaz\/condensat, pour l\u2019exploitation industrielle.<\/p>\n<p>Selon le m\u00eame communiqu\u00e9, 900 tonnes de butane et 1050 tonnes de propane seront \u00e9galement transf\u00e9r\u00e9es \u00e0 partir de ce champ, jusqu\u2019\u00e0 fin avril 2020, \u00e0 l\u2019ETAP et la Soci\u00e9t\u00e9 Tunisienne des Industries de Raffinage (STIR).<\/p>\n<p>Le champ Nawara au Sud tunisien renferme plusieurs puits de gaz et une unit\u00e9 de traitement primaire. Leur capacit\u00e9 pourrait atteindre, selon l\u2019ETAP, 2,7 millions de m\u00e8tres cubes de gaz par jour, d\u2019ici quelques mois, et 7 mille barils de condensat.<\/p>\n<p>Selon le plan du projet, une partie sera transf\u00e9r\u00e9e \u00e0 la station de Tataouine pour le traitement et l\u2019exploitation mais la grande partie est destin\u00e9e \u00e0 la station de traitement finale \u00e0 Gabes.<\/p>\n<div class=\"wp-post-author-wrap wp-post-author-shortcode left\">\n<h3 class=\"awpa-title\"\/>\n<div class=\"wp-post-author\">\n<div class=\"awpa-img awpa-author-block square\"><a href=\"http:\/\/lexpertjournal.net\/fr\/?author=5\"><img loading=\"lazy\" decoding=\"async\" alt=\"\" src=\"http:\/\/0.gravatar.com\/avatar\/97f8e10a1c1125ba104a76514ee07b16?s=150&amp;d=mm&amp;r=g\" srcset=\"http:\/\/0.gravatar.com\/avatar\/97f8e10a1c1125ba104a76514ee07b16?s=300&amp;d=mm&amp;r=g 2x\" class=\"avatar avatar-150 photo\" height=\"150\" width=\"150\"\/><\/a><\/div>\n<\/div>\n<\/div>\n<aside class=\"mashsb-container mashsb-main mashsb-stretched\">\n<\/aside>\n<p>Auteur: L&rsquo;expert<br \/>\n<a href=\"http:\/\/lexpertjournal.net\/fr\/?p=13769\">Cliquez ici pour lire l&rsquo;article depuis sa source.<\/a><\/p>\n","protected":false},"excerpt":{"rendered":"<p>L\u2019unit\u00e9 de traitement final du projet Nawara (Gab\u00e8s) a pu transf\u00e9rer 1,2 millions m\u00e8tres cubes en gaz commercial au cours de derri\u00e8res 24 heures, \u00e0 la Soci\u00e9t\u00e9 tunisienne d\u2019\u00e9lectricit\u00e9 et du gaz (STEG), client principal du champ Nawara, a annonc\u00e9 le minist\u00e8re de l\u2019Energie, mercredi. \u00ab L\u2019approvisionnement de la STEG en gaz a \u00e9t\u00e9 r\u00e9alis\u00e9 [&hellip;]<\/p>\n","protected":false},"author":1775,"featured_media":0,"comment_status":"closed","ping_status":"closed","sticky":false,"template":"","format":"standard","meta":{"fifu_image_url":"","fifu_image_alt":"","footnotes":""},"categories":[78,55],"tags":[],"class_list":["post-81697","post","type-post","status-publish","format-standard","hentry","category-economie","category-tunisie"],"_links":{"self":[{"href":"https:\/\/linitiative.ca\/International\/wp-json\/wp\/v2\/posts\/81697","targetHints":{"allow":["GET"]}}],"collection":[{"href":"https:\/\/linitiative.ca\/International\/wp-json\/wp\/v2\/posts"}],"about":[{"href":"https:\/\/linitiative.ca\/International\/wp-json\/wp\/v2\/types\/post"}],"author":[{"embeddable":true,"href":"https:\/\/linitiative.ca\/International\/wp-json\/wp\/v2\/users\/1775"}],"replies":[{"embeddable":true,"href":"https:\/\/linitiative.ca\/International\/wp-json\/wp\/v2\/comments?post=81697"}],"version-history":[{"count":0,"href":"https:\/\/linitiative.ca\/International\/wp-json\/wp\/v2\/posts\/81697\/revisions"}],"wp:attachment":[{"href":"https:\/\/linitiative.ca\/International\/wp-json\/wp\/v2\/media?parent=81697"}],"wp:term":[{"taxonomy":"category","embeddable":true,"href":"https:\/\/linitiative.ca\/International\/wp-json\/wp\/v2\/categories?post=81697"},{"taxonomy":"post_tag","embeddable":true,"href":"https:\/\/linitiative.ca\/International\/wp-json\/wp\/v2\/tags?post=81697"}],"curies":[{"name":"wp","href":"https:\/\/api.w.org\/{rel}","templated":true}]}}