{"id":81698,"date":"2020-04-09T07:08:10","date_gmt":"2020-04-09T11:08:10","guid":{"rendered":"https:\/\/linitiative.ca\/International\/face-a-la-speculation-les-pharmaciens-appellent-a-fixer-le-prix-des-bavettes-medicales\/"},"modified":"2020-04-09T07:08:10","modified_gmt":"2020-04-09T11:08:10","slug":"face-a-la-speculation-les-pharmaciens-appellent-a-fixer-le-prix-des-bavettes-medicales","status":"publish","type":"post","link":"https:\/\/linitiative.ca\/International\/face-a-la-speculation-les-pharmaciens-appellent-a-fixer-le-prix-des-bavettes-medicales\/","title":{"rendered":"Face \u00e0 la sp\u00e9culation : Les pharmaciens appellent \u00e0 fixer le prix des bavettes m\u00e9dicales"},"content":{"rendered":"<p>Le conseil national de l\u2019ordre des pharmaciens de Tunisie a appel\u00e9, mercredi, le minist\u00e8re du Commerce \u00e0 fixer le prix des bavettes m\u00e9dicales apr\u00e8s concertations avec tous les intervenants du secteur face \u00e0 la p\u00e9nurie et \u00e0 la hausse des prix de ces masques m\u00e9dicaux constat\u00e9es aupr\u00e8s des pharmacies priv\u00e9es.<\/p>\n<p>Le conseil a, dans un communiqu\u00e9 publi\u00e9 mercredi, appel\u00e9 \u00e0 envisager la possibilit\u00e9 de r\u00e9duire les taxes douani\u00e8res sur les bavettes, et a sollicit\u00e9 le minist\u00e8re de la Sant\u00e9 \u00e0 fournir aux pharmaciens les masques n\u00e9cessaires \u00e0 leur protection pendant l\u2019exercice de leurs fonctions.<\/p>\n<p>Le conseil a fait part de la disposition des pharmaciens \u00e0 s\u2019engager dans la distribution des bavettes en tissu que des entreprises tunisiennes comptent fabriquer conform\u00e9ment \u00e0 des standards internationaux pour la lutte contre le coronavirus.<\/p>\n<p>En effet, la commission mixte regroupant des repr\u00e9sentants des minist\u00e8res de la Sant\u00e9 et de l\u2019Industrie a tenu, mercredi matin, une s\u00e9ance de travail consacr\u00e9e \u00e0 l\u2019adoption du cahier des charges relatif \u00e0 la fabrication et aux canaux de distribution des bavettes.<\/p>\n<div class=\"wp-post-author-wrap wp-post-author-shortcode left\">\n<h3 class=\"awpa-title\"\/>\n<div class=\"wp-post-author\">\n<div class=\"awpa-img awpa-author-block square\"><a href=\"http:\/\/lexpertjournal.net\/fr\/?author=5\"><img loading=\"lazy\" decoding=\"async\" alt=\"\" src=\"http:\/\/0.gravatar.com\/avatar\/97f8e10a1c1125ba104a76514ee07b16?s=150&amp;d=mm&amp;r=g\" srcset=\"http:\/\/0.gravatar.com\/avatar\/97f8e10a1c1125ba104a76514ee07b16?s=300&amp;d=mm&amp;r=g 2x\" class=\"avatar avatar-150 photo\" height=\"150\" width=\"150\"\/><\/a><\/div>\n<\/div>\n<\/div>\n<aside class=\"mashsb-container mashsb-main mashsb-stretched\">\n<\/aside>\n<p>Auteur: L&rsquo;expert<br \/>\n<a href=\"http:\/\/lexpertjournal.net\/fr\/?p=13772\">Cliquez ici pour lire l&rsquo;article depuis sa source.<\/a><\/p>\n","protected":false},"excerpt":{"rendered":"<p>Le conseil national de l\u2019ordre des pharmaciens de Tunisie a appel\u00e9, mercredi, le minist\u00e8re du Commerce \u00e0 fixer le prix des bavettes m\u00e9dicales apr\u00e8s concertations avec tous les intervenants du secteur face \u00e0 la p\u00e9nurie et \u00e0 la hausse des prix de ces masques m\u00e9dicaux constat\u00e9es aupr\u00e8s des pharmacies priv\u00e9es. Le conseil a, dans un [&hellip;]<\/p>\n","protected":false},"author":1775,"featured_media":0,"comment_status":"closed","ping_status":"closed","sticky":false,"template":"","format":"standard","meta":{"fifu_image_url":"","fifu_image_alt":"","footnotes":""},"categories":[78,55],"tags":[],"class_list":["post-81698","post","type-post","status-publish","format-standard","hentry","category-economie","category-tunisie"],"_links":{"self":[{"href":"https:\/\/linitiative.ca\/International\/wp-json\/wp\/v2\/posts\/81698","targetHints":{"allow":["GET"]}}],"collection":[{"href":"https:\/\/linitiative.ca\/International\/wp-json\/wp\/v2\/posts"}],"about":[{"href":"https:\/\/linitiative.ca\/International\/wp-json\/wp\/v2\/types\/post"}],"author":[{"embeddable":true,"href":"https:\/\/linitiative.ca\/International\/wp-json\/wp\/v2\/users\/1775"}],"replies":[{"embeddable":true,"href":"https:\/\/linitiative.ca\/International\/wp-json\/wp\/v2\/comments?post=81698"}],"version-history":[{"count":0,"href":"https:\/\/linitiative.ca\/International\/wp-json\/wp\/v2\/posts\/81698\/revisions"}],"wp:attachment":[{"href":"https:\/\/linitiative.ca\/International\/wp-json\/wp\/v2\/media?parent=81698"}],"wp:term":[{"taxonomy":"category","embeddable":true,"href":"https:\/\/linitiative.ca\/International\/wp-json\/wp\/v2\/categories?post=81698"},{"taxonomy":"post_tag","embeddable":true,"href":"https:\/\/linitiative.ca\/International\/wp-json\/wp\/v2\/tags?post=81698"}],"curies":[{"name":"wp","href":"https:\/\/api.w.org\/{rel}","templated":true}]}}