{"id":81702,"date":"2020-04-09T12:00:00","date_gmt":"2020-04-09T16:00:00","guid":{"rendered":"https:\/\/linitiative.ca\/International\/94-nouveaux-cas-confirmes-et-30-nouveaux-deces-en-algerie\/"},"modified":"2020-04-09T12:00:00","modified_gmt":"2020-04-09T16:00:00","slug":"94-nouveaux-cas-confirmes-et-30-nouveaux-deces-en-algerie","status":"publish","type":"post","link":"https:\/\/linitiative.ca\/International\/94-nouveaux-cas-confirmes-et-30-nouveaux-deces-en-algerie\/","title":{"rendered":"94 nouveaux cas confirm\u00e9s et 30 nouveaux d\u00e9c\u00e8s en Alg\u00e9rie"},"content":{"rendered":"<div id=\"originalText\" readability=\"40\">\n<p class=\"c6\">Quatre-vingt-quatorze nouveaux cas confirm\u00e9s\u00a0de coronavirus (Covid-19) ont \u00e9t\u00e9 enregistr\u00e9s en Alg\u00e9rie durant les\u00a0derni\u00e8res 24 heures portant ainsi le nombre de cas confirm\u00e9s \u00e0 1666, alors\u00a0que 30 nouveaux d\u00e9c\u00e8s ont \u00e9t\u00e9 enregistr\u00e9s entre la p\u00e9riode allant du 31\u00a0mars au 9 avril courant, portant le nombre des d\u00e9c\u00e8s \u00e0 235, selon le\u00a0\u00a0dernier bilan communiqu\u00e9 jeudi par le porte-parole du Comit\u00e9 scientifique\u00a0de suivi de l&rsquo;\u00e9volution de la pand\u00e9mie du Coronavirus, Djamel Fourar, lors\u00a0du point de presse quotidien consacr\u00e9 \u00e0 l&rsquo;\u00e9volution de la pand\u00e9mie.<\/p>\n<p class=\"c7\"><strong>APS<\/strong><\/p>\n<\/div>\n<div id=\"text_core\" readability=\"40\">\n<p class=\"c6\">Quatre-vingt-quatorze nouveaux cas confirm\u00e9s\u00a0de coronavirus (Covid-19) ont \u00e9t\u00e9 enregistr\u00e9s en Alg\u00e9rie durant les\u00a0derni\u00e8res 24 heures portant ainsi le nombre de cas confirm\u00e9s \u00e0 1666, alors\u00a0que 30 nouveaux d\u00e9c\u00e8s ont \u00e9t\u00e9 enregistr\u00e9s entre la p\u00e9riode allant du 31\u00a0mars au 9 avril courant, portant le nombre des d\u00e9c\u00e8s \u00e0 235, selon le\u00a0\u00a0dernier bilan communiqu\u00e9 jeudi par le porte-parole du Comit\u00e9 scientifique\u00a0de suivi de l&rsquo;\u00e9volution de la pand\u00e9mie du Coronavirus, Djamel Fourar, lors\u00a0du point de presse quotidien consacr\u00e9 \u00e0 l&rsquo;\u00e9volution de la pand\u00e9mie.<\/p>\n<p class=\"c7\"><strong>APS<\/strong><\/p>\n<\/div>\n<p>Auteur:<br \/>\n<a href=\"https:\/\/www.liberte-algerie.com\/actualite\/94-nouveaux-cas-confirmes-et-30-nouveaux-deces-en-algerie-337264\">Cliquez ici pour lire l&rsquo;article depuis sa source.<\/a><\/p>\n","protected":false},"excerpt":{"rendered":"<p>Quatre-vingt-quatorze nouveaux cas confirm\u00e9s\u00a0de coronavirus (Covid-19) ont \u00e9t\u00e9 enregistr\u00e9s en Alg\u00e9rie durant les\u00a0derni\u00e8res 24 heures portant ainsi le nombre de cas confirm\u00e9s \u00e0 1666, alors\u00a0que 30 nouveaux d\u00e9c\u00e8s ont \u00e9t\u00e9 enregistr\u00e9s entre la p\u00e9riode allant du 31\u00a0mars au 9 avril courant, portant le nombre des d\u00e9c\u00e8s \u00e0 235, selon le\u00a0\u00a0dernier bilan communiqu\u00e9 jeudi par le [&hellip;]<\/p>\n","protected":false},"author":1742,"featured_media":0,"comment_status":"closed","ping_status":"closed","sticky":false,"template":"","format":"standard","meta":{"fifu_image_url":"","fifu_image_alt":"","footnotes":""},"categories":[73,53],"tags":[],"class_list":["post-81702","post","type-post","status-publish","format-standard","hentry","category-actualite","category-algerie"],"_links":{"self":[{"href":"https:\/\/linitiative.ca\/International\/wp-json\/wp\/v2\/posts\/81702","targetHints":{"allow":["GET"]}}],"collection":[{"href":"https:\/\/linitiative.ca\/International\/wp-json\/wp\/v2\/posts"}],"about":[{"href":"https:\/\/linitiative.ca\/International\/wp-json\/wp\/v2\/types\/post"}],"author":[{"embeddable":true,"href":"https:\/\/linitiative.ca\/International\/wp-json\/wp\/v2\/users\/1742"}],"replies":[{"embeddable":true,"href":"https:\/\/linitiative.ca\/International\/wp-json\/wp\/v2\/comments?post=81702"}],"version-history":[{"count":0,"href":"https:\/\/linitiative.ca\/International\/wp-json\/wp\/v2\/posts\/81702\/revisions"}],"wp:attachment":[{"href":"https:\/\/linitiative.ca\/International\/wp-json\/wp\/v2\/media?parent=81702"}],"wp:term":[{"taxonomy":"category","embeddable":true,"href":"https:\/\/linitiative.ca\/International\/wp-json\/wp\/v2\/categories?post=81702"},{"taxonomy":"post_tag","embeddable":true,"href":"https:\/\/linitiative.ca\/International\/wp-json\/wp\/v2\/tags?post=81702"}],"curies":[{"name":"wp","href":"https:\/\/api.w.org\/{rel}","templated":true}]}}