{"id":81704,"date":"2020-04-09T11:09:29","date_gmt":"2020-04-09T15:09:29","guid":{"rendered":"https:\/\/linitiative.ca\/International\/la-dgsn-dement-le-demantelement-dun-reseau-ciblant-des-cadres-medicaux\/"},"modified":"2020-04-09T11:09:29","modified_gmt":"2020-04-09T15:09:29","slug":"la-dgsn-dement-le-demantelement-dun-reseau-ciblant-des-cadres-medicaux","status":"publish","type":"post","link":"https:\/\/linitiative.ca\/International\/la-dgsn-dement-le-demantelement-dun-reseau-ciblant-des-cadres-medicaux\/","title":{"rendered":"La DGSN d\u00e9ment le d\u00e9mant\u00e8lement d\u2019un r\u00e9seau ciblant des cadres m\u00e9dicaux"},"content":{"rendered":"<div class=\"single-featured\"><img alt=\"\" data-src=\"http:\/\/www.mapmarrakech.ma\/map\/uploads\/2020\/03\/DGSN-2.jpg\"\/><\/div>\n<div class=\"single-post-excerpt post-excerpt-bc\" readability=\"40\">\n<p>La Direction g\u00e9n\u00e9rale de la s\u00fbret\u00e9 nationale (DGSN) a cat\u00e9goriquement d\u00e9menti, jeudi, les fausses all\u00e9gations v\u00e9hicul\u00e9es sur les r\u00e9seaux sociaux et pr\u00e9tendant que les \u00e9l\u00e9ments du service pr\u00e9fectoral de s\u00fbret\u00e9 \u00e0 Marrakech ont d\u00e9mantel\u00e9, en p\u00e9riode de l\u2019\u00e9tat d\u2019urgence sanitaire, un r\u00e9seau criminel ciblant des cadres m\u00e9dicaux et infirmiers \u00e0 leur sortie de leur lieu de travail, en optant pour un modus operandi criminel consistant \u00e0 porter des masques de protection et des lunettes pour ne pas \u00eatre identifi\u00e9s.<\/p>\n<\/div>\n<div class=\"entry-content clearfix single-post-content\" readability=\"43\">\n<p>Tout en r\u00e9futant ces informations erron\u00e9es qui touchent au sentiment de s\u00e9curit\u00e9 chez les cadres m\u00e9dicaux et infirmiers qui se trouvent en premi\u00e8re ligne dans la lutte contre l\u2019\u00e9pid\u00e9mie du nouveau coronavirus, la DGSN souligne dans un communiqu\u00e9 qu\u2019une enqu\u00eate judiciaire a \u00e9t\u00e9 ouverte \u00e0 ce sujet sous la supervision du parquet comp\u00e9tent et que les expertises techniques n\u00e9cessaires on \u00e9t\u00e9 entam\u00e9es en vue d\u2019identifier le ou les individus derri\u00e8re ces rumeurs qui portent atteinte au sentiment g\u00e9n\u00e9ral de s\u00e9curit\u00e9.<\/p>\n<p>La DGSN pr\u00e9cise que l\u2019atteinte aux biens enregistr\u00e9e r\u00e9cemment par la pr\u00e9fecture de s\u00fbret\u00e9 de Marrakech a concern\u00e9 l\u2019arrestation d\u2019un individu soup\u00e7onn\u00e9 de vol \u00e0 l\u2019arrach\u00e9e, mais sans aucun cadre m\u00e9dical ou infirmer se trouve parmi ses victimes, ajoutant que cet individu a \u00e9t\u00e9 plac\u00e9 en garde \u00e0 vue \u00e0 la disposition de l\u2019enqu\u00eate pr\u00e9liminaire men\u00e9e sous la supervision du parquet comp\u00e9tent.<\/p>\n<\/div>\n<p>Auteur: Meriem IGASS<br \/>\n<a href=\"http:\/\/www.mapmarrakech.ma\/fr\/la-dgsn-dement-le-demantelement-dun-reseau-ciblant-des-cadres-medicaux\/\">Cliquez ici pour lire l&rsquo;article depuis sa source.<\/a><\/p>\n","protected":false},"excerpt":{"rendered":"<p>La Direction g\u00e9n\u00e9rale de la s\u00fbret\u00e9 nationale (DGSN) a cat\u00e9goriquement d\u00e9menti, jeudi, les fausses all\u00e9gations v\u00e9hicul\u00e9es sur les r\u00e9seaux sociaux et pr\u00e9tendant que les \u00e9l\u00e9ments du service pr\u00e9fectoral de s\u00fbret\u00e9 \u00e0 Marrakech ont d\u00e9mantel\u00e9, en p\u00e9riode de l\u2019\u00e9tat d\u2019urgence sanitaire, un r\u00e9seau criminel ciblant des cadres m\u00e9dicaux et infirmiers \u00e0 leur sortie de leur lieu [&hellip;]<\/p>\n","protected":false},"author":1788,"featured_media":81705,"comment_status":"closed","ping_status":"closed","sticky":false,"template":"","format":"standard","meta":{"fifu_image_url":"","fifu_image_alt":"","footnotes":""},"categories":[54,76],"tags":[],"class_list":["post-81704","post","type-post","status-publish","format-standard","has-post-thumbnail","hentry","category-maroc","category-regions"],"_links":{"self":[{"href":"https:\/\/linitiative.ca\/International\/wp-json\/wp\/v2\/posts\/81704","targetHints":{"allow":["GET"]}}],"collection":[{"href":"https:\/\/linitiative.ca\/International\/wp-json\/wp\/v2\/posts"}],"about":[{"href":"https:\/\/linitiative.ca\/International\/wp-json\/wp\/v2\/types\/post"}],"author":[{"embeddable":true,"href":"https:\/\/linitiative.ca\/International\/wp-json\/wp\/v2\/users\/1788"}],"replies":[{"embeddable":true,"href":"https:\/\/linitiative.ca\/International\/wp-json\/wp\/v2\/comments?post=81704"}],"version-history":[{"count":0,"href":"https:\/\/linitiative.ca\/International\/wp-json\/wp\/v2\/posts\/81704\/revisions"}],"wp:featuredmedia":[{"embeddable":true,"href":"https:\/\/linitiative.ca\/International\/wp-json\/"}],"wp:attachment":[{"href":"https:\/\/linitiative.ca\/International\/wp-json\/wp\/v2\/media?parent=81704"}],"wp:term":[{"taxonomy":"category","embeddable":true,"href":"https:\/\/linitiative.ca\/International\/wp-json\/wp\/v2\/categories?post=81704"},{"taxonomy":"post_tag","embeddable":true,"href":"https:\/\/linitiative.ca\/International\/wp-json\/wp\/v2\/tags?post=81704"}],"curies":[{"name":"wp","href":"https:\/\/api.w.org\/{rel}","templated":true}]}}