{"id":81707,"date":"2020-04-09T12:56:01","date_gmt":"2020-04-09T16:56:01","guid":{"rendered":"https:\/\/linitiative.ca\/International\/lespagne-dement-la-requisition-des-medicaments-destines-au-maroc\/"},"modified":"2020-04-09T12:56:01","modified_gmt":"2020-04-09T16:56:01","slug":"lespagne-dement-la-requisition-des-medicaments-destines-au-maroc","status":"publish","type":"post","link":"https:\/\/linitiative.ca\/International\/lespagne-dement-la-requisition-des-medicaments-destines-au-maroc\/","title":{"rendered":"L\u2019Espagne d\u00e9ment la r\u00e9quisition des m\u00e9dicaments destin\u00e9s au Maroc"},"content":{"rendered":"<div class=\"single-featured\"><img alt=\"\" data-src=\"http:\/\/www.mapmarrakech.ma\/map\/uploads\/2020\/04\/m&#xE9;dicaments.jpg\"\/><\/div>\n<div class=\"single-post-excerpt post-excerpt-bc\" readability=\"35\">\n<p>Rabat \u2013 L\u2019Espagne a d\u00e9menti, jeudi, l\u2019information relay\u00e9e par certains m\u00e9dias selon laquelle les autorit\u00e9s espagnoles auraient r\u00e9quisitionn\u00e9 des m\u00e9dicaments export\u00e9s vers le Maroc.<\/p>\n<\/div>\n<div class=\"entry-content clearfix single-post-content\" readability=\"65\">\n<p>\u00ab\u00a0L\u2019Ambassade d\u2019Espagne au Royaume du Maroc tient \u00e0 pr\u00e9ciser que l\u2019information reprise par plusieurs m\u00e9dias marocains selon laquelle l\u2019Espagne aurait r\u00e9quisitionn\u00e9 des m\u00e9dicaments destin\u00e9s \u00e0 \u00eatre export\u00e9s vers le Maroc n\u2019est pas fond\u00e9e\u00a0\u00bb, souligne la repr\u00e9sentation diplomatique espagnole au Maroc.<\/p>\n<p>Cette information fait r\u00e9f\u00e9rence \u00e0 trois lots sp\u00e9cifiques de m\u00e9dicaments destin\u00e9s au Maroc, qui ont tous \u00e9t\u00e9 autoris\u00e9s par l\u2019Agence espagnole des m\u00e9dicaments (AEMPS) pour \u00eatre export\u00e9s vers le Royaume, pr\u00e9cise l\u2019Ambassade dans un communiqu\u00e9 parvenu \u00e0 la MAP.<\/p>\n<p>\u00ab\u00a0En Espagne, comme dans d\u2019autres pays, en cas de besoin accru de m\u00e9dicaments, l\u2019Agence espagnole des m\u00e9dicaments (AEMPS) peut examiner et retenir provisoirement les lots destin\u00e9s \u00e0 l\u2019exportation pour analyser s\u2019ils sont conformes aux exigences\u00a0\u00bb, fait observer la m\u00eame source.<\/p>\n<p>\u00ab\u00a0Dans le cas concret du Royaume du Maroc, et comme pour les autres pays, la m\u00eame proc\u00e9dure a \u00e9t\u00e9 appliqu\u00e9e aux trois lots mentionn\u00e9s\u00a0\u00bb, ajoute l\u2019ambassade, assurant que, suite \u00e0 la v\u00e9rification de la conformit\u00e9 des m\u00e9dicaments aux exigences en vigueur, \u00ab\u00a0tous les lots ont \u00e9t\u00e9 autoris\u00e9s \u00e0 l\u2019exportation vers le Maroc\u00a0\u00bb.<\/p>\n<p>A ce sujet, l\u2019Ambassade r\u00e9it\u00e8re \u00ab\u00a0qu\u2019aucune r\u00e9quisition n\u2019a \u00e9t\u00e9 effectu\u00e9e par l\u2019Espagne des m\u00e9dicaments destin\u00e9s \u00e0 l\u2019exportation vers le Maroc\u00a0\u00bb.<\/p>\n<\/div>\n<p>Auteur: Meriem IGASS<br \/>\n<a href=\"http:\/\/www.mapmarrakech.ma\/fr\/lespagne-dement-la-requisition-des-medicaments-destines-au-maroc\/\">Cliquez ici pour lire l&rsquo;article depuis sa source.<\/a><\/p>\n","protected":false},"excerpt":{"rendered":"<p>Rabat \u2013 L\u2019Espagne a d\u00e9menti, jeudi, l\u2019information relay\u00e9e par certains m\u00e9dias selon laquelle les autorit\u00e9s espagnoles auraient r\u00e9quisitionn\u00e9 des m\u00e9dicaments export\u00e9s vers le Maroc. \u00ab\u00a0L\u2019Ambassade d\u2019Espagne au Royaume du Maroc tient \u00e0 pr\u00e9ciser que l\u2019information reprise par plusieurs m\u00e9dias marocains selon laquelle l\u2019Espagne aurait r\u00e9quisitionn\u00e9 des m\u00e9dicaments destin\u00e9s \u00e0 \u00eatre export\u00e9s vers le Maroc n\u2019est [&hellip;]<\/p>\n","protected":false},"author":1788,"featured_media":81708,"comment_status":"closed","ping_status":"closed","sticky":false,"template":"","format":"standard","meta":{"fifu_image_url":"","fifu_image_alt":"","footnotes":""},"categories":[54,76],"tags":[],"class_list":["post-81707","post","type-post","status-publish","format-standard","has-post-thumbnail","hentry","category-maroc","category-regions"],"_links":{"self":[{"href":"https:\/\/linitiative.ca\/International\/wp-json\/wp\/v2\/posts\/81707","targetHints":{"allow":["GET"]}}],"collection":[{"href":"https:\/\/linitiative.ca\/International\/wp-json\/wp\/v2\/posts"}],"about":[{"href":"https:\/\/linitiative.ca\/International\/wp-json\/wp\/v2\/types\/post"}],"author":[{"embeddable":true,"href":"https:\/\/linitiative.ca\/International\/wp-json\/wp\/v2\/users\/1788"}],"replies":[{"embeddable":true,"href":"https:\/\/linitiative.ca\/International\/wp-json\/wp\/v2\/comments?post=81707"}],"version-history":[{"count":0,"href":"https:\/\/linitiative.ca\/International\/wp-json\/wp\/v2\/posts\/81707\/revisions"}],"wp:featuredmedia":[{"embeddable":true,"href":"https:\/\/linitiative.ca\/International\/wp-json\/"}],"wp:attachment":[{"href":"https:\/\/linitiative.ca\/International\/wp-json\/wp\/v2\/media?parent=81707"}],"wp:term":[{"taxonomy":"category","embeddable":true,"href":"https:\/\/linitiative.ca\/International\/wp-json\/wp\/v2\/categories?post=81707"},{"taxonomy":"post_tag","embeddable":true,"href":"https:\/\/linitiative.ca\/International\/wp-json\/wp\/v2\/tags?post=81707"}],"curies":[{"name":"wp","href":"https:\/\/api.w.org\/{rel}","templated":true}]}}