{"id":81710,"date":"2020-04-09T14:16:31","date_gmt":"2020-04-09T18:16:31","guid":{"rendered":"https:\/\/linitiative.ca\/International\/99-nouveaux-cas-confirmes-au-maroc-1374-au-total\/"},"modified":"2020-04-09T14:16:31","modified_gmt":"2020-04-09T18:16:31","slug":"99-nouveaux-cas-confirmes-au-maroc-1374-au-total","status":"publish","type":"post","link":"https:\/\/linitiative.ca\/International\/99-nouveaux-cas-confirmes-au-maroc-1374-au-total\/","title":{"rendered":"99 nouveaux cas confirm\u00e9s au Maroc, 1374 au total"},"content":{"rendered":"<div class=\"single-featured\"><img alt=\"\" data-src=\"http:\/\/www.mapmarrakech.ma\/map\/uploads\/2020\/04\/El-Youbi_R-1.jpg\"\/><\/div>\n<div class=\"single-post-excerpt post-excerpt-bc\" readability=\"36\">\n<p>Quatre-vingt-dix-neuf (99) cas d\u2019infection au coronavirus (Covid-19) ont \u00e9t\u00e9 confirm\u00e9s au Maroc dans les derni\u00e8res 24 heures, portant \u00e0 1.374 le nombre total des cas de contamination, a annonc\u00e9 jeudi le minist\u00e8re de la Sant\u00e9.<\/p>\n<\/div>\n<div class=\"entry-content clearfix single-post-content\" readability=\"43\">\n<p>Le nombre de personnes d\u00e9clar\u00e9es gu\u00e9ries s\u2019est \u00e9lev\u00e9, jusqu\u2019\u00e0 jeudi \u00e0 18H00, \u00e0 109 cas (12 r\u00e9missions suppl\u00e9mentaires), alors que celui des d\u00e9c\u00e8s a atteint 97, apr\u00e8s l\u2019enregistrement de quatre nouveaux d\u00e9c\u00e8s lors des derni\u00e8res 24H, a indiqu\u00e9 le directeur de l\u2019\u00e9pid\u00e9miologie et de lutte contre les maladies au minist\u00e8re de la Sant\u00e9, Mohamed El Youbi, dans une d\u00e9claration retransmise par la MAP sur sa cha\u00eene de t\u00e9l\u00e9vision, M24 et RIM RADIO.<\/p>\n<\/div>\n<p>Auteur: Meriem IGASS<br \/>\n<a href=\"http:\/\/www.mapmarrakech.ma\/fr\/99-nouveaux-cas-confirmes-au-maroc-1374-au-total\/\">Cliquez ici pour lire l&rsquo;article depuis sa source.<\/a><\/p>\n","protected":false},"excerpt":{"rendered":"<p>Quatre-vingt-dix-neuf (99) cas d\u2019infection au coronavirus (Covid-19) ont \u00e9t\u00e9 confirm\u00e9s au Maroc dans les derni\u00e8res 24 heures, portant \u00e0 1.374 le nombre total des cas de contamination, a annonc\u00e9 jeudi le minist\u00e8re de la Sant\u00e9. Le nombre de personnes d\u00e9clar\u00e9es gu\u00e9ries s\u2019est \u00e9lev\u00e9, jusqu\u2019\u00e0 jeudi \u00e0 18H00, \u00e0 109 cas (12 r\u00e9missions suppl\u00e9mentaires), alors que [&hellip;]<\/p>\n","protected":false},"author":1788,"featured_media":81711,"comment_status":"closed","ping_status":"closed","sticky":false,"template":"","format":"standard","meta":{"fifu_image_url":"","fifu_image_alt":"","footnotes":""},"categories":[54,76],"tags":[],"class_list":["post-81710","post","type-post","status-publish","format-standard","has-post-thumbnail","hentry","category-maroc","category-regions"],"_links":{"self":[{"href":"https:\/\/linitiative.ca\/International\/wp-json\/wp\/v2\/posts\/81710","targetHints":{"allow":["GET"]}}],"collection":[{"href":"https:\/\/linitiative.ca\/International\/wp-json\/wp\/v2\/posts"}],"about":[{"href":"https:\/\/linitiative.ca\/International\/wp-json\/wp\/v2\/types\/post"}],"author":[{"embeddable":true,"href":"https:\/\/linitiative.ca\/International\/wp-json\/wp\/v2\/users\/1788"}],"replies":[{"embeddable":true,"href":"https:\/\/linitiative.ca\/International\/wp-json\/wp\/v2\/comments?post=81710"}],"version-history":[{"count":0,"href":"https:\/\/linitiative.ca\/International\/wp-json\/wp\/v2\/posts\/81710\/revisions"}],"wp:featuredmedia":[{"embeddable":true,"href":"https:\/\/linitiative.ca\/International\/wp-json\/"}],"wp:attachment":[{"href":"https:\/\/linitiative.ca\/International\/wp-json\/wp\/v2\/media?parent=81710"}],"wp:term":[{"taxonomy":"category","embeddable":true,"href":"https:\/\/linitiative.ca\/International\/wp-json\/wp\/v2\/categories?post=81710"},{"taxonomy":"post_tag","embeddable":true,"href":"https:\/\/linitiative.ca\/International\/wp-json\/wp\/v2\/tags?post=81710"}],"curies":[{"name":"wp","href":"https:\/\/api.w.org\/{rel}","templated":true}]}}