{"id":81712,"date":"2020-04-09T04:38:03","date_gmt":"2020-04-09T08:38:03","guid":{"rendered":"https:\/\/linitiative.ca\/International\/confection-de-45000-bavettes-et-2000-masques-de-protection-par-le-secteur-de-la-formation-professionnelle\/"},"modified":"2020-04-09T04:38:03","modified_gmt":"2020-04-09T08:38:03","slug":"confection-de-45000-bavettes-et-2000-masques-de-protection-par-le-secteur-de-la-formation-professionnelle","status":"publish","type":"post","link":"https:\/\/linitiative.ca\/International\/confection-de-45000-bavettes-et-2000-masques-de-protection-par-le-secteur-de-la-formation-professionnelle\/","title":{"rendered":"Confection de 45000 bavettes et 2000 masques de protection par le secteur de la formation professionnelle"},"content":{"rendered":"<p><span class=\"sp-nh-title\">OPEP+ : Arkab appelle \u00e0 une action d\u00e9cisive et imm\u00e9diate<\/span> &#8211; <span class=\"sp-nh-date\">jeudi 9 avril 2020 18:57<\/span><\/p>\n<p><span class=\"sp-nh-title\">Un projet \u00e0 vision globale pour redynamiser les Wakfs et la Zakat<\/span> &#8211; <span class=\"sp-nh-date\">jeudi 9 avril 2020 18:44<\/span><\/p>\n<p><span class=\"sp-nh-title\">Mohamed Nibouche et Drifa Khoudir, install\u00e9s dans leurs nouvelles fonctions<\/span> &#8211; <span class=\"sp-nh-date\">jeudi 9 avril 2020 18:32<\/span><\/p>\n<p><span class=\"sp-nh-title\">Report du jugement d\u2019Abdelghani Hamel et Noureddine Berrachdi au 3 mai\u00a0 \u00a0<\/span> &#8211; <span class=\"sp-nh-date\">jeudi 9 avril 2020 18:26<\/span><\/p>\n<p><span class=\"sp-nh-title\">Y\u00e9men: cessez-le-feu unilat\u00e9ral pour pr\u00e9venir une propagation du Covid-19<\/span> &#8211; <span class=\"sp-nh-date\">jeudi 9 avril 2020 18:09<\/span><\/p>\n<p><span class=\"sp-nh-title\">Revue El Dje\u00efch: une coh\u00e9rence totale entre le Pr\u00e9sident de la R\u00e9publique et l&rsquo;ANP<\/span> &#8211; <span class=\"sp-nh-date\">jeudi 9 avril 2020 17:40<\/span><\/p>\n<p><span class=\"sp-nh-title\">Coronavirus : 94 nouveaux cas confirm\u00e9s et 30 nouveaux d\u00e9c\u00e8s en Alg\u00e9rie<\/span> &#8211; <span class=\"sp-nh-date\">jeudi 9 avril 2020 17:34<\/span><\/p>\n<p><span class=\"sp-nh-title\">Destruction de six casemates pour terroristes \u00e0 M\u00e9d\u00e9a et Skikda<\/span> &#8211; <span class=\"sp-nh-date\">jeudi 9 avril 2020 17:02<\/span><\/p>\n<p><span class=\"sp-nh-title\">Covid-19 : l&rsquo;Alg\u00e9rie a opt\u00e9 pour la transparence dans la communication des donn\u00e9es\u00a0<\/span> &#8211; <span class=\"sp-nh-date\">jeudi 9 avril 2020 16:59<\/span><\/p>\n<p><span class=\"sp-nh-title\">P\u00e9trole : le prix du panier des bruts de l\u2019OPEP \u00e0 21,19 dollars<\/span> &#8211; <span class=\"sp-nh-date\">jeudi 9 avril 2020 13:27<\/span><\/p>\n<p><span class=\"sp-nh-title\">Fin de quarantaine pour 27 personnes \u00e0 l\u2019h\u00f4tel Mongorno \u00e0 Berrouaghia<\/span> &#8211; <span class=\"sp-nh-date\">jeudi 9 avril 2020 13:17<\/span><\/p>\n<p><span class=\"sp-nh-title\">M.Belhimer adresse ses condol\u00e9ances les plus attrist\u00e9es \u00e0 la famille du d\u00e9funt Mohamed Baghdadi<\/span> &#8211; <span class=\"sp-nh-date\">jeudi 9 avril 2020 12:59<\/span><\/p>\n<p><span class=\"sp-nh-title\">Ouargla\/Covid-19: r\u00e9ception d\u2019un premier lot de mat\u00e9riel m\u00e9dical de r\u00e9animation<\/span> &#8211; <span class=\"sp-nh-date\">jeudi 9 avril 2020 12:42<\/span><\/p>\n<p><span class=\"sp-nh-title\">Coronavirus: mise en oeuvre de mesures exceptionnelles de sauvegarde des entreprises<\/span> &#8211; <span class=\"sp-nh-date\">jeudi 9 avril 2020 12:32<\/span><\/p>\n<p><span class=\"sp-nh-title\">Covid-19: Sa\u00efdal dispose des moyens et des comp\u00e9tences n\u00e9cessaires pour produire la Chloroquine<\/span> &#8211; <span class=\"sp-nh-date\">jeudi 9 avril 2020 12:25<\/span><\/p>\n<p><span class=\"sp-nh-title\">Accidents de la route en zones urbaines: 6 morts et 142 bless\u00e9s en une semaine<\/span> &#8211; <span class=\"sp-nh-date\">jeudi 9 avril 2020 12:25<\/span><\/p>\n<p><span class=\"sp-nh-title\">Le G\u00e9n\u00e9ral Rachedi nomm\u00e9 directeur g\u00e9n\u00e9ral adjoint de la S\u00e9curit\u00e9 int\u00e9rieure<\/span> &#8211; <span class=\"sp-nh-date\">jeudi 9 avril 2020 12:12<\/span><\/p>\n<p><span class=\"sp-nh-title\">Foot \/ Covid-19 : les joueurs de l&rsquo;Acad\u00e9mie de Khemis Miliana passent au E-learning<\/span> &#8211; <span class=\"sp-nh-date\">jeudi 9 avril 2020 12:09<\/span><\/p>\n<p><span class=\"sp-nh-title\">Ouargla\/Covid-19: treize enseignants mobilis\u00e9s pour l\u2019enseignement \u00e0 distance du secondaire<\/span> &#8211; <span class=\"sp-nh-date\">jeudi 9 avril 2020 12:01<\/span><\/p>\n<p><span class=\"sp-nh-title\">Opep+: Une r\u00e9union exceptionnelle jeudi pour tenter d&rsquo;enrayer la chute des prix \u00a0<\/span> &#8211; <span class=\"sp-nh-date\">jeudi 9 avril 2020 11:05<\/span><\/p>\n<p>Auteur:<br \/>\n<a href=\"http:\/\/www.aps.dz\/regions\/103867-confection-de-45000-bavettes-et-2000-masques-de-protection-par-le-secteur-de-la-formation-professionnelle\">Cliquez ici pour lire l&rsquo;article depuis sa source.<\/a><\/p>\n","protected":false},"excerpt":{"rendered":"<p>OPEP+ : Arkab appelle \u00e0 une action d\u00e9cisive et imm\u00e9diate &#8211; jeudi 9 avril 2020 18:57 Un projet \u00e0 vision globale pour redynamiser les Wakfs et la Zakat &#8211; jeudi 9 avril 2020 18:44 Mohamed Nibouche et Drifa Khoudir, install\u00e9s dans leurs nouvelles fonctions &#8211; jeudi 9 avril 2020 18:32 Report du jugement d\u2019Abdelghani Hamel [&hellip;]<\/p>\n","protected":false},"author":1790,"featured_media":0,"comment_status":"closed","ping_status":"closed","sticky":false,"template":"","format":"standard","meta":{"fifu_image_url":"","fifu_image_alt":"","footnotes":""},"categories":[53,76],"tags":[],"class_list":["post-81712","post","type-post","status-publish","format-standard","hentry","category-algerie","category-regions"],"_links":{"self":[{"href":"https:\/\/linitiative.ca\/International\/wp-json\/wp\/v2\/posts\/81712","targetHints":{"allow":["GET"]}}],"collection":[{"href":"https:\/\/linitiative.ca\/International\/wp-json\/wp\/v2\/posts"}],"about":[{"href":"https:\/\/linitiative.ca\/International\/wp-json\/wp\/v2\/types\/post"}],"author":[{"embeddable":true,"href":"https:\/\/linitiative.ca\/International\/wp-json\/wp\/v2\/users\/1790"}],"replies":[{"embeddable":true,"href":"https:\/\/linitiative.ca\/International\/wp-json\/wp\/v2\/comments?post=81712"}],"version-history":[{"count":0,"href":"https:\/\/linitiative.ca\/International\/wp-json\/wp\/v2\/posts\/81712\/revisions"}],"wp:attachment":[{"href":"https:\/\/linitiative.ca\/International\/wp-json\/wp\/v2\/media?parent=81712"}],"wp:term":[{"taxonomy":"category","embeddable":true,"href":"https:\/\/linitiative.ca\/International\/wp-json\/wp\/v2\/categories?post=81712"},{"taxonomy":"post_tag","embeddable":true,"href":"https:\/\/linitiative.ca\/International\/wp-json\/wp\/v2\/tags?post=81712"}],"curies":[{"name":"wp","href":"https:\/\/api.w.org\/{rel}","templated":true}]}}