{"id":81715,"date":"2020-04-09T12:30:56","date_gmt":"2020-04-09T16:30:56","guid":{"rendered":"https:\/\/linitiative.ca\/International\/aucune-decision-de-fermeture-despaces-commerciaux-a-partir-de-vendredi\/"},"modified":"2020-04-09T12:30:56","modified_gmt":"2020-04-09T16:30:56","slug":"aucune-decision-de-fermeture-despaces-commerciaux-a-partir-de-vendredi","status":"publish","type":"post","link":"https:\/\/linitiative.ca\/International\/aucune-decision-de-fermeture-despaces-commerciaux-a-partir-de-vendredi\/","title":{"rendered":"Aucune d\u00e9cision de fermeture d\u2019espaces commerciaux \u00e0 partir de vendredi"},"content":{"rendered":"<div class=\"single-featured\"><img alt=\"\" data-src=\"http:\/\/www.mapoujda.ma\/map\/uploads\/2020\/04\/Fermeture-des-commerces-M750&#xD7;430-MAP-1.jpg\"\/><\/div>\n<div class=\"entry-content clearfix single-post-content\" readability=\"48\">\n<p class=\"c4\">Aucune d\u00e9cision de fermeture d\u2019espaces commerciaux \u00e0 partir de vendredi \u00e0 12h jusqu\u2019\u00e0 lundi n\u2019a \u00e9t\u00e9 prise, a indiqu\u00e9 jeudi le minist\u00e8re de l\u2019Int\u00e9rieur.<\/p>\n<p class=\"c4\">Dans une mise au point, le minist\u00e8re rel\u00e8ve que des posts, messages et s\u00e9quences vid\u00e9o ont \u00e9t\u00e9 publi\u00e9s sur les applications de messagerie instantan\u00e9e et les r\u00e9seaux sociaux selon lesquels il sera proc\u00e9d\u00e9 \u00e0 la fermeture de tous les espaces commerciaux et de vente de denr\u00e9es alimentaires \u00e0 partir de vendredi \u00e0 12H jusqu\u2019\u00e0 lundi.<\/p>\n<p class=\"c4\">Pour \u00e9clairer l\u2019opinion publique nationale, le minist\u00e8re de l\u2019Int\u00e9rieur souligne qu\u2019aucune d\u00e9cision de ce genre n\u2019a \u00e9t\u00e9 prise, ajoutant qu\u2019il n\u2019y a aucun changement dans les horaires de travail de l\u2019ensemble des activit\u00e9s commerciales qui continueront \u00e0 offrir leurs services et produits aux citoyens durant la p\u00e9riode de l\u2019\u00e9tat d\u2019urgence sanitaire.<\/p>\n<\/div>\n<p>Auteur: Soufiane ELAHMAR<br \/>\n<a href=\"http:\/\/www.mapoujda.ma\/fr\/aucune-decision-de-fermeture-despaces-commerciaux-a-partir-de-vendredi\/\">Cliquez ici pour lire l&rsquo;article depuis sa source.<\/a><\/p>\n","protected":false},"excerpt":{"rendered":"<p>Aucune d\u00e9cision de fermeture d\u2019espaces commerciaux \u00e0 partir de vendredi \u00e0 12h jusqu\u2019\u00e0 lundi n\u2019a \u00e9t\u00e9 prise, a indiqu\u00e9 jeudi le minist\u00e8re de l\u2019Int\u00e9rieur. Dans une mise au point, le minist\u00e8re rel\u00e8ve que des posts, messages et s\u00e9quences vid\u00e9o ont \u00e9t\u00e9 publi\u00e9s sur les applications de messagerie instantan\u00e9e et les r\u00e9seaux sociaux selon lesquels il [&hellip;]<\/p>\n","protected":false},"author":1788,"featured_media":81716,"comment_status":"closed","ping_status":"closed","sticky":false,"template":"","format":"standard","meta":{"fifu_image_url":"","fifu_image_alt":"","footnotes":""},"categories":[54,76],"tags":[],"class_list":["post-81715","post","type-post","status-publish","format-standard","has-post-thumbnail","hentry","category-maroc","category-regions"],"_links":{"self":[{"href":"https:\/\/linitiative.ca\/International\/wp-json\/wp\/v2\/posts\/81715","targetHints":{"allow":["GET"]}}],"collection":[{"href":"https:\/\/linitiative.ca\/International\/wp-json\/wp\/v2\/posts"}],"about":[{"href":"https:\/\/linitiative.ca\/International\/wp-json\/wp\/v2\/types\/post"}],"author":[{"embeddable":true,"href":"https:\/\/linitiative.ca\/International\/wp-json\/wp\/v2\/users\/1788"}],"replies":[{"embeddable":true,"href":"https:\/\/linitiative.ca\/International\/wp-json\/wp\/v2\/comments?post=81715"}],"version-history":[{"count":0,"href":"https:\/\/linitiative.ca\/International\/wp-json\/wp\/v2\/posts\/81715\/revisions"}],"wp:featuredmedia":[{"embeddable":true,"href":"https:\/\/linitiative.ca\/International\/wp-json\/"}],"wp:attachment":[{"href":"https:\/\/linitiative.ca\/International\/wp-json\/wp\/v2\/media?parent=81715"}],"wp:term":[{"taxonomy":"category","embeddable":true,"href":"https:\/\/linitiative.ca\/International\/wp-json\/wp\/v2\/categories?post=81715"},{"taxonomy":"post_tag","embeddable":true,"href":"https:\/\/linitiative.ca\/International\/wp-json\/wp\/v2\/tags?post=81715"}],"curies":[{"name":"wp","href":"https:\/\/api.w.org\/{rel}","templated":true}]}}