{"id":81717,"date":"2020-04-09T12:47:00","date_gmt":"2020-04-09T16:47:00","guid":{"rendered":"https:\/\/linitiative.ca\/International\/interdiction-de-la-vente-en-detail-des-masques-de-protection\/"},"modified":"2020-04-09T12:47:00","modified_gmt":"2020-04-09T16:47:00","slug":"interdiction-de-la-vente-en-detail-des-masques-de-protection","status":"publish","type":"post","link":"https:\/\/linitiative.ca\/International\/interdiction-de-la-vente-en-detail-des-masques-de-protection\/","title":{"rendered":"Interdiction de la vente en d\u00e9tail des masques de protection"},"content":{"rendered":"<div class=\"single-featured\"><img alt=\"\" data-src=\"http:\/\/www.mapoujda.ma\/map\/uploads\/2020\/04\/Minist&#xE8;re-de-l&#x2019;Industrie-du-Commerce-de-l&#x2019;&#xC9;conomie-Verte-et-Num&#xE9;rique-M750&#xD7;430-MAP.jpg\"\/><\/div>\n<div class=\"entry-content clearfix single-post-content\" readability=\"51\">\n<p class=\"c4\">La vente en d\u00e9tail des maques de protection est interdite, a annonc\u00e9, jeudi, le minist\u00e8re de l\u2019Industrie, du commerce et de l\u2019\u00e9conomie verte et num\u00e9rique.<\/p>\n<p class=\"c4\">En vue de pr\u00e9server la sant\u00e9 des citoyens et \u00e9viter leur contamination par le nouveau Coronavirus, la vente en d\u00e9tail des masques de protection est formellement interdite, a soulign\u00e9 le minist\u00e8re dans un communiqu\u00e9, ajoutant que des mesures juridiques r\u00e9pressives seront prises \u00e0 l\u2019encontre des contrevenants.<\/p>\n<p class=\"c4\">Dans le cadre des mesures visant \u00e0 approvisionner le march\u00e9 en masques de protection et lutter contre la propagation de la pand\u00e9mie, les autorit\u00e9s gouvernementales ont invit\u00e9 les unit\u00e9s de production \u00e0 empiler les masques de protection dans des packs de 10 unit\u00e9s, a not\u00e9 la m\u00eame source.<\/p>\n<\/div>\n<p>Auteur: Soufiane ELAHMAR<br \/>\n<a href=\"http:\/\/www.mapoujda.ma\/fr\/interdiction-de-la-vente-en-detail-des-masques-de-protection\/\">Cliquez ici pour lire l&rsquo;article depuis sa source.<\/a><\/p>\n","protected":false},"excerpt":{"rendered":"<p>La vente en d\u00e9tail des maques de protection est interdite, a annonc\u00e9, jeudi, le minist\u00e8re de l\u2019Industrie, du commerce et de l\u2019\u00e9conomie verte et num\u00e9rique. En vue de pr\u00e9server la sant\u00e9 des citoyens et \u00e9viter leur contamination par le nouveau Coronavirus, la vente en d\u00e9tail des masques de protection est formellement interdite, a soulign\u00e9 le [&hellip;]<\/p>\n","protected":false},"author":1788,"featured_media":81718,"comment_status":"closed","ping_status":"closed","sticky":false,"template":"","format":"standard","meta":{"fifu_image_url":"","fifu_image_alt":"","footnotes":""},"categories":[54,76],"tags":[],"class_list":["post-81717","post","type-post","status-publish","format-standard","has-post-thumbnail","hentry","category-maroc","category-regions"],"_links":{"self":[{"href":"https:\/\/linitiative.ca\/International\/wp-json\/wp\/v2\/posts\/81717","targetHints":{"allow":["GET"]}}],"collection":[{"href":"https:\/\/linitiative.ca\/International\/wp-json\/wp\/v2\/posts"}],"about":[{"href":"https:\/\/linitiative.ca\/International\/wp-json\/wp\/v2\/types\/post"}],"author":[{"embeddable":true,"href":"https:\/\/linitiative.ca\/International\/wp-json\/wp\/v2\/users\/1788"}],"replies":[{"embeddable":true,"href":"https:\/\/linitiative.ca\/International\/wp-json\/wp\/v2\/comments?post=81717"}],"version-history":[{"count":0,"href":"https:\/\/linitiative.ca\/International\/wp-json\/wp\/v2\/posts\/81717\/revisions"}],"wp:featuredmedia":[{"embeddable":true,"href":"https:\/\/linitiative.ca\/International\/wp-json\/"}],"wp:attachment":[{"href":"https:\/\/linitiative.ca\/International\/wp-json\/wp\/v2\/media?parent=81717"}],"wp:term":[{"taxonomy":"category","embeddable":true,"href":"https:\/\/linitiative.ca\/International\/wp-json\/wp\/v2\/categories?post=81717"},{"taxonomy":"post_tag","embeddable":true,"href":"https:\/\/linitiative.ca\/International\/wp-json\/wp\/v2\/tags?post=81717"}],"curies":[{"name":"wp","href":"https:\/\/api.w.org\/{rel}","templated":true}]}}