{"id":81719,"date":"2020-04-09T13:24:11","date_gmt":"2020-04-09T17:24:11","guid":{"rendered":"https:\/\/linitiative.ca\/International\/enseignement-superieur-pas-de-concours-avant-le-bac\/"},"modified":"2020-04-09T13:24:11","modified_gmt":"2020-04-09T17:24:11","slug":"enseignement-superieur-pas-de-concours-avant-le-bac","status":"publish","type":"post","link":"https:\/\/linitiative.ca\/International\/enseignement-superieur-pas-de-concours-avant-le-bac\/","title":{"rendered":"Enseignement sup\u00e9rieur: Pas de concours avant le bac"},"content":{"rendered":"<div class=\"author\" readability=\"5.69491525424\">Par <a href=\"\/content\/ahlam-nazih\"> Ahlam NAZIH<\/a> <a href=\"\/node\/\"> <\/a> | Edition N\u00b0:5738 Le 10\/04\/2020 | Partager <\/div>\n<div class=\"body\">\n<div class=\"field field-name-body field-type-text-with-summary field-label-hidden\">\n<div class=\"field-items\" readability=\"9\">\n<div class=\"field-item even\" property=\"content:encoded\" readability=\"13\">\n<p>En l\u2019absence de visibilit\u00e9 sur l\u2019\u00e9volution de la pand\u00e9mie, ainsi que sur l\u2019examen du baccalaur\u00e9at, le mi\u00adnist\u00e8re de l\u2019Enseignement sup\u00e9rieur pr\u00e9f\u00e8re reporter tous les concours. Qu\u2019ils soient publics ou priv\u00e9s, tous les \u00e9tablissements sont invit\u00e9s \u00e0 ne pas programmer de concours de s\u00e9lection avant les examens du bac.<br \/><em>A.Na<\/em><\/p>\n<\/div>\n<\/div>\n<\/div>\n<\/div>\n<div class=\"eco-conseil\">\n<div class=\"view view-eco-conseil-16 view-id-eco_conseil_16 view-display-id-cookies view-dom-id-2cbdfbcf7ca52f46c727cce4ada24582\">\n<div class=\"view-content\">\n<div id=\"views-bootstrap-grid-1\" class=\"views-bootstrap-grid-plugin-style\">\n<div class=\"row\">\n<div class=\" col-xs-12 col-lg-4\">\n<div class=\"row\">\n<div class=\"col col-xs-12 col-lg-12\">\n<div class=\"field-content\"><a href=\"\/article\/1060305-femmes-violentees-appelez-le-8350-pour-donner-l-alerte\"><img loading=\"lazy\" decoding=\"async\" class=\"img-responsive\" typeof=\"foaf:Image\" src=\"https:\/\/www.leconomiste.com\/sites\/default\/files\/eco7\/public\/styles\/800x400\/public\/default_images\/default_une.jpg?itok=4jZlgnIZ\" width=\"660\" height=\"330\" alt=\"\"\/><\/a><\/div>\n<\/div>\n<div class=\" title_suite_2 col col-xs-12 col-lg-12\"> <a href=\"\/article\/1060305-femmes-violentees-appelez-le-8350-pour-donner-l-alerte\"\/><span class=\"field-content\">Femmes violent\u00e9es: Appelez le 8350 pour donner l\u2019alerte<\/span><\/div>\n<\/div>\n<\/div>\n<div class=\" col-xs-12 col-lg-4\">\n<div class=\"row\">\n<div class=\"col col-xs-12 col-lg-12\">\n<div class=\"field-content\"><a href=\"\/article\/1060304-la-berd-et-l-ue-forment-les-femmes-d-affaires-marocaines\"><img loading=\"lazy\" decoding=\"async\" class=\"img-responsive\" typeof=\"foaf:Image\" src=\"https:\/\/www.leconomiste.com\/sites\/default\/files\/eco7\/public\/styles\/800x400\/public\/default_images\/default_une.jpg?itok=4jZlgnIZ\" width=\"660\" height=\"330\" alt=\"\"\/><\/a><\/div>\n<\/div>\n<div class=\" title_suite_2 col col-xs-12 col-lg-12\"> <a href=\"\/article\/1060304-la-berd-et-l-ue-forment-les-femmes-d-affaires-marocaines\"\/><span class=\"field-content\">La Berd et l\u2019UE forment les femmes d\u2019affaires marocaines<\/span><\/div>\n<\/div>\n<\/div>\n<div class=\" col-xs-12 col-lg-4\">\n<div class=\"row\">\n<div class=\"col col-xs-12 col-lg-12\">\n<div class=\"field-content\"><a href=\"\/article\/1060303-casablanca-enfin-le-parc-provisoire-de-bus-en-circulation\"><img loading=\"lazy\" decoding=\"async\" class=\"img-responsive\" typeof=\"foaf:Image\" src=\"https:\/\/www.leconomiste.com\/sites\/default\/files\/eco7\/public\/styles\/800x400\/public\/default_images\/default_une.jpg?itok=4jZlgnIZ\" width=\"660\" height=\"330\" alt=\"\"\/><\/a><\/div>\n<\/div>\n<div class=\" title_suite_2 col col-xs-12 col-lg-12\"> <a href=\"\/article\/1060303-casablanca-enfin-le-parc-provisoire-de-bus-en-circulation\"\/><span class=\"field-content\">Casablanca: Enfin le parc provisoire de bus en circulation!<\/span><\/div>\n<\/div>\n<\/div>\n<\/div>\n<\/div>\n<\/div>\n<\/div>\n<\/div>\n<p>Auteur: hlafriqi<br \/>\n<a href=\"https:\/\/www.leconomiste.com\/article\/1060301-enseignement-superieur-pas-de-concours-avant-le-bac\">Cliquez ici pour lire l&rsquo;article depuis sa source.<\/a><\/p>\n","protected":false},"excerpt":{"rendered":"<p>Par Ahlam NAZIH | Edition N\u00b0:5738 Le 10\/04\/2020 | Partager En l\u2019absence de visibilit\u00e9 sur l\u2019\u00e9volution de la pand\u00e9mie, ainsi que sur l\u2019examen du baccalaur\u00e9at, le mi\u00adnist\u00e8re de l\u2019Enseignement sup\u00e9rieur pr\u00e9f\u00e8re reporter tous les concours. Qu\u2019ils soient publics ou priv\u00e9s, tous les \u00e9tablissements sont invit\u00e9s \u00e0 ne pas programmer de concours de s\u00e9lection avant les [&hellip;]<\/p>\n","protected":false},"author":1763,"featured_media":0,"comment_status":"closed","ping_status":"closed","sticky":false,"template":"","format":"standard","meta":{"fifu_image_url":"","fifu_image_alt":"","footnotes":""},"categories":[78,54],"tags":[],"class_list":["post-81719","post","type-post","status-publish","format-standard","hentry","category-economie","category-maroc"],"_links":{"self":[{"href":"https:\/\/linitiative.ca\/International\/wp-json\/wp\/v2\/posts\/81719","targetHints":{"allow":["GET"]}}],"collection":[{"href":"https:\/\/linitiative.ca\/International\/wp-json\/wp\/v2\/posts"}],"about":[{"href":"https:\/\/linitiative.ca\/International\/wp-json\/wp\/v2\/types\/post"}],"author":[{"embeddable":true,"href":"https:\/\/linitiative.ca\/International\/wp-json\/wp\/v2\/users\/1763"}],"replies":[{"embeddable":true,"href":"https:\/\/linitiative.ca\/International\/wp-json\/wp\/v2\/comments?post=81719"}],"version-history":[{"count":0,"href":"https:\/\/linitiative.ca\/International\/wp-json\/wp\/v2\/posts\/81719\/revisions"}],"wp:attachment":[{"href":"https:\/\/linitiative.ca\/International\/wp-json\/wp\/v2\/media?parent=81719"}],"wp:term":[{"taxonomy":"category","embeddable":true,"href":"https:\/\/linitiative.ca\/International\/wp-json\/wp\/v2\/categories?post=81719"},{"taxonomy":"post_tag","embeddable":true,"href":"https:\/\/linitiative.ca\/International\/wp-json\/wp\/v2\/tags?post=81719"}],"curies":[{"name":"wp","href":"https:\/\/api.w.org\/{rel}","templated":true}]}}