{"id":81720,"date":"2020-04-09T13:25:21","date_gmt":"2020-04-09T17:25:21","guid":{"rendered":"https:\/\/linitiative.ca\/International\/les-delais-de-livraison-du-courrier-rallonges\/"},"modified":"2020-04-09T13:25:21","modified_gmt":"2020-04-09T17:25:21","slug":"les-delais-de-livraison-du-courrier-rallonges","status":"publish","type":"post","link":"https:\/\/linitiative.ca\/International\/les-delais-de-livraison-du-courrier-rallonges\/","title":{"rendered":"Les d\u00e9lais de livraison du courrier rallong\u00e9s"},"content":{"rendered":"<div class=\"body\">\n<div class=\"field field-name-body field-type-text-with-summary field-label-hidden\">\n<div class=\"field-items\" readability=\"8.5\">\n<div class=\"field-item even\" property=\"content:encoded\" readability=\"12\">\n<p class=\"rtejustify\">Les d\u00e9lais de garde des lettres ordi\u00adnaires et recommand\u00e9es destin\u00e9es \u00e0 l\u2019\u00e9tranger pourraient s\u2019allonger. En ef\u00adfet, Poste Maroc annonce que le cour\u00adrier sera gard\u00e9 plus longtemps dans ses plateformes avant d\u2019\u00eatre confi\u00e9 aux transporteurs a\u00e9riens en vue de son acheminement \u00e0 destination. Une situation qui s\u2019explique par la r\u00e9duc\u00adtion de la capacit\u00e9 des r\u00e9seaux postaux dans de nombreux pays touch\u00e9s par le covid-19 et la suspension de certains vols. Depuis la crise, seules quelques compagnies a\u00e9riennes assurent r\u00e9gu\u00adli\u00e8rement des vols cargo.<br \/><em>H.E.<\/em><\/p>\n<\/div>\n<\/div>\n<\/div>\n<\/div>\n<div class=\"eco-conseil\">\n<div class=\"view view-eco-conseil-16 view-id-eco_conseil_16 view-display-id-cookies view-dom-id-f181b080d25d55ca27de4660d88b7726\">\n<div class=\"view-content\">\n<div id=\"views-bootstrap-grid-1\" class=\"views-bootstrap-grid-plugin-style\">\n<div class=\"row\">\n<div class=\" col-xs-12 col-lg-4\">\n<div class=\"row\">\n<div class=\"col col-xs-12 col-lg-12\">\n<div class=\"field-content\"><a href=\"\/article\/1060305-femmes-violentees-appelez-le-8350-pour-donner-l-alerte\"><img loading=\"lazy\" decoding=\"async\" class=\"img-responsive\" typeof=\"foaf:Image\" src=\"https:\/\/www.leconomiste.com\/sites\/default\/files\/eco7\/public\/styles\/800x400\/public\/default_images\/default_une.jpg?itok=4jZlgnIZ\" width=\"660\" height=\"330\" alt=\"\"\/><\/a><\/div>\n<\/div>\n<div class=\" title_suite_2 col col-xs-12 col-lg-12\"> <a href=\"\/article\/1060305-femmes-violentees-appelez-le-8350-pour-donner-l-alerte\"\/><span class=\"field-content\">Femmes violent\u00e9es: Appelez le 8350 pour donner l\u2019alerte<\/span><\/div>\n<\/div>\n<\/div>\n<div class=\" col-xs-12 col-lg-4\">\n<div class=\"row\">\n<div class=\"col col-xs-12 col-lg-12\">\n<div class=\"field-content\"><a href=\"\/article\/1060304-la-berd-et-l-ue-forment-les-femmes-d-affaires-marocaines\"><img loading=\"lazy\" decoding=\"async\" class=\"img-responsive\" typeof=\"foaf:Image\" src=\"https:\/\/www.leconomiste.com\/sites\/default\/files\/eco7\/public\/styles\/800x400\/public\/default_images\/default_une.jpg?itok=4jZlgnIZ\" width=\"660\" height=\"330\" alt=\"\"\/><\/a><\/div>\n<\/div>\n<div class=\" title_suite_2 col col-xs-12 col-lg-12\"> <a href=\"\/article\/1060304-la-berd-et-l-ue-forment-les-femmes-d-affaires-marocaines\"\/><span class=\"field-content\">La Berd et l\u2019UE forment les femmes d\u2019affaires marocaines<\/span><\/div>\n<\/div>\n<\/div>\n<div class=\" col-xs-12 col-lg-4\">\n<div class=\"row\">\n<div class=\"col col-xs-12 col-lg-12\">\n<div class=\"field-content\"><a href=\"\/article\/1060303-casablanca-enfin-le-parc-provisoire-de-bus-en-circulation\"><img loading=\"lazy\" decoding=\"async\" class=\"img-responsive\" typeof=\"foaf:Image\" src=\"https:\/\/www.leconomiste.com\/sites\/default\/files\/eco7\/public\/styles\/800x400\/public\/default_images\/default_une.jpg?itok=4jZlgnIZ\" width=\"660\" height=\"330\" alt=\"\"\/><\/a><\/div>\n<\/div>\n<div class=\" title_suite_2 col col-xs-12 col-lg-12\"> <a href=\"\/article\/1060303-casablanca-enfin-le-parc-provisoire-de-bus-en-circulation\"\/><span class=\"field-content\">Casablanca: Enfin le parc provisoire de bus en circulation!<\/span><\/div>\n<\/div>\n<\/div>\n<\/div>\n<\/div>\n<\/div>\n<\/div>\n<\/div>\n<p>Auteur: hlafriqi<br \/>\n<a href=\"https:\/\/www.leconomiste.com\/article\/1060302-les-delais-de-livraison-du-courrier-rallonges\">Cliquez ici pour lire l&rsquo;article depuis sa source.<\/a><\/p>\n","protected":false},"excerpt":{"rendered":"<p>Les d\u00e9lais de garde des lettres ordi\u00adnaires et recommand\u00e9es destin\u00e9es \u00e0 l\u2019\u00e9tranger pourraient s\u2019allonger. En ef\u00adfet, Poste Maroc annonce que le cour\u00adrier sera gard\u00e9 plus longtemps dans ses plateformes avant d\u2019\u00eatre confi\u00e9 aux transporteurs a\u00e9riens en vue de son acheminement \u00e0 destination. Une situation qui s\u2019explique par la r\u00e9duc\u00adtion de la capacit\u00e9 des r\u00e9seaux postaux [&hellip;]<\/p>\n","protected":false},"author":1763,"featured_media":0,"comment_status":"closed","ping_status":"closed","sticky":false,"template":"","format":"standard","meta":{"fifu_image_url":"","fifu_image_alt":"","footnotes":""},"categories":[78,54],"tags":[],"class_list":["post-81720","post","type-post","status-publish","format-standard","hentry","category-economie","category-maroc"],"_links":{"self":[{"href":"https:\/\/linitiative.ca\/International\/wp-json\/wp\/v2\/posts\/81720","targetHints":{"allow":["GET"]}}],"collection":[{"href":"https:\/\/linitiative.ca\/International\/wp-json\/wp\/v2\/posts"}],"about":[{"href":"https:\/\/linitiative.ca\/International\/wp-json\/wp\/v2\/types\/post"}],"author":[{"embeddable":true,"href":"https:\/\/linitiative.ca\/International\/wp-json\/wp\/v2\/users\/1763"}],"replies":[{"embeddable":true,"href":"https:\/\/linitiative.ca\/International\/wp-json\/wp\/v2\/comments?post=81720"}],"version-history":[{"count":0,"href":"https:\/\/linitiative.ca\/International\/wp-json\/wp\/v2\/posts\/81720\/revisions"}],"wp:attachment":[{"href":"https:\/\/linitiative.ca\/International\/wp-json\/wp\/v2\/media?parent=81720"}],"wp:term":[{"taxonomy":"category","embeddable":true,"href":"https:\/\/linitiative.ca\/International\/wp-json\/wp\/v2\/categories?post=81720"},{"taxonomy":"post_tag","embeddable":true,"href":"https:\/\/linitiative.ca\/International\/wp-json\/wp\/v2\/tags?post=81720"}],"curies":[{"name":"wp","href":"https:\/\/api.w.org\/{rel}","templated":true}]}}