{"id":81721,"date":"2020-04-09T13:26:50","date_gmt":"2020-04-09T17:26:50","guid":{"rendered":"https:\/\/linitiative.ca\/International\/casablanca-enfin-le-parc-provisoire-de-bus-en-circulation\/"},"modified":"2020-04-09T13:26:50","modified_gmt":"2020-04-09T17:26:50","slug":"casablanca-enfin-le-parc-provisoire-de-bus-en-circulation","status":"publish","type":"post","link":"https:\/\/linitiative.ca\/International\/casablanca-enfin-le-parc-provisoire-de-bus-en-circulation\/","title":{"rendered":"Casablanca: Enfin  le parc provisoire de bus en circulation!"},"content":{"rendered":"<div class=\"body\">\n<div class=\"field field-name-body field-type-text-with-summary field-label-hidden\">\n<div class=\"field-items\" readability=\"11\">\n<div class=\"field-item even\" property=\"content:encoded\" readability=\"17\">\n<p class=\"rtejustify\">La flotte provisoire des bus Alsa est enfin mise en circulation, ce jeudi 9 avril \u00e0 Casablanca. Les usagers de bus \u00e0 Casablanca ont pu aujourd\u2019hui emprunter ces v\u00e9hicules d\u2019occasion, import\u00e9s d\u2019Europe, qui remplacent les bus d\u00e9glingu\u00e9s de l\u2019ancien d\u00e9l\u00e9gataire (M\u2019Dina Bus). Il s\u2019agit d\u2019un parc provisoire en at\u00adtendant l\u2019arriv\u00e9e de la nouvelle flotte de 700 bus programm\u00e9e pour 2021. Ce parc de 400 bus d\u2019occasion a \u00e9t\u00e9 command\u00e9 par l\u2019exploitant (Alsa) afin d\u2019assurer le service pendant une p\u00e9riode de transition. La moyenne d\u2019\u00e2ge des v\u00e9hicules (de marque Mer\u00adcedes, Scania, Man\u2026) varie entre 9 et 14 ans. Quant au prix unitaire, il s\u2019\u00e9l\u00e8ve \u00e0 300.000 DH environ, soit 140 millions de DH pour un total de 400 v\u00e9hicules.<br \/><em>\u00a0A.E.<\/em><\/p>\n<\/div>\n<\/div>\n<\/div>\n<\/div>\n<div class=\"eco-conseil\">\n<div class=\"view view-eco-conseil-16 view-id-eco_conseil_16 view-display-id-cookies view-dom-id-8b6cf7f9c341c4216d4dd0175ddf6d5d\">\n<div class=\"view-content\">\n<div id=\"views-bootstrap-grid-1\" class=\"views-bootstrap-grid-plugin-style\">\n<div class=\"row\">\n<div class=\" col-xs-12 col-lg-4\">\n<div class=\"row\">\n<div class=\"col col-xs-12 col-lg-12\">\n<div class=\"field-content\"><a href=\"\/article\/1060305-femmes-violentees-appelez-le-8350-pour-donner-l-alerte\"><img loading=\"lazy\" decoding=\"async\" class=\"img-responsive\" typeof=\"foaf:Image\" src=\"https:\/\/www.leconomiste.com\/sites\/default\/files\/eco7\/public\/styles\/800x400\/public\/default_images\/default_une.jpg?itok=4jZlgnIZ\" width=\"660\" height=\"330\" alt=\"\"\/><\/a><\/div>\n<\/div>\n<div class=\" title_suite_2 col col-xs-12 col-lg-12\"> <a href=\"\/article\/1060305-femmes-violentees-appelez-le-8350-pour-donner-l-alerte\"\/><span class=\"field-content\">Femmes violent\u00e9es: Appelez le 8350 pour donner l\u2019alerte<\/span><\/div>\n<\/div>\n<\/div>\n<div class=\" col-xs-12 col-lg-4\">\n<div class=\"row\">\n<div class=\"col col-xs-12 col-lg-12\">\n<div class=\"field-content\"><a href=\"\/article\/1060304-la-berd-et-l-ue-forment-les-femmes-d-affaires-marocaines\"><img loading=\"lazy\" decoding=\"async\" class=\"img-responsive\" typeof=\"foaf:Image\" src=\"https:\/\/www.leconomiste.com\/sites\/default\/files\/eco7\/public\/styles\/800x400\/public\/default_images\/default_une.jpg?itok=4jZlgnIZ\" width=\"660\" height=\"330\" alt=\"\"\/><\/a><\/div>\n<\/div>\n<div class=\" title_suite_2 col col-xs-12 col-lg-12\"> <a href=\"\/article\/1060304-la-berd-et-l-ue-forment-les-femmes-d-affaires-marocaines\"\/><span class=\"field-content\">La Berd et l\u2019UE forment les femmes d\u2019affaires marocaines<\/span><\/div>\n<\/div>\n<\/div>\n<div class=\" col-xs-12 col-lg-4\">\n<div class=\"row\">\n<div class=\"col col-xs-12 col-lg-12\">\n<div class=\"field-content\"><a href=\"\/article\/1060302-les-delais-de-livraison-du-courrier-rallonges\"><img loading=\"lazy\" decoding=\"async\" class=\"img-responsive\" typeof=\"foaf:Image\" src=\"https:\/\/www.leconomiste.com\/sites\/default\/files\/eco7\/public\/styles\/800x400\/public\/default_images\/default_une.jpg?itok=4jZlgnIZ\" width=\"660\" height=\"330\" alt=\"\"\/><\/a><\/div>\n<\/div>\n<div class=\" title_suite_2 col col-xs-12 col-lg-12\"> <a href=\"\/article\/1060302-les-delais-de-livraison-du-courrier-rallonges\"\/><span class=\"field-content\">Les d\u00e9lais de livraison du courrier rallong\u00e9s<\/span><\/div>\n<\/div>\n<\/div>\n<\/div>\n<\/div>\n<\/div>\n<\/div>\n<\/div>\n<p>Auteur: hlafriqi<br \/>\n<a href=\"https:\/\/www.leconomiste.com\/article\/1060303-casablanca-enfin-le-parc-provisoire-de-bus-en-circulation\">Cliquez ici pour lire l&rsquo;article depuis sa source.<\/a><\/p>\n","protected":false},"excerpt":{"rendered":"<p>La flotte provisoire des bus Alsa est enfin mise en circulation, ce jeudi 9 avril \u00e0 Casablanca. Les usagers de bus \u00e0 Casablanca ont pu aujourd\u2019hui emprunter ces v\u00e9hicules d\u2019occasion, import\u00e9s d\u2019Europe, qui remplacent les bus d\u00e9glingu\u00e9s de l\u2019ancien d\u00e9l\u00e9gataire (M\u2019Dina Bus). Il s\u2019agit d\u2019un parc provisoire en at\u00adtendant l\u2019arriv\u00e9e de la nouvelle flotte de [&hellip;]<\/p>\n","protected":false},"author":1763,"featured_media":0,"comment_status":"closed","ping_status":"closed","sticky":false,"template":"","format":"standard","meta":{"fifu_image_url":"","fifu_image_alt":"","footnotes":""},"categories":[78,54],"tags":[],"class_list":["post-81721","post","type-post","status-publish","format-standard","hentry","category-economie","category-maroc"],"_links":{"self":[{"href":"https:\/\/linitiative.ca\/International\/wp-json\/wp\/v2\/posts\/81721","targetHints":{"allow":["GET"]}}],"collection":[{"href":"https:\/\/linitiative.ca\/International\/wp-json\/wp\/v2\/posts"}],"about":[{"href":"https:\/\/linitiative.ca\/International\/wp-json\/wp\/v2\/types\/post"}],"author":[{"embeddable":true,"href":"https:\/\/linitiative.ca\/International\/wp-json\/wp\/v2\/users\/1763"}],"replies":[{"embeddable":true,"href":"https:\/\/linitiative.ca\/International\/wp-json\/wp\/v2\/comments?post=81721"}],"version-history":[{"count":0,"href":"https:\/\/linitiative.ca\/International\/wp-json\/wp\/v2\/posts\/81721\/revisions"}],"wp:attachment":[{"href":"https:\/\/linitiative.ca\/International\/wp-json\/wp\/v2\/media?parent=81721"}],"wp:term":[{"taxonomy":"category","embeddable":true,"href":"https:\/\/linitiative.ca\/International\/wp-json\/wp\/v2\/categories?post=81721"},{"taxonomy":"post_tag","embeddable":true,"href":"https:\/\/linitiative.ca\/International\/wp-json\/wp\/v2\/tags?post=81721"}],"curies":[{"name":"wp","href":"https:\/\/api.w.org\/{rel}","templated":true}]}}