{"id":81722,"date":"2020-04-09T13:27:50","date_gmt":"2020-04-09T17:27:50","guid":{"rendered":"https:\/\/linitiative.ca\/International\/la-berd-et-lue-forment-les-femmes-daffaires-marocaines\/"},"modified":"2020-04-09T13:27:50","modified_gmt":"2020-04-09T17:27:50","slug":"la-berd-et-lue-forment-les-femmes-daffaires-marocaines","status":"publish","type":"post","link":"https:\/\/linitiative.ca\/International\/la-berd-et-lue-forment-les-femmes-daffaires-marocaines\/","title":{"rendered":"La Berd et l\u2019UE forment les femmes d\u2019affaires marocaines"},"content":{"rendered":"<div class=\"body\">\n<div class=\"field field-name-body field-type-text-with-summary field-label-hidden\">\n<div class=\"field-items\" readability=\"10\">\n<div class=\"field-item even\" property=\"content:encoded\" readability=\"15\">\n<p class=\"rtejustify\">En collaboration avec l\u2019Union europ\u00e9enne (UE), la Banque euro\u00adp\u00e9enne pour la reconstruction et le d\u00e9veloppement (Berd) apporte son aide aux femmes, plus particuli\u00e8re\u00adment celles qui g\u00e8rent et d\u00e9tiennent de petites et moyennes entreprises (PME) qui font face \u00e0 la pand\u00e9mie de coronavirus. Ainsi, plus de 20 femmes d\u2019affaires marocaines, qui ont particip\u00e9 au programme pour les femmes entrepreneures, prennent part \u00e0 une s\u00e9rie de s\u00e9ances de forma\u00adtion sur le marketing num\u00e9rique et la pr\u00e9sence et la visibilit\u00e9 en ligne. Celles-ci portent aussi sur la gestion de crise et le marketing innovant. Objectif: \u00abfournir les outils n\u00e9ces\u00adsaires pour concevoir une strat\u00e9gie de communication refl\u00e9tant les d\u00e9fis \u00e0 relever en cette p\u00e9riode de crise et pour pr\u00e9parer la suite\u00bb.<br \/><em>M.A.B.<\/em><\/p>\n<\/div>\n<\/div>\n<\/div>\n<\/div>\n<div class=\"eco-conseil\">\n<div class=\"view view-eco-conseil-16 view-id-eco_conseil_16 view-display-id-cookies view-dom-id-daa0bcc300c6e20964d1d197165e6623\">\n<div class=\"view-content\">\n<div id=\"views-bootstrap-grid-1\" class=\"views-bootstrap-grid-plugin-style\">\n<div class=\"row\">\n<div class=\" col-xs-12 col-lg-4\">\n<div class=\"row\">\n<div class=\"col col-xs-12 col-lg-12\">\n<div class=\"field-content\"><a href=\"\/article\/1060305-femmes-violentees-appelez-le-8350-pour-donner-l-alerte\"><img loading=\"lazy\" decoding=\"async\" class=\"img-responsive\" typeof=\"foaf:Image\" src=\"https:\/\/www.leconomiste.com\/sites\/default\/files\/eco7\/public\/styles\/800x400\/public\/default_images\/default_une.jpg?itok=4jZlgnIZ\" width=\"660\" height=\"330\" alt=\"\"\/><\/a><\/div>\n<\/div>\n<div class=\" title_suite_2 col col-xs-12 col-lg-12\"> <a href=\"\/article\/1060305-femmes-violentees-appelez-le-8350-pour-donner-l-alerte\"\/><span class=\"field-content\">Femmes violent\u00e9es: Appelez le 8350 pour donner l\u2019alerte<\/span><\/div>\n<\/div>\n<\/div>\n<div class=\" col-xs-12 col-lg-4\">\n<div class=\"row\">\n<div class=\"col col-xs-12 col-lg-12\">\n<div class=\"field-content\"><a href=\"\/article\/1060303-casablanca-enfin-le-parc-provisoire-de-bus-en-circulation\"><img loading=\"lazy\" decoding=\"async\" class=\"img-responsive\" typeof=\"foaf:Image\" src=\"https:\/\/www.leconomiste.com\/sites\/default\/files\/eco7\/public\/styles\/800x400\/public\/default_images\/default_une.jpg?itok=4jZlgnIZ\" width=\"660\" height=\"330\" alt=\"\"\/><\/a><\/div>\n<\/div>\n<div class=\" title_suite_2 col col-xs-12 col-lg-12\"> <a href=\"\/article\/1060303-casablanca-enfin-le-parc-provisoire-de-bus-en-circulation\"\/><span class=\"field-content\">Casablanca: Enfin le parc provisoire de bus en circulation!<\/span><\/div>\n<\/div>\n<\/div>\n<div class=\" col-xs-12 col-lg-4\">\n<div class=\"row\">\n<div class=\"col col-xs-12 col-lg-12\">\n<div class=\"field-content\"><a href=\"\/article\/1060302-les-delais-de-livraison-du-courrier-rallonges\"><img loading=\"lazy\" decoding=\"async\" class=\"img-responsive\" typeof=\"foaf:Image\" src=\"https:\/\/www.leconomiste.com\/sites\/default\/files\/eco7\/public\/styles\/800x400\/public\/default_images\/default_une.jpg?itok=4jZlgnIZ\" width=\"660\" height=\"330\" alt=\"\"\/><\/a><\/div>\n<\/div>\n<div class=\" title_suite_2 col col-xs-12 col-lg-12\"> <a href=\"\/article\/1060302-les-delais-de-livraison-du-courrier-rallonges\"\/><span class=\"field-content\">Les d\u00e9lais de livraison du courrier rallong\u00e9s<\/span><\/div>\n<\/div>\n<\/div>\n<\/div>\n<\/div>\n<\/div>\n<\/div>\n<\/div>\n<p>Auteur: hlafriqi<br \/>\n<a href=\"https:\/\/www.leconomiste.com\/article\/1060304-la-berd-et-l-ue-forment-les-femmes-d-affaires-marocaines\">Cliquez ici pour lire l&rsquo;article depuis sa source.<\/a><\/p>\n","protected":false},"excerpt":{"rendered":"<p>En collaboration avec l\u2019Union europ\u00e9enne (UE), la Banque euro\u00adp\u00e9enne pour la reconstruction et le d\u00e9veloppement (Berd) apporte son aide aux femmes, plus particuli\u00e8re\u00adment celles qui g\u00e8rent et d\u00e9tiennent de petites et moyennes entreprises (PME) qui font face \u00e0 la pand\u00e9mie de coronavirus. Ainsi, plus de 20 femmes d\u2019affaires marocaines, qui ont particip\u00e9 au programme pour [&hellip;]<\/p>\n","protected":false},"author":1763,"featured_media":0,"comment_status":"closed","ping_status":"closed","sticky":false,"template":"","format":"standard","meta":{"fifu_image_url":"","fifu_image_alt":"","footnotes":""},"categories":[78,54],"tags":[],"class_list":["post-81722","post","type-post","status-publish","format-standard","hentry","category-economie","category-maroc"],"_links":{"self":[{"href":"https:\/\/linitiative.ca\/International\/wp-json\/wp\/v2\/posts\/81722","targetHints":{"allow":["GET"]}}],"collection":[{"href":"https:\/\/linitiative.ca\/International\/wp-json\/wp\/v2\/posts"}],"about":[{"href":"https:\/\/linitiative.ca\/International\/wp-json\/wp\/v2\/types\/post"}],"author":[{"embeddable":true,"href":"https:\/\/linitiative.ca\/International\/wp-json\/wp\/v2\/users\/1763"}],"replies":[{"embeddable":true,"href":"https:\/\/linitiative.ca\/International\/wp-json\/wp\/v2\/comments?post=81722"}],"version-history":[{"count":0,"href":"https:\/\/linitiative.ca\/International\/wp-json\/wp\/v2\/posts\/81722\/revisions"}],"wp:attachment":[{"href":"https:\/\/linitiative.ca\/International\/wp-json\/wp\/v2\/media?parent=81722"}],"wp:term":[{"taxonomy":"category","embeddable":true,"href":"https:\/\/linitiative.ca\/International\/wp-json\/wp\/v2\/categories?post=81722"},{"taxonomy":"post_tag","embeddable":true,"href":"https:\/\/linitiative.ca\/International\/wp-json\/wp\/v2\/tags?post=81722"}],"curies":[{"name":"wp","href":"https:\/\/api.w.org\/{rel}","templated":true}]}}