{"id":81723,"date":"2020-04-09T13:30:08","date_gmt":"2020-04-09T17:30:08","guid":{"rendered":"https:\/\/linitiative.ca\/International\/femmes-violentees-appelez-le-8350-pour-donner-lalerte\/"},"modified":"2020-04-09T13:30:08","modified_gmt":"2020-04-09T17:30:08","slug":"femmes-violentees-appelez-le-8350-pour-donner-lalerte","status":"publish","type":"post","link":"https:\/\/linitiative.ca\/International\/femmes-violentees-appelez-le-8350-pour-donner-lalerte\/","title":{"rendered":"Femmes violent\u00e9es: Appelez le 8350 pour donner l\u2019alerte"},"content":{"rendered":"<div class=\"body\">\n<div class=\"field field-name-body field-type-text-with-summary field-label-hidden\">\n<div class=\"field-items\" readability=\"10.3242009132\">\n<div class=\"field-item even\" property=\"content:encoded\" readability=\"15.7321156773\">\n<p class=\"rtejustify\">Un num\u00e9ro vert, le 8350, et une plateforme pour alerter sur les vio\u00adlences \u00e0 l\u2019\u00e9gard des femmes. La ligne a \u00e9t\u00e9 mise \u00e0 disposition des victimes et des t\u00e9moins. L\u2019Union nationale des femmes du Maroc (UNFM) est \u00e0 l\u2019origine de cette ini\u00adtiative. L\u2019association, cr\u00e9\u00e9e en jan\u00advier 1969, a d\u00e9velopp\u00e9 aussi une application \u00abTous avec toi\u00bb pour venir en aide aux femmes victimes de la violence (<a href=\"http:\/\/www.unfm.ma\">www.unfm.ma<\/a>). Sa plateforme op\u00e8re 24h\/24 et sans in\u00adterruption pendant toute la semaine. Selon le Haut commissariat au plan, plus de 7,6 millions ont subi au moins un acte de violence durant les douze mois pr\u00e9c\u00e9dant son enqu\u00eate de 2019.<br \/><em>F.F. <\/em><\/p>\n<\/div>\n<\/div>\n<\/div>\n<\/div>\n<div class=\"eco-conseil\">\n<div class=\"view view-eco-conseil-16 view-id-eco_conseil_16 view-display-id-cookies view-dom-id-91fefe2dab1e00d72e5ca7b7f4b93cdc\">\n<div class=\"view-content\">\n<div id=\"views-bootstrap-grid-1\" class=\"views-bootstrap-grid-plugin-style\">\n<div class=\"row\">\n<div class=\" col-xs-12 col-lg-4\">\n<div class=\"row\">\n<div class=\"col col-xs-12 col-lg-12\">\n<div class=\"field-content\"><a href=\"\/article\/1060304-la-berd-et-l-ue-forment-les-femmes-d-affaires-marocaines\"><img loading=\"lazy\" decoding=\"async\" class=\"img-responsive\" typeof=\"foaf:Image\" src=\"https:\/\/www.leconomiste.com\/sites\/default\/files\/eco7\/public\/styles\/800x400\/public\/default_images\/default_une.jpg?itok=4jZlgnIZ\" width=\"660\" height=\"330\" alt=\"\"\/><\/a><\/div>\n<\/div>\n<div class=\" title_suite_2 col col-xs-12 col-lg-12\"> <a href=\"\/article\/1060304-la-berd-et-l-ue-forment-les-femmes-d-affaires-marocaines\"\/><span class=\"field-content\">La Berd et l\u2019UE forment les femmes d\u2019affaires marocaines<\/span><\/div>\n<\/div>\n<\/div>\n<div class=\" col-xs-12 col-lg-4\">\n<div class=\"row\">\n<div class=\"col col-xs-12 col-lg-12\">\n<div class=\"field-content\"><a href=\"\/article\/1060303-casablanca-enfin-le-parc-provisoire-de-bus-en-circulation\"><img loading=\"lazy\" decoding=\"async\" class=\"img-responsive\" typeof=\"foaf:Image\" src=\"https:\/\/www.leconomiste.com\/sites\/default\/files\/eco7\/public\/styles\/800x400\/public\/default_images\/default_une.jpg?itok=4jZlgnIZ\" width=\"660\" height=\"330\" alt=\"\"\/><\/a><\/div>\n<\/div>\n<div class=\" title_suite_2 col col-xs-12 col-lg-12\"> <a href=\"\/article\/1060303-casablanca-enfin-le-parc-provisoire-de-bus-en-circulation\"\/><span class=\"field-content\">Casablanca: Enfin le parc provisoire de bus en circulation!<\/span><\/div>\n<\/div>\n<\/div>\n<div class=\" col-xs-12 col-lg-4\">\n<div class=\"row\">\n<div class=\"col col-xs-12 col-lg-12\">\n<div class=\"field-content\"><a href=\"\/article\/1060302-les-delais-de-livraison-du-courrier-rallonges\"><img loading=\"lazy\" decoding=\"async\" class=\"img-responsive\" typeof=\"foaf:Image\" src=\"https:\/\/www.leconomiste.com\/sites\/default\/files\/eco7\/public\/styles\/800x400\/public\/default_images\/default_une.jpg?itok=4jZlgnIZ\" width=\"660\" height=\"330\" alt=\"\"\/><\/a><\/div>\n<\/div>\n<div class=\" title_suite_2 col col-xs-12 col-lg-12\"> <a href=\"\/article\/1060302-les-delais-de-livraison-du-courrier-rallonges\"\/><span class=\"field-content\">Les d\u00e9lais de livraison du courrier rallong\u00e9s<\/span><\/div>\n<\/div>\n<\/div>\n<\/div>\n<\/div>\n<\/div>\n<\/div>\n<\/div>\n<p>Auteur: hlafriqi<br \/>\n<a href=\"https:\/\/www.leconomiste.com\/article\/1060305-femmes-violentees-appelez-le-8350-pour-donner-l-alerte\">Cliquez ici pour lire l&rsquo;article depuis sa source.<\/a><\/p>\n","protected":false},"excerpt":{"rendered":"<p>Un num\u00e9ro vert, le 8350, et une plateforme pour alerter sur les vio\u00adlences \u00e0 l\u2019\u00e9gard des femmes. La ligne a \u00e9t\u00e9 mise \u00e0 disposition des victimes et des t\u00e9moins. L\u2019Union nationale des femmes du Maroc (UNFM) est \u00e0 l\u2019origine de cette ini\u00adtiative. L\u2019association, cr\u00e9\u00e9e en jan\u00advier 1969, a d\u00e9velopp\u00e9 aussi une application \u00abTous avec toi\u00bb [&hellip;]<\/p>\n","protected":false},"author":1763,"featured_media":0,"comment_status":"closed","ping_status":"closed","sticky":false,"template":"","format":"standard","meta":{"fifu_image_url":"","fifu_image_alt":"","footnotes":""},"categories":[78,54],"tags":[],"class_list":["post-81723","post","type-post","status-publish","format-standard","hentry","category-economie","category-maroc"],"_links":{"self":[{"href":"https:\/\/linitiative.ca\/International\/wp-json\/wp\/v2\/posts\/81723","targetHints":{"allow":["GET"]}}],"collection":[{"href":"https:\/\/linitiative.ca\/International\/wp-json\/wp\/v2\/posts"}],"about":[{"href":"https:\/\/linitiative.ca\/International\/wp-json\/wp\/v2\/types\/post"}],"author":[{"embeddable":true,"href":"https:\/\/linitiative.ca\/International\/wp-json\/wp\/v2\/users\/1763"}],"replies":[{"embeddable":true,"href":"https:\/\/linitiative.ca\/International\/wp-json\/wp\/v2\/comments?post=81723"}],"version-history":[{"count":0,"href":"https:\/\/linitiative.ca\/International\/wp-json\/wp\/v2\/posts\/81723\/revisions"}],"wp:attachment":[{"href":"https:\/\/linitiative.ca\/International\/wp-json\/wp\/v2\/media?parent=81723"}],"wp:term":[{"taxonomy":"category","embeddable":true,"href":"https:\/\/linitiative.ca\/International\/wp-json\/wp\/v2\/categories?post=81723"},{"taxonomy":"post_tag","embeddable":true,"href":"https:\/\/linitiative.ca\/International\/wp-json\/wp\/v2\/tags?post=81723"}],"curies":[{"name":"wp","href":"https:\/\/api.w.org\/{rel}","templated":true}]}}