{"id":81724,"date":"2020-04-08T19:32:00","date_gmt":"2020-04-08T23:32:00","guid":{"rendered":"https:\/\/linitiative.ca\/International\/projets-de-liquidation-de-zouheir-maghzaoui-et-samia-abbou\/"},"modified":"2020-04-08T19:32:00","modified_gmt":"2020-04-08T23:32:00","slug":"projets-de-liquidation-de-zouheir-maghzaoui-et-samia-abbou","status":"publish","type":"post","link":"https:\/\/linitiative.ca\/International\/projets-de-liquidation-de-zouheir-maghzaoui-et-samia-abbou\/","title":{"rendered":"Projets de liquidation de Zouheir Maghzaoui et Samia Abbou"},"content":{"rendered":"<p><strong><em>Avec le \u00ab\u00a0takfir\u00a0\u00bb qui revient \u00e0 la mode, \u00e0 l\u2019Assembl\u00e9e des repr\u00e9sentants du peuple (ARP), avec l\u2019arriv\u00e9e des membres de la Coalition Al Karama, le signe de Rabaa des islamistes, brandi dans l\u2019enceinte de l\u2019H\u00e9micycle, et la Fatiha \u00e0 la m\u00e9moire de Morsi, on est bien loti et ce n\u2019est pas un hasard que les menaces terroristes reviennent au premier plan, contre ceux qui ne sont pas du m\u00eame avis. Et nous voil\u00e0 de retour \u00e0 la case d\u00e9part, au niveau de possibles assassinats politiques.<\/em><\/strong><\/p>\n<p>La pr\u00e9sidence de l\u2019ARP a exprim\u00e9 sa totale solidarit\u00e9 avec les d\u00e9put\u00e9s Zouhaier Maghzaoui, secr\u00e9taire g\u00e9n\u00e9ral du Mouvement Echa\u00e2b et membre du bureau du parlement, et Samia Abbou, dirigeante au parti du Courant d\u00e9mocrate et pr\u00e9sidente de la commission de la l\u00e9gislation g\u00e9n\u00e9rale \u00e0 l&rsquo;ARP, suite aux menaces terroristes prof\u00e9r\u00e9es \u00e0 leur encontre.<\/p>\n<p>L\u2019institution parlementaire a appel\u00e9 les autorit\u00e9s comp\u00e9tentes \u00e0 ouvrir une enqu\u00eate, \u00e0 fournir la protection n\u00e9cessaires aux d\u00e9put\u00e9s en question et \u00e0 veiller \u00e0 leur s\u00e9curit\u00e9.<\/p>\n<p>Dans une d\u00e9claration, hier, le parlement estime que \u00ab\u00a0le terrorisme guette le peuple au moment o\u00f9 la collectivit\u00e9 nationale fait face \u00e0 de s\u00e9rieux d\u00e9fis li\u00e9s au Coronavirus\u00a0\u00bb, soulignant que \u00ab\u00a0les ennemis de la religion et de la nation ne r\u00e9ussiront pas \u00e0 disperser les efforts et semer la confusion\u00a0\u00bb.<\/p>\n<p>Le secr\u00e9taire g\u00e9n\u00e9ral du Mouvement Echa\u00e2b, Zouheir Maghzaoui, avait d\u00e9clar\u00e9, mardi, que le minist\u00e8re de l&rsquo;Int\u00e9rieur l&rsquo;a alert\u00e9 sur de \u00ab\u00a0s\u00e9rieuses menaces terroristes\u00a0\u00bb pouvant entra\u00eener des \u00ab\u00a0atteintes \u00e0 son int\u00e9grit\u00e9 physique\u00a0\u00bb.<\/p>\n<p>Il a pr\u00e9cis\u00e9 avoir re\u00e7u un appel t\u00e9l\u00e9phonique du district de la s\u00fbret\u00e9 nationale de Carthage l&rsquo;informant de menaces jug\u00e9es s\u00e9rieuses contre lui, sans fournir de d\u00e9tails sur la nature de ces menaces.<\/p>\n<p>Il a indiqu\u00e9 que les services du minist\u00e8re de l&rsquo;Int\u00e9rieur lui ont promis de renforcer les mesures visant \u00e0 assurer sa protection apr\u00e8s ces nouvelles menaces. Maghzaoui b\u00e9n\u00e9ficie d\u00e9j\u00e0 d&rsquo;une protection rapproch\u00e9e depuis mars 2014.<\/p>\n<p>Au moment o\u00f9 les terroristes re\u00e7oivent coup sur coup de la part des forces s\u00e9curitaires et militaires, et connaissent d\u2019importants revers, il est certain qu\u2019ils vont chercher un coup d\u2019\u00e9clat pour se remettre en selle. Ils sont encourag\u00e9s, dans leur intentions, par le climat malsain qui r\u00e8gne au sein de la classe politique, avec l\u2019arriv\u00e9e de ceux qui ne reconnaissent pas l\u2019Etat, mais, qui, malheureusement, profitent \u00e0 merveille pour semer leur venin et empoisonner la vie dans politique dans le pays, offrant des occasions en or aux extr\u00e9mistes et terroristes pour exprimer leurs intentions.<\/p>\n<p>Les menaces sont consid\u00e9r\u00e9es comme s\u00e9rieuses, par les forces s\u00e9curitaires, et l\u2019espoir qu\u2019ils savent, d\u00e9j\u00e0 qui en sont les auteurs et les instigateurs, afin d\u2019\u00e9viter de nouveaux malheurs.<\/p>\n<p class=\"c2\"><strong>F.S.<\/strong><\/p>\n<p>Auteur: letemps1<br \/>\n<a href=\"http:\/\/www.letemps.com.tn\/article\/112601\/projets-de-liquidation-de-zouheir-maghzaoui-et-samia-abbou\">Cliquez ici pour lire l&rsquo;article depuis sa source.<\/a><\/p>\n","protected":false},"excerpt":{"rendered":"<p>Avec le \u00ab\u00a0takfir\u00a0\u00bb qui revient \u00e0 la mode, \u00e0 l\u2019Assembl\u00e9e des repr\u00e9sentants du peuple (ARP), avec l\u2019arriv\u00e9e des membres de la Coalition Al Karama, le signe de Rabaa des islamistes, brandi dans l\u2019enceinte de l\u2019H\u00e9micycle, et la Fatiha \u00e0 la m\u00e9moire de Morsi, on est bien loti et ce n\u2019est pas un hasard que les [&hellip;]<\/p>\n","protected":false},"author":1773,"featured_media":0,"comment_status":"closed","ping_status":"closed","sticky":false,"template":"","format":"standard","meta":{"fifu_image_url":"","fifu_image_alt":"","footnotes":""},"categories":[73,55],"tags":[],"class_list":["post-81724","post","type-post","status-publish","format-standard","hentry","category-actualite","category-tunisie"],"_links":{"self":[{"href":"https:\/\/linitiative.ca\/International\/wp-json\/wp\/v2\/posts\/81724","targetHints":{"allow":["GET"]}}],"collection":[{"href":"https:\/\/linitiative.ca\/International\/wp-json\/wp\/v2\/posts"}],"about":[{"href":"https:\/\/linitiative.ca\/International\/wp-json\/wp\/v2\/types\/post"}],"author":[{"embeddable":true,"href":"https:\/\/linitiative.ca\/International\/wp-json\/wp\/v2\/users\/1773"}],"replies":[{"embeddable":true,"href":"https:\/\/linitiative.ca\/International\/wp-json\/wp\/v2\/comments?post=81724"}],"version-history":[{"count":0,"href":"https:\/\/linitiative.ca\/International\/wp-json\/wp\/v2\/posts\/81724\/revisions"}],"wp:attachment":[{"href":"https:\/\/linitiative.ca\/International\/wp-json\/wp\/v2\/media?parent=81724"}],"wp:term":[{"taxonomy":"category","embeddable":true,"href":"https:\/\/linitiative.ca\/International\/wp-json\/wp\/v2\/categories?post=81724"},{"taxonomy":"post_tag","embeddable":true,"href":"https:\/\/linitiative.ca\/International\/wp-json\/wp\/v2\/tags?post=81724"}],"curies":[{"name":"wp","href":"https:\/\/api.w.org\/{rel}","templated":true}]}}