{"id":81726,"date":"2020-04-08T19:32:00","date_gmt":"2020-04-08T23:32:00","guid":{"rendered":"https:\/\/linitiative.ca\/International\/les-medecins-militaires-retraites-a-la-rescousse\/"},"modified":"2020-04-08T19:32:00","modified_gmt":"2020-04-08T23:32:00","slug":"les-medecins-militaires-retraites-a-la-rescousse","status":"publish","type":"post","link":"https:\/\/linitiative.ca\/International\/les-medecins-militaires-retraites-a-la-rescousse\/","title":{"rendered":"Les m\u00e9decins militaires retrait\u00e9s \u00e0 la rescousse"},"content":{"rendered":"<p>En pr\u00e9vision de l\u2019aggravation de la situation et \u00e0 titre pr\u00e9ventif, le minist\u00e8re de la sant\u00e9 am\u00e9nagera des h\u00f4pitaux temporaires dont le premier sera la salle d\u2019halt\u00e9rophilie d\u2019El Menzah qui accueillera les malades du COVID-19, a annonc\u00e9 hier le ministre de la sant\u00e9, Abdellatif Mekki.<\/p>\n<p>S\u2019exprimant lors d\u2019une s\u00e9ance d\u2019audition organis\u00e9e par la commission de la sant\u00e9 au parlement, Mekki a signal\u00e9 qu\u2019une commission compos\u00e9e de m\u00e9decins de la sant\u00e9 publique et de la m\u00e9decine militaire \u00e0 la retraite sera charg\u00e9e de veiller \u00e0 l\u2019am\u00e9nagement d\u2019h\u00f4pitaux temporaires pouvant accueillir les malades du COVID-19.<\/p>\n<p>Le ministre a pr\u00e9cis\u00e9 que le confinement obligatoire des malades a \u00e9t\u00e9 d\u00e9cid\u00e9 suite au non-respect des mesures d\u2019auto-confinement ce qui provoqu\u00e9 des contaminations au sein des familles.<\/p>\n<p>Dans ce contexte, il a expliqu\u00e9 qu\u2019au d\u00e9but du mois de mars dernier, date de l\u2019apparition du premier cas confirm\u00e9 d\u2019infection au nouveau coronavirus, l\u2019auto-confinement \u00e9tait la seule solution possible vu que la moyenne journali\u00e8re de revenants en Tunisie \u00e9tait de 50 mille.<\/p>\n<p>Mekki a rappel\u00e9 que la strat\u00e9gie du minist\u00e8re s\u2019est bas\u00e9e essentiellement sur la pr\u00e9vention, le d\u00e9pistage puis le traitement soulignant le souci des \u00e9quipes m\u00e9dicales de garantir le traitement pour tous sauf qu\u2019avec l\u2019extension communautaire rapide, il sera difficile, d\u2019apr\u00e8s lui, de contenir la pand\u00e9mie.<\/p>\n<p>\u00a0\u00bb Dans cette conjoncture difficile, il est important d\u2019\u00eatre franc avec les citoyens afin qu\u2019ils soient conscients de la n\u00e9cessit\u00e9 de pr\u00e9server la distanciation sociale pour \u00e9viter la contamination \u00ab\u00a0, a-t-il dit.<\/p>\n<p>Le ministre a ajout\u00e9 que le taux de gu\u00e9rison du COVID-19 varie entre 92 et 93% sauf que la hausse des contaminations aboutira, sans doute, \u00e0 l\u2019\u00e9volution du nombre de cas critiques qui n\u00e9cessiteront des lits de r\u00e9animation dont le nombre est imit\u00e9 en Tunisie.<\/p>\n<p>Auteur: letemps1<br \/>\n<a href=\"http:\/\/www.letemps.com.tn\/article\/112603\/les-m%C3%A9decins-militaires-retrait%C3%A9s-%C3%A0-la-rescousse\">Cliquez ici pour lire l&rsquo;article depuis sa source.<\/a><\/p>\n","protected":false},"excerpt":{"rendered":"<p>En pr\u00e9vision de l\u2019aggravation de la situation et \u00e0 titre pr\u00e9ventif, le minist\u00e8re de la sant\u00e9 am\u00e9nagera des h\u00f4pitaux temporaires dont le premier sera la salle d\u2019halt\u00e9rophilie d\u2019El Menzah qui accueillera les malades du COVID-19, a annonc\u00e9 hier le ministre de la sant\u00e9, Abdellatif Mekki. S\u2019exprimant lors d\u2019une s\u00e9ance d\u2019audition organis\u00e9e par la commission de [&hellip;]<\/p>\n","protected":false},"author":1773,"featured_media":0,"comment_status":"closed","ping_status":"closed","sticky":false,"template":"","format":"standard","meta":{"fifu_image_url":"","fifu_image_alt":"","footnotes":""},"categories":[73,55],"tags":[],"class_list":["post-81726","post","type-post","status-publish","format-standard","hentry","category-actualite","category-tunisie"],"_links":{"self":[{"href":"https:\/\/linitiative.ca\/International\/wp-json\/wp\/v2\/posts\/81726","targetHints":{"allow":["GET"]}}],"collection":[{"href":"https:\/\/linitiative.ca\/International\/wp-json\/wp\/v2\/posts"}],"about":[{"href":"https:\/\/linitiative.ca\/International\/wp-json\/wp\/v2\/types\/post"}],"author":[{"embeddable":true,"href":"https:\/\/linitiative.ca\/International\/wp-json\/wp\/v2\/users\/1773"}],"replies":[{"embeddable":true,"href":"https:\/\/linitiative.ca\/International\/wp-json\/wp\/v2\/comments?post=81726"}],"version-history":[{"count":0,"href":"https:\/\/linitiative.ca\/International\/wp-json\/wp\/v2\/posts\/81726\/revisions"}],"wp:attachment":[{"href":"https:\/\/linitiative.ca\/International\/wp-json\/wp\/v2\/media?parent=81726"}],"wp:term":[{"taxonomy":"category","embeddable":true,"href":"https:\/\/linitiative.ca\/International\/wp-json\/wp\/v2\/categories?post=81726"},{"taxonomy":"post_tag","embeddable":true,"href":"https:\/\/linitiative.ca\/International\/wp-json\/wp\/v2\/tags?post=81726"}],"curies":[{"name":"wp","href":"https:\/\/api.w.org\/{rel}","templated":true}]}}