{"id":81737,"date":"2020-04-09T15:14:15","date_gmt":"2020-04-09T19:14:15","guid":{"rendered":"https:\/\/linitiative.ca\/International\/international-coronavirus-zidane-fait-un-don-a-lalgerie\/"},"modified":"2020-04-09T15:14:15","modified_gmt":"2020-04-09T19:14:15","slug":"international-coronavirus-zidane-fait-un-don-a-lalgerie","status":"publish","type":"post","link":"https:\/\/linitiative.ca\/International\/international-coronavirus-zidane-fait-un-don-a-lalgerie\/","title":{"rendered":"International : Coronavirus: Zidane fait un don \u00e0 l\u2019Alg\u00e9rie"},"content":{"rendered":"<div readability=\"32\">\n<p>Auteur : <span class=\"time\">jeudi 09 avril 2020 19:17<\/span><\/p>\n<\/div>\n<div id=\"post_core\" readability=\"46\">\n<p>La Fondation Zinedine Zidane a fait don de 5 kits de r\u00e9animation \u00e0 la wilaya de Beja\u00efa, a indiqu\u00e9, aujourd\u2019hui, un communiqu\u00e9 de la cellule de communication de la wilaya:\u00a0\u00abLa Fondation Zinedine Zidane a offert aujourd&rsquo;hui 5 kits de r\u00e9animation au profit de notre wilaya qui seront achemin\u00e9s vers nos \u00e9tablissements de sant\u00e9. Il s\u2019agit d\u2019un lot de respirateurs artificiels, des moniteurs ainsi que des pousses seringue.\u00a0 Lors d&rsquo;un entretien t\u00e9l\u00e9phonique avec Monsieur Smail Zidane, le p\u00e8re de notre star du football Zinedine Zidane, qui est charg\u00e9 de g\u00e9rer cette fondation, Monsieur le wali a exprim\u00e9 sa reconnaissance envers cette fondation, il a pr\u00e9sent\u00e9 ses vifs remerciements pour da Smail au nom de toute la population, des \u00e9lus et des cadres de la wilaya de Bejaia pour cette g\u00e9n\u00e9reuse contribution.\u00bb\u00a0 peut-on lire, en effet, dans le communiqu\u00e9 en question.<\/p>\n<p><strong>Publi\u00e9 dans :<\/strong> <span>Zidane<\/span><\/p>\n<\/div>\n<p>Auteur:<br \/>\n<a href=\"http:\/\/www.lebuteur.com\/article\/detail?titre=coronavirus-zidane-fait-un-don-a-lalgerie&#038;id=95578&#038;utm_source=feedburner&#038;utm_medium=feed&#038;utm_campaign=Feed%3A+GalerieFArtciles+%28Les+derniers+articles++-+lebuteur.com%29\">Cliquez ici pour lire l&rsquo;article depuis sa source.<\/a><\/p>\n","protected":false},"excerpt":{"rendered":"<p>Auteur : jeudi 09 avril 2020 19:17 La Fondation Zinedine Zidane a fait don de 5 kits de r\u00e9animation \u00e0 la wilaya de Beja\u00efa, a indiqu\u00e9, aujourd\u2019hui, un communiqu\u00e9 de la cellule de communication de la wilaya:\u00a0\u00abLa Fondation Zinedine Zidane a offert aujourd&rsquo;hui 5 kits de r\u00e9animation au profit de notre wilaya qui seront achemin\u00e9s [&hellip;]<\/p>\n","protected":false},"author":1738,"featured_media":81738,"comment_status":"closed","ping_status":"closed","sticky":false,"template":"","format":"standard","meta":{"fifu_image_url":"","fifu_image_alt":"","footnotes":""},"categories":[53,75],"tags":[],"class_list":["post-81737","post","type-post","status-publish","format-standard","has-post-thumbnail","hentry","category-algerie","category-sport"],"_links":{"self":[{"href":"https:\/\/linitiative.ca\/International\/wp-json\/wp\/v2\/posts\/81737","targetHints":{"allow":["GET"]}}],"collection":[{"href":"https:\/\/linitiative.ca\/International\/wp-json\/wp\/v2\/posts"}],"about":[{"href":"https:\/\/linitiative.ca\/International\/wp-json\/wp\/v2\/types\/post"}],"author":[{"embeddable":true,"href":"https:\/\/linitiative.ca\/International\/wp-json\/wp\/v2\/users\/1738"}],"replies":[{"embeddable":true,"href":"https:\/\/linitiative.ca\/International\/wp-json\/wp\/v2\/comments?post=81737"}],"version-history":[{"count":0,"href":"https:\/\/linitiative.ca\/International\/wp-json\/wp\/v2\/posts\/81737\/revisions"}],"wp:featuredmedia":[{"embeddable":true,"href":"https:\/\/linitiative.ca\/International\/wp-json\/"}],"wp:attachment":[{"href":"https:\/\/linitiative.ca\/International\/wp-json\/wp\/v2\/media?parent=81737"}],"wp:term":[{"taxonomy":"category","embeddable":true,"href":"https:\/\/linitiative.ca\/International\/wp-json\/wp\/v2\/categories?post=81737"},{"taxonomy":"post_tag","embeddable":true,"href":"https:\/\/linitiative.ca\/International\/wp-json\/wp\/v2\/tags?post=81737"}],"curies":[{"name":"wp","href":"https:\/\/api.w.org\/{rel}","templated":true}]}}