{"id":81739,"date":"2020-04-09T11:32:00","date_gmt":"2020-04-09T15:32:00","guid":{"rendered":"https:\/\/linitiative.ca\/International\/covid-19-lalgerie-a-opte-pour-la-transparence-dans-la-communication-des-donnees\/"},"modified":"2020-04-09T11:32:00","modified_gmt":"2020-04-09T15:32:00","slug":"covid-19-lalgerie-a-opte-pour-la-transparence-dans-la-communication-des-donnees","status":"publish","type":"post","link":"https:\/\/linitiative.ca\/International\/covid-19-lalgerie-a-opte-pour-la-transparence-dans-la-communication-des-donnees\/","title":{"rendered":"Covid-19 : L&rsquo;Alg\u00e9rie a opt\u00e9 pour \u00ab\u00a0la transparence\u00a0\u00bb dans la communication des donn\u00e9es"},"content":{"rendered":"<p>\u00ab\u00a0Certains pays europ\u00e9ens ne d\u00e9clarent pas les morts en dehors des structures hospitali\u00e8res, tandis que d&rsquo;autres ne font pas de tests pour le coronavirus. Partout, il y a une sorte de confusion et en Alg\u00e9rie, nous avons opt\u00e9 pour la transparence. Les chiffres de d\u00e9c\u00e8s paraissent \u00e9lev\u00e9s, car nous avions, d\u00e8s le d\u00e9but, pris en compte des d\u00e9c\u00e8s naturels qui n&rsquo;\u00e9taient pas forc\u00e9ment li\u00e9s au coronavirus\u00a0\u00bb, a d\u00e9clar\u00e9 \u00e0 l&rsquo;APS M. Benbouzid, en marge d&rsquo;une visio-conf\u00e9rence reliant les si\u00e8ges du minist\u00e8re de la Sant\u00e9 \u00e0 Alger et celui du Centre chinois de contr\u00f4le et de pr\u00e9vention des maladies, bas\u00e9 \u00e0 P\u00e9kin.<\/p>\n<p>Tout en pr\u00e9cisant que \u00ab\u00a0des examens post-mortem ont confirm\u00e9 la positivit\u00e9 chez certains sujets et des r\u00e9sultats n\u00e9gatifs chez d&rsquo;autres cas d\u00e9clar\u00e9s morts du coronavirus\u00a0\u00bb, le ministre a reconnu \u00ab\u00a0la difficult\u00e9 de d\u00e9terminer parfois si un d\u00e9c\u00e8s est survenu \u00e0 la suite de la contamination au coronavirus ou non\u00a0\u00bb, dans la mesure o\u00f9, explique-t-il, \u00ab\u00a0un porteur sain peut d\u00e9c\u00e9der des suites de complications qui ne sont pas forc\u00e9ment li\u00e9es au Covid-19\u00a0\u00bb.<\/p>\n<p>\u00ab\u00a0Dans tous les pays du monde, les chiffres communiqu\u00e9s ne refl\u00e8tent pas l&rsquo;exactitude de la r\u00e9alit\u00e9, car il est impossible de tester l&rsquo;ensemble de la population, d&rsquo;o\u00f9 un bon nombre de sujets qui \u00e9chappe aux tests\u00a0\u00bb, a-t-il expliqu\u00e9, citant notamment \u00ab\u00a0ceux qui ne consultent pas, ceux qui sont porteurs sains et une fois qu&rsquo;ils pr\u00e9sentent les sympt\u00f4mes du virus, ils sont d\u00e9clar\u00e9s contamin\u00e9s et ceux qui n&rsquo;ont aucun trouble mais qui sont porteurs et, par cons\u00e9quent, ne demandent pas \u00e0 \u00eatre test\u00e9s\u00a0\u00bb.<\/p>\n<p>Le ministre a fait savoir, \u00e0 ce propos, que \u00ab\u00a0ne sont test\u00e9s que les sujets-contacts ou ceux ayant \u00e9t\u00e9 en contact avec ces derniers, ainsi que ceux pr\u00e9sentant des troubles\u00a0\u00bb, ajoutant que \u00ab\u00a0nous avons les chiffres des tests dont nous disposons et si nous arrivons \u00e0 avoir plusieurs sites de tests, nous aurons plus de donn\u00e9es\u00a0\u00bb.<\/p>\n<p>Tout en conviant chaque citoyen \u00e0 \u00ab\u00a0se consid\u00e9rer comme \u00e9tant un \u00e9ventuel porteur\u00a0\u00bb, il a rappel\u00e9 l&rsquo;imp\u00e9ratif du respect des mesures de pr\u00e9vention et des r\u00e8gles d&rsquo;hygi\u00e8ne pour endiguer la propagation de cette \u00e9pid\u00e9mie.<\/p>\n<p>Commentant l&rsquo;objet de la visio-conf\u00e9rence, il a estim\u00e9 qu&rsquo;il s&rsquo;agit d&rsquo;une nouvelle opportunit\u00e9 pour \u00ab\u00a0b\u00e9n\u00e9ficier de l&rsquo;exp\u00e9rience chinoise\u00a0\u00bb, soulignant que \u00ab\u00a0chaque question peut \u00e9voquer des situations et des solutions propres \u00e0 l&rsquo;Alg\u00e9rie et qu&rsquo;il est fondamental pour nous d&rsquo;\u00e9couter et d&rsquo;accorder nos violons pour faire face \u00e0 une situation in\u00e9dite\u00a0\u00bb.<\/p>\n<p>\u00ab\u00a0Nul ne peut dire qu&rsquo;il ma\u00eetrise la situation et qu&rsquo;il a toutes les donn\u00e9es, lesquelles changent de jour en jour, voire d&rsquo;heure en heure\u00a0\u00bb, a-t-il conclu.<\/p>\n<p>APS<\/p>\n<p>Auteur: elmoudjahid<br \/>\n<a href=\"http:\/\/www.elmoudjahid.com\/fr\/actualites\/151107\">Cliquez ici pour lire l&rsquo;article depuis sa source.<\/a><\/p>\n","protected":false},"excerpt":{"rendered":"<p>\u00ab\u00a0Certains pays europ\u00e9ens ne d\u00e9clarent pas les morts en dehors des structures hospitali\u00e8res, tandis que d&rsquo;autres ne font pas de tests pour le coronavirus. Partout, il y a une sorte de confusion et en Alg\u00e9rie, nous avons opt\u00e9 pour la transparence. Les chiffres de d\u00e9c\u00e8s paraissent \u00e9lev\u00e9s, car nous avions, d\u00e8s le d\u00e9but, pris en [&hellip;]<\/p>\n","protected":false},"author":1744,"featured_media":0,"comment_status":"closed","ping_status":"closed","sticky":false,"template":"","format":"standard","meta":{"fifu_image_url":"","fifu_image_alt":"","footnotes":""},"categories":[73,53],"tags":[],"class_list":["post-81739","post","type-post","status-publish","format-standard","hentry","category-actualite","category-algerie"],"_links":{"self":[{"href":"https:\/\/linitiative.ca\/International\/wp-json\/wp\/v2\/posts\/81739","targetHints":{"allow":["GET"]}}],"collection":[{"href":"https:\/\/linitiative.ca\/International\/wp-json\/wp\/v2\/posts"}],"about":[{"href":"https:\/\/linitiative.ca\/International\/wp-json\/wp\/v2\/types\/post"}],"author":[{"embeddable":true,"href":"https:\/\/linitiative.ca\/International\/wp-json\/wp\/v2\/users\/1744"}],"replies":[{"embeddable":true,"href":"https:\/\/linitiative.ca\/International\/wp-json\/wp\/v2\/comments?post=81739"}],"version-history":[{"count":0,"href":"https:\/\/linitiative.ca\/International\/wp-json\/wp\/v2\/posts\/81739\/revisions"}],"wp:attachment":[{"href":"https:\/\/linitiative.ca\/International\/wp-json\/wp\/v2\/media?parent=81739"}],"wp:term":[{"taxonomy":"category","embeddable":true,"href":"https:\/\/linitiative.ca\/International\/wp-json\/wp\/v2\/categories?post=81739"},{"taxonomy":"post_tag","embeddable":true,"href":"https:\/\/linitiative.ca\/International\/wp-json\/wp\/v2\/tags?post=81739"}],"curies":[{"name":"wp","href":"https:\/\/api.w.org\/{rel}","templated":true}]}}