{"id":81742,"date":"2020-04-09T13:00:00","date_gmt":"2020-04-09T17:00:00","guid":{"rendered":"https:\/\/linitiative.ca\/International\/revue-el-djeich-une-coherence-totale-entre-le-president-de-la-republique-et-lanp\/"},"modified":"2020-04-09T13:00:00","modified_gmt":"2020-04-09T17:00:00","slug":"revue-el-djeich-une-coherence-totale-entre-le-president-de-la-republique-et-lanp","status":"publish","type":"post","link":"https:\/\/linitiative.ca\/International\/revue-el-djeich-une-coherence-totale-entre-le-president-de-la-republique-et-lanp\/","title":{"rendered":"Revue El Dje\u00efch: Une coh\u00e9rence totale entre le Pr\u00e9sident de la R\u00e9publique et l&rsquo;ANP"},"content":{"rendered":"<p>\u00ab\u00a0Depuis son \u00e9lection \u00e0 la t\u00eate de la R\u00e9publique alg\u00e9rienne, le Pr\u00e9sident Abdelmadjid Tebboune a d\u00e9montr\u00e9 sa totale confiance \u00e0 l\u2019institution militaire en saluant \u00e0 maintes reprises le r\u00f4le de l\u2019ANP dans la pr\u00e9servation des institutions de l\u2019Etat ainsi que la sauvegarde du pays de toutes tentatives de d\u00e9stabilisation\u00a0\u00bb, est-il \u00e9crit dans l&rsquo;\u00e9ditorial de la revue de l&rsquo;Arm\u00e9e.<\/p>\n<p>La publication observe que \u00ab\u00a0le t\u00e9moignage du Pr\u00e9sident de la R\u00e9publique, chef supr\u00eame des Forces arm\u00e9es, ministre de la D\u00e9fense nationale, refl\u00e8te la confiance et la coh\u00e9rence totale entre le Pr\u00e9sident et l\u2019ANP\u00a0\u00bb, soulignant que \u00ab\u00a0notre Arm\u00e9e jouit de la pleine confiance du Monsieur le Pr\u00e9sident, \u00e9tant le meilleur gardien de cette confiance dans le pass\u00e9, le pr\u00e9sent et l\u2019avenir.\u00a0\u00bb<\/p>\n<p>\u00ab\u00a0Nous disons que la coh\u00e9rence totale entre le pr\u00e9sident et l\u2019ANP et l\u2019int\u00e9r\u00eat qu\u2019accorde le premier magistrat du pays \u00e0 la s\u00e9curit\u00e9 et \u00e0 la d\u00e9fense nationales s\u2019inspire de sa totale conviction de la n\u00e9cessit\u00e9 de moderniser nos Forces arm\u00e9es pour qu\u2019elles puissent mener leurs missions constitutionnelles et atteindre une disponibilit\u00e9 permanente pour faire face \u00e0 toutes menaces possibles et relever tous les d\u00e9fis s\u00e9curitaires afin que notre pays sorte victorieux\u00a0\u00bb, commente la publication.<\/p>\n<p>Faisant le lien avec les \u00e9v\u00e9nements qu&rsquo;a connus le pays durant ces derni\u00e8res ann\u00e9es, El Dje\u00efch rappelle que \u00ab\u00a0l&rsquo;ANP a su, dans les moments les plus sombres de la trag\u00e9die nationale, lorsque l\u2019Etat alg\u00e9rien s\u2019\u00e9croulait, pr\u00e9server ses fondements et ses piliers et renforcer son existence\u00a0\u00bb.\u00a0\u00bbParall\u00e8lement, dans le cadre des lois de la R\u00e9publique, notre arm\u00e9e a r\u00e9ussi \u00e0 s\u2019acquitter de la t\u00e2che de la lutte contre le terrorisme et les forces de la criminalit\u00e9, de les pourchasser et de les \u00e9liminer et de d\u00e9barrasser le peuple de leurs exactions et de leurs horreurs\u00a0\u00bb, note l&rsquo;\u00e9ditorial, ajoutant dans le m\u00eame sens que \u00ab\u00a0les \u00e9l\u00e9ments de notre Arm\u00e9e se sont tenus \u00e9galement aux c\u00f4t\u00e9s de leurs concitoyens pendant les diverses crises et catastrophes naturelles qui ont frapp\u00e9 le pays\u00a0\u00bb.<\/p>\n<p>A ce titre, la revue cite les exemples du tremblement de terre de Boumerdes, les inondations de Bab El Oued, les intemp\u00e9ries d\u2019Arris et de Tizi Ouzou, soulignant qu&rsquo;il s&rsquo;agit d'\u00a0\u00bbautant d\u2019\u00e9chantillons refl\u00e9tant le r\u00f4le jou\u00e9 par les \u00e9l\u00e9ments de l\u2019ANP en mati\u00e8re d\u2019aide et d\u2019assistance \u00e0 leurs fr\u00e8res afin de sauver les vies de milliers de citoyens\u00a0\u00bb.<\/p>\n<p>Evoquant la pand\u00e9mie du Coronavirus qui touche l&rsquo;Alg\u00e9rie \u00e0 l&rsquo;instar d&rsquo;autres pays du monde, El-Dje\u00efch rel\u00e8ve que \u00ab\u00a0la d\u00e9termination de l\u2019Etat alg\u00e9rien \u00e0 faire face \u00e0 cette \u00e9pid\u00e9mie \u00e0 travers les mesures prises par le pr\u00e9sident de la R\u00e9publique, chef supr\u00eame des forces arm\u00e9es, ministre de la D\u00e9fense nationale, a \u00e9pargn\u00e9 \u00e0 notre pays une v\u00e9ritable trag\u00e9die\u00a0\u00bb.<\/p>\n<p>La revue met en avant \u00e9galement la \u00ab\u00a0disponibilit\u00e9 op\u00e9rationnelle de l&rsquo;ANP en demeurant pr\u00eate en permanence \u00e0 faire face \u00e0 toute situation d\u2019urgence, quel que soit son niveau de gravit\u00e9, car pleinement consciente que la s\u00e9curit\u00e9 du citoyen est la premi\u00e8re et la plus importante de ses pr\u00e9occupations et de ses missions\u00a0\u00bb.<\/p>\n<p>Le Haut commandement de notre Arm\u00e9e suit l\u2019\u00e9volution de la situation quotidiennement et veille \u00e0 ce que toutes les instructions et orientations soient fournies aux \u00e9l\u00e9ments et \u00e0 communiquer constamment par le biais de campagnes de sensibilisation et de prise de conscience lors de visites de travail et d\u2019inspections sur le terrain et \u00e0 travers les moyens de communication nationaux\u00a0\u00bb, est-il mentionn\u00e9 dans l&rsquo;\u00e9ditorial.<\/p>\n<p>Sur la base de ce qui pr\u00e9c\u00e8de, la revue El Dje\u00efch a conclu que l\u2019ANP \u00ab\u00a0a mobilis\u00e9 tout son potentiel dans le cadre d\u2019une coordination \u00e9troite avec divers secteurs minist\u00e9riels, compte tenu du fait que la situation difficile actuelle n\u00e9cessite la mobilisation de toutes les capacit\u00e9s du pays, humaines et mat\u00e9rielles, et \u00e0 relever le niveau de coordination entre toutes les institutions de l\u2019Etat dans le cadre de la strat\u00e9gie nationale visant \u00e0 r\u00e9duire la propagation de cette \u00e9pid\u00e9mie\u00a0\u00bb.<\/p>\n<p>Auteur: elmoudjahid<br \/>\n<a href=\"http:\/\/www.elmoudjahid.com\/fr\/actualites\/151110\">Cliquez ici pour lire l&rsquo;article depuis sa source.<\/a><\/p>\n","protected":false},"excerpt":{"rendered":"<p>\u00ab\u00a0Depuis son \u00e9lection \u00e0 la t\u00eate de la R\u00e9publique alg\u00e9rienne, le Pr\u00e9sident Abdelmadjid Tebboune a d\u00e9montr\u00e9 sa totale confiance \u00e0 l\u2019institution militaire en saluant \u00e0 maintes reprises le r\u00f4le de l\u2019ANP dans la pr\u00e9servation des institutions de l\u2019Etat ainsi que la sauvegarde du pays de toutes tentatives de d\u00e9stabilisation\u00a0\u00bb, est-il \u00e9crit dans l&rsquo;\u00e9ditorial de la [&hellip;]<\/p>\n","protected":false},"author":1744,"featured_media":0,"comment_status":"closed","ping_status":"closed","sticky":false,"template":"","format":"standard","meta":{"fifu_image_url":"","fifu_image_alt":"","footnotes":""},"categories":[73,53],"tags":[],"class_list":["post-81742","post","type-post","status-publish","format-standard","hentry","category-actualite","category-algerie"],"_links":{"self":[{"href":"https:\/\/linitiative.ca\/International\/wp-json\/wp\/v2\/posts\/81742","targetHints":{"allow":["GET"]}}],"collection":[{"href":"https:\/\/linitiative.ca\/International\/wp-json\/wp\/v2\/posts"}],"about":[{"href":"https:\/\/linitiative.ca\/International\/wp-json\/wp\/v2\/types\/post"}],"author":[{"embeddable":true,"href":"https:\/\/linitiative.ca\/International\/wp-json\/wp\/v2\/users\/1744"}],"replies":[{"embeddable":true,"href":"https:\/\/linitiative.ca\/International\/wp-json\/wp\/v2\/comments?post=81742"}],"version-history":[{"count":0,"href":"https:\/\/linitiative.ca\/International\/wp-json\/wp\/v2\/posts\/81742\/revisions"}],"wp:attachment":[{"href":"https:\/\/linitiative.ca\/International\/wp-json\/wp\/v2\/media?parent=81742"}],"wp:term":[{"taxonomy":"category","embeddable":true,"href":"https:\/\/linitiative.ca\/International\/wp-json\/wp\/v2\/categories?post=81742"},{"taxonomy":"post_tag","embeddable":true,"href":"https:\/\/linitiative.ca\/International\/wp-json\/wp\/v2\/tags?post=81742"}],"curies":[{"name":"wp","href":"https:\/\/api.w.org\/{rel}","templated":true}]}}