{"id":81744,"date":"2020-04-08T17:52:56","date_gmt":"2020-04-08T21:52:56","guid":{"rendered":"https:\/\/linitiative.ca\/International\/covid-19-104-nouveaux-cas-confirmes-et-12-nouveaux-deces\/"},"modified":"2020-04-08T17:52:56","modified_gmt":"2020-04-08T21:52:56","slug":"covid-19-104-nouveaux-cas-confirmes-et-12-nouveaux-deces","status":"publish","type":"post","link":"https:\/\/linitiative.ca\/International\/covid-19-104-nouveaux-cas-confirmes-et-12-nouveaux-deces\/","title":{"rendered":"Covid-19 : 104 nouveaux cas confirm\u00e9s et 12 nouveaux d\u00e9c\u00e8s"},"content":{"rendered":"<p><br class=\"autobr\"\/><br \/>\nCent-quatre (104) nouveaux cas confirm\u00e9s de coronavirus (Covid-19) et 12 nouveaux d\u00e9c\u00e8s ont \u00e9t\u00e9 enregistr\u00e9s en Alg\u00e9rie, portant le nombre de cas confirm\u00e9s \u00e0 1572 et celui des d\u00e9c\u00e8s \u00e0 205, a indiqu\u00e9 mercredi \u00e0\u00a0le porte-parole du Comit\u00e9 scientifique de suivi de l\u2019\u00e9volution de la pand\u00e9mie du Coronavirus, Djamel Fourar, lors du point de presse quotidien consacr\u00e9 \u00e0 l\u2019\u00e9volution de la pand\u00e9mie.<\/p>\n<p>Auteur: Boudjedri<br \/>\n<a href=\"http:\/\/www.jeune-independant.net\/Coronavirus-104-nouveaux-cas.html\">Cliquez ici pour lire l&rsquo;article depuis sa source.<\/a><\/p>\n","protected":false},"excerpt":{"rendered":"<p>Cent-quatre (104) nouveaux cas confirm\u00e9s de coronavirus (Covid-19) et 12 nouveaux d\u00e9c\u00e8s ont \u00e9t\u00e9 enregistr\u00e9s en Alg\u00e9rie, portant le nombre de cas confirm\u00e9s \u00e0 1572 et celui des d\u00e9c\u00e8s \u00e0 205, a indiqu\u00e9 mercredi \u00e0\u00a0le porte-parole du Comit\u00e9 scientifique de suivi de l\u2019\u00e9volution de la pand\u00e9mie du Coronavirus, Djamel Fourar, lors du point de presse [&hellip;]<\/p>\n","protected":false},"author":1737,"featured_media":0,"comment_status":"closed","ping_status":"closed","sticky":false,"template":"","format":"standard","meta":{"fifu_image_url":"","fifu_image_alt":"","footnotes":""},"categories":[73,53],"tags":[],"class_list":["post-81744","post","type-post","status-publish","format-standard","hentry","category-actualite","category-algerie"],"_links":{"self":[{"href":"https:\/\/linitiative.ca\/International\/wp-json\/wp\/v2\/posts\/81744","targetHints":{"allow":["GET"]}}],"collection":[{"href":"https:\/\/linitiative.ca\/International\/wp-json\/wp\/v2\/posts"}],"about":[{"href":"https:\/\/linitiative.ca\/International\/wp-json\/wp\/v2\/types\/post"}],"author":[{"embeddable":true,"href":"https:\/\/linitiative.ca\/International\/wp-json\/wp\/v2\/users\/1737"}],"replies":[{"embeddable":true,"href":"https:\/\/linitiative.ca\/International\/wp-json\/wp\/v2\/comments?post=81744"}],"version-history":[{"count":0,"href":"https:\/\/linitiative.ca\/International\/wp-json\/wp\/v2\/posts\/81744\/revisions"}],"wp:attachment":[{"href":"https:\/\/linitiative.ca\/International\/wp-json\/wp\/v2\/media?parent=81744"}],"wp:term":[{"taxonomy":"category","embeddable":true,"href":"https:\/\/linitiative.ca\/International\/wp-json\/wp\/v2\/categories?post=81744"},{"taxonomy":"post_tag","embeddable":true,"href":"https:\/\/linitiative.ca\/International\/wp-json\/wp\/v2\/tags?post=81744"}],"curies":[{"name":"wp","href":"https:\/\/api.w.org\/{rel}","templated":true}]}}