{"id":81745,"date":"2020-04-08T18:29:03","date_gmt":"2020-04-08T22:29:03","guid":{"rendered":"https:\/\/linitiative.ca\/International\/le-sg-de-lugta-les-metiers-liberaux-doivent-beneficier-dune-assistance\/"},"modified":"2020-04-08T18:29:03","modified_gmt":"2020-04-08T22:29:03","slug":"le-sg-de-lugta-les-metiers-liberaux-doivent-beneficier-dune-assistance","status":"publish","type":"post","link":"https:\/\/linitiative.ca\/International\/le-sg-de-lugta-les-metiers-liberaux-doivent-beneficier-dune-assistance\/","title":{"rendered":"Le SG de l&rsquo;UGTA : \u00ab Les m\u00e9tiers lib\u00e9raux doivent b\u00e9n\u00e9ficier d&rsquo;une assistance \u00bb"},"content":{"rendered":"<p><br class=\"autobr\"\/><strong>Les m\u00e9tiers lib\u00e9raux et artisanaux doivent b\u00e9n\u00e9ficier d\u2019une assistance particuli\u00e8re de la part de l\u2019\u00c9tat afin de les aider \u00e0 faire face \u00e0 l\u2019impact de la pand\u00e9mie Covid-19 sur leurs revenus, a estim\u00e9 ce mercredi le Secr\u00e9taire g\u00e9n\u00e9ral de l\u2019Union g\u00e9n\u00e9rale des travailleurs alg\u00e9riens (UGTA), Salim Labatcha.<\/strong><\/p>\n<p><br class=\"autobr\"\/><br \/>\n\u00ab\u00a0Nous avons tendance \u00e0 parler uniquement des entreprises et des salaires de leurs employ\u00e9s, mais il faut parler aussi des petits m\u00e9tiers. Eux aussi ils doivent b\u00e9n\u00e9ficier d\u2019une assistance et d\u2019un suivi pour pouvoir trouver des m\u00e9canismes (d\u2019aide)\u00a0\u00bb, a d\u00e9clar\u00e9 M.\u00a0Labatcha sur les ondes de la Radio nationale.<\/p>\n<blockquote readability=\"8\">\n<p><br class=\"autobr\"\/><em><strong><span class=\"c5\">\u00ab\u00a0C\u2019est des petits m\u00e9tiers qui ont leur importance dans notre vie quotidienne et qui m\u00e9ritent d\u2019\u00eatre accompagn\u00e9s et d\u2019\u00eatre pris en compte au m\u00eame titre que les entreprises\u00a0\u00bb, a-t-il ajout\u00e9.<\/span><\/strong><\/em><\/p>\n<\/blockquote>\n<p><br class=\"autobr\"\/><br \/>\nIl a rappel\u00e9 \u00e0 cet \u00e9gard l\u2019engagement du pr\u00e9sident de la R\u00e9publique, Abdelmadjid Tebboune, lors de la derni\u00e8re entrevue avec des repr\u00e9sentant de m\u00e9dias nationaux, \u00e0 soutenir et prendre en charge les PME, micro entreprises ainsi que les activit\u00e9s artisanales, touch\u00e9es par la pand\u00e9mie.<\/p>\n<p><br class=\"autobr\"\/><br \/>\nMardi, dans une d\u00e9claration commune, l\u2019UGTA et des organisations patronales, ont exprim\u00e9 les pr\u00e9occupations des travailleurs et des employeurs alg\u00e9riens quant aux cons\u00e9quences de cette crise sanitaire sur l\u2019outil de production nationale et sur l\u2019emploi, tout en r\u00e9it\u00e9rant leur \u00ab\u00a0engagement sans r\u00e9serve\u00a0\u00bb pour une contribution \u00e0 l\u2019action des pouvoirs publics ainsi que leur \u00ab\u00a0engagement de solidarit\u00e9\u00a0\u00bb avec le peuple \u00e0 travers des actions de solidarit\u00e9 en direction des populations et de soutien aux structures de sant\u00e9 et personnels soignants.<\/p>\n<p><br class=\"autobr\"\/><br \/>\n\u00a0<\/p>\n<p><br class=\"autobr\"\/><br \/>\nLes signataires ont, par ailleurs, salu\u00e9 les mesures de confinement total ou partiel et de solidarit\u00e9 d\u00e9cid\u00e9es par les plus hautes autorit\u00e9s du pays pour endiguer l\u2019\u00e9pid\u00e9mie de coronavirus, ainsi que celles relatives \u00e0 l\u2019approvisionnement des populations en produits alimentaires.<\/p>\n<p>Auteur: Boudjedri<br \/>\n<a href=\"http:\/\/www.jeune-independant.net\/Le-SG-de-l-UGTA-Les-metiers.html\">Cliquez ici pour lire l&rsquo;article depuis sa source.<\/a><\/p>\n","protected":false},"excerpt":{"rendered":"<p>Les m\u00e9tiers lib\u00e9raux et artisanaux doivent b\u00e9n\u00e9ficier d\u2019une assistance particuli\u00e8re de la part de l\u2019\u00c9tat afin de les aider \u00e0 faire face \u00e0 l\u2019impact de la pand\u00e9mie Covid-19 sur leurs revenus, a estim\u00e9 ce mercredi le Secr\u00e9taire g\u00e9n\u00e9ral de l\u2019Union g\u00e9n\u00e9rale des travailleurs alg\u00e9riens (UGTA), Salim Labatcha. \u00ab\u00a0Nous avons tendance \u00e0 parler uniquement des entreprises [&hellip;]<\/p>\n","protected":false},"author":1737,"featured_media":0,"comment_status":"closed","ping_status":"closed","sticky":false,"template":"","format":"standard","meta":{"fifu_image_url":"","fifu_image_alt":"","footnotes":""},"categories":[73,53],"tags":[],"class_list":["post-81745","post","type-post","status-publish","format-standard","hentry","category-actualite","category-algerie"],"_links":{"self":[{"href":"https:\/\/linitiative.ca\/International\/wp-json\/wp\/v2\/posts\/81745","targetHints":{"allow":["GET"]}}],"collection":[{"href":"https:\/\/linitiative.ca\/International\/wp-json\/wp\/v2\/posts"}],"about":[{"href":"https:\/\/linitiative.ca\/International\/wp-json\/wp\/v2\/types\/post"}],"author":[{"embeddable":true,"href":"https:\/\/linitiative.ca\/International\/wp-json\/wp\/v2\/users\/1737"}],"replies":[{"embeddable":true,"href":"https:\/\/linitiative.ca\/International\/wp-json\/wp\/v2\/comments?post=81745"}],"version-history":[{"count":0,"href":"https:\/\/linitiative.ca\/International\/wp-json\/wp\/v2\/posts\/81745\/revisions"}],"wp:attachment":[{"href":"https:\/\/linitiative.ca\/International\/wp-json\/wp\/v2\/media?parent=81745"}],"wp:term":[{"taxonomy":"category","embeddable":true,"href":"https:\/\/linitiative.ca\/International\/wp-json\/wp\/v2\/categories?post=81745"},{"taxonomy":"post_tag","embeddable":true,"href":"https:\/\/linitiative.ca\/International\/wp-json\/wp\/v2\/tags?post=81745"}],"curies":[{"name":"wp","href":"https:\/\/api.w.org\/{rel}","templated":true}]}}