{"id":81747,"date":"2020-04-08T18:57:50","date_gmt":"2020-04-08T22:57:50","guid":{"rendered":"https:\/\/linitiative.ca\/International\/covid-19-le-fort-engagement-des-associations-algeroises\/"},"modified":"2020-04-08T18:57:50","modified_gmt":"2020-04-08T22:57:50","slug":"covid-19-le-fort-engagement-des-associations-algeroises","status":"publish","type":"post","link":"https:\/\/linitiative.ca\/International\/covid-19-le-fort-engagement-des-associations-algeroises\/","title":{"rendered":"Covid-19 : Le fort engagement des associations alg\u00e9roises"},"content":{"rendered":"<p><br class=\"autobr\"\/><strong>Plusieurs associations caritatives de la wilaya d\u2019Alger ont lanc\u00e9 de vastes op\u00e9rations de collecte et de distribution de denr\u00e9es alimentaires au profit des n\u00e9cessiteux afin de participer dans la gestion de la crise sanitaire induite par la propagation du Covid-19.<\/strong><\/p>\n<p><br class=\"autobr\"\/><br \/>\nLe plus urgent aujourd\u2019hui est d\u2019assurer surtout l\u2019approvisionnement en denr\u00e9e alimentaires \u00e0 la population confin\u00e9e et surtout aux familles n\u00e9cessiteuses. C\u2019est sur ce volet que le mouvement associatif pourrait jouer un r\u00f4le pr\u00e9pond\u00e9rant dans le travail de proximit\u00e9 et s\u2019\u00e9riger en \u00ab\u00a0interface\u00a0\u00bb entre les citoyens et les autorit\u00e9s locales.<\/p>\n<p><br class=\"autobr\"\/><br \/>\nC\u2019est le cas de l\u2019Association nationale pour la Protection et la Promotion de la Femme et de la Jeunesse ( ANPPFJ), qui, selon sa pr\u00e9sidente Nadia Dridi, veille au grain depuis le d\u00e9but de la crise sanitaire . Elle multiplie ses actions humanitaires au profit , notamment, des familles d\u00e9munies issues des quartiers populaires d\u2019Alger centre. Elle nous a affirm\u00e9 hier que l\u2019Association poursuit ainsi sa campagne de sensibilisation men\u00e9e dans les quartiers sur l\u2019imp\u00e9ratif de respecter les mesures de confinement .<\/p>\n<p><br class=\"autobr\"\/><br \/>\nL\u2019ANPPFJ coordonne avec les autorit\u00e9s locales en vue de fournir les produits de premi\u00e8re n\u00e9cessit\u00e9 aux familles d\u00e9munies. Et de d\u00e9clarer \u00e0 ce propos\u00a0: \u00ab\u00a0en tant qu\u2019association, nous poursuivrons notre mission de sensibiliser les gens sur la dangerosit\u00e9 du coronavirus, surtout la cat\u00e9gorie des jeunes qui n\u2019arrive pas \u00e0 se confiner \u00e0 longueur de journ\u00e9e \u00e0 la maison. Nous r\u00e9it\u00e9rons nos appels \u00e0 davantage de conscience\u00a0\u00bb.<\/p>\n<p><br class=\"autobr\"\/><br \/>\nMme. Driri a indiqu\u00e9 aussi que la commune d\u2019Alger centre a cr\u00e9\u00e9 un march\u00e9 provisoire destin\u00e9 aux divers produits alimentaires qu\u2019abrite le stade Ouaguenouni \u00e0 Telemly. Il s\u2019agit, explique-t-elle, d\u2019un espace am\u00e9nag\u00e9 pour mettre \u00e0 la disposition de la population qui habite aux alentours de se procurer les denr\u00e9es de premi\u00e8re n\u00e9cessit\u00e9, ajoutant que les horaires d\u2019ouverture sont de 8h \u00e0 14h30.<\/p>\n<p><br class=\"autobr\"\/><br \/>\nEt de pr\u00e9ciser\u00a0: \u00ab\u00a0Une commission a \u00e9t\u00e9 install\u00e9e par l\u2019APC d\u2019Alger Centre en coordination avec les services de la wilaya afin de proc\u00e9der \u00e0 la cr\u00e9ation de ce march\u00e9 provisoire. L\u2019initiative regroupe \u00e9galement diff\u00e9rents acteurs , tels la soci\u00e9t\u00e9 civile et les comit\u00e9s de quartiers, cens\u00e9s informer la population sur la disponibilit\u00e9 des produits primordiaux, \u00e0 l\u2019instar de la semoule, de la farine, des l\u00e9gumineuses, des huiles, ainsi que la pomme de terre et les oignons\u00a0\u00bb.<\/p>\n<p><br class=\"autobr\"\/><br \/>\nElle a fait remarquer dans ce sillage que le march\u00e9 connait une affluence \u00ab\u00a0importante\u00a0\u00bb des consommateurs depuis l\u2019heure de son ouverture jusqu\u2019\u00e0 14h, d\u2019autant plus que les prix, selon ses appr\u00e9ciations, sont \u00ab\u00a0tr\u00e8s abordables\u00a0\u00bb.<\/p>\n<p><br class=\"autobr\"\/><br \/>\nPar ailleurs, Mme\u00a0Dridi a fait savoir que l\u2019Association est en train de pr\u00e9parer une action en pr\u00e9vision du mois de ramadan pour venir en aide aux familles qui sont dans le besoin. \u00a0\u00bb \u00c9tant donn\u00e9 qu\u2019on a arr\u00eat\u00e9 la distribution du couffin de ramadan aux familles n\u00e9cessiteuses, nous avons pens\u00e9, rel\u00e8ve-t-elle, \u00e0 une autre action pour aider ces familles que nous connaissons assez bien\u00a0\u00bb. Et de poursuivre dans ce sens\u00a0:\u00ab\u00a0concernant les denr\u00e9es alimentaires, nous avons approch\u00e9 des commer\u00e7ants qui nous connaissent et nous font confiance pour \u00eatre l\u2019interm\u00e9diaire entre ces bienfaisants et les destinataires des produits collect\u00e9s\u00a0\u00bb.<\/p>\n<p><br class=\"autobr\"\/><br \/>\n\u00a0<\/p>\n<p><br class=\"autobr\"\/><br \/>\nL\u2019association agit, selon sa pr\u00e9sidente, en tenant compte du programme d\u2019actions arr\u00eat\u00e9 \u00e0 l\u2019issue des r\u00e9unions r\u00e9guli\u00e8res avec les autorit\u00e9s locales et les comit\u00e9s de quartiers.<\/p>\n<p>Auteur: Boudjedri<br \/>\n<a href=\"http:\/\/www.jeune-independant.net\/Le-fort-engagement-des.html\">Cliquez ici pour lire l&rsquo;article depuis sa source.<\/a><\/p>\n","protected":false},"excerpt":{"rendered":"<p>Plusieurs associations caritatives de la wilaya d\u2019Alger ont lanc\u00e9 de vastes op\u00e9rations de collecte et de distribution de denr\u00e9es alimentaires au profit des n\u00e9cessiteux afin de participer dans la gestion de la crise sanitaire induite par la propagation du Covid-19. Le plus urgent aujourd\u2019hui est d\u2019assurer surtout l\u2019approvisionnement en denr\u00e9e alimentaires \u00e0 la population confin\u00e9e [&hellip;]<\/p>\n","protected":false},"author":1737,"featured_media":0,"comment_status":"closed","ping_status":"closed","sticky":false,"template":"","format":"standard","meta":{"fifu_image_url":"","fifu_image_alt":"","footnotes":""},"categories":[73,53],"tags":[],"class_list":["post-81747","post","type-post","status-publish","format-standard","hentry","category-actualite","category-algerie"],"_links":{"self":[{"href":"https:\/\/linitiative.ca\/International\/wp-json\/wp\/v2\/posts\/81747","targetHints":{"allow":["GET"]}}],"collection":[{"href":"https:\/\/linitiative.ca\/International\/wp-json\/wp\/v2\/posts"}],"about":[{"href":"https:\/\/linitiative.ca\/International\/wp-json\/wp\/v2\/types\/post"}],"author":[{"embeddable":true,"href":"https:\/\/linitiative.ca\/International\/wp-json\/wp\/v2\/users\/1737"}],"replies":[{"embeddable":true,"href":"https:\/\/linitiative.ca\/International\/wp-json\/wp\/v2\/comments?post=81747"}],"version-history":[{"count":0,"href":"https:\/\/linitiative.ca\/International\/wp-json\/wp\/v2\/posts\/81747\/revisions"}],"wp:attachment":[{"href":"https:\/\/linitiative.ca\/International\/wp-json\/wp\/v2\/media?parent=81747"}],"wp:term":[{"taxonomy":"category","embeddable":true,"href":"https:\/\/linitiative.ca\/International\/wp-json\/wp\/v2\/categories?post=81747"},{"taxonomy":"post_tag","embeddable":true,"href":"https:\/\/linitiative.ca\/International\/wp-json\/wp\/v2\/tags?post=81747"}],"curies":[{"name":"wp","href":"https:\/\/api.w.org\/{rel}","templated":true}]}}