{"id":81755,"date":"2020-04-09T02:32:31","date_gmt":"2020-04-09T06:32:31","guid":{"rendered":"https:\/\/linitiative.ca\/International\/la-banque-dalgerie-veut-limiter-les-effets-de-la-crise-du-covid-19-les-dettes-des-entreprises-reechelonnees\/"},"modified":"2020-04-09T02:32:31","modified_gmt":"2020-04-09T06:32:31","slug":"la-banque-dalgerie-veut-limiter-les-effets-de-la-crise-du-covid-19-les-dettes-des-entreprises-reechelonnees","status":"publish","type":"post","link":"https:\/\/linitiative.ca\/International\/la-banque-dalgerie-veut-limiter-les-effets-de-la-crise-du-covid-19-les-dettes-des-entreprises-reechelonnees\/","title":{"rendered":"La Banque d\u2019Alg\u00e9rie veut limiter les effets de la crise du Covid-19 : Les dettes des entreprises r\u00e9\u00e9chelonn\u00e9es"},"content":{"rendered":"<h4 class=\"title-14\"\/>\n<div class=\"featured_image\"><img loading=\"lazy\" decoding=\"async\" width=\"1187\" height=\"522\" src=\"https:\/\/www.elwatan.com\/wp-content\/uploads\/2020\/04\/UNNNNEEEEEEE.jpg\" class=\"attachment-post-thumbnail size-post-thumbnail wp-post-image\" alt=\"\" srcset=\"https:\/\/www.elwatan.com\/wp-content\/uploads\/2020\/04\/UNNNNEEEEEEE.jpg 1187w, https:\/\/www.elwatan.com\/wp-content\/uploads\/2020\/04\/UNNNNEEEEEEE-300x132.jpg 300w, https:\/\/www.elwatan.com\/wp-content\/uploads\/2020\/04\/UNNNNEEEEEEE-768x338.jpg 768w, https:\/\/www.elwatan.com\/wp-content\/uploads\/2020\/04\/UNNNNEEEEEEE-1024x450.jpg 1024w\" sizes=\"auto, (max-width: 1187px) 100vw, 1187px\"\/><\/div>\n<p class=\"p1\"><span class=\"s1\"><strong>La Banque d\u2019Alg\u00e9rie a d\u00e9cid\u00e9 le r\u00e9\u00e9chelonnement des cr\u00e9dits au profit des entreprises, publiques et priv\u00e9es, jusqu\u2019\u00e0 septembre prochain. L\u2019annonce a \u00e9t\u00e9 faite hier par le ministre de l\u2019Industrie et des Mines, Ferhat A\u00eft Ali Braham, lors d\u2019une \u00e9mission de la Radio nationale (Cha\u00eene 2).\u00a0<\/strong><\/span><span class=\"s3\"><strong>Des mesures ont \u00e9t\u00e9 prises et d\u2019autres le seront, a indiqu\u00e9 le ministre de l\u2019Industrie et des Mines, qui a soulign\u00e9 que les ministres n\u2019ont pas attendu la crise du coronavirus pour travailler et r\u00e9former tout ce qui est r\u00e9formable dans la gouvernance de ce pays.<\/strong><\/span><\/p>\n<p class=\"p4\"><span class=\"s4\"><strong>L<\/strong><\/span><span class=\"s3\">a Banque d\u2019Alg\u00e9rie a d\u00e9cid\u00e9 le r\u00e9\u00e9chelonnement des cr\u00e9dits au profit des entreprises, publiques et priv\u00e9es, jusqu\u2019\u00e0 septembre prochain. L\u2019annonce a \u00e9t\u00e9 faite hier par le ministre de l\u2019Industrie et des Mines, Ferhat A\u00eft Ali Braham, lors d\u2019une \u00e9mission de la Radio nationale (Cha\u00eene 2). La mesure est venue aider les op\u00e9rateurs \u00e9conomiques dans ces moments de crise.<\/span><\/p>\n<p class=\"p4\"><span class=\"s3\">Des mesures ont \u00e9t\u00e9 prises et d\u2019autres le seront, a indiqu\u00e9 le ministre de l\u2019Industrie et des Mines, qui a soulign\u00e9 que les ministres n\u2019ont pas attendu la crise du coronavirus pour travailler et r\u00e9former tout ce qui est r\u00e9formable dans la gouvernance de ce pays. Plus que cela, la crise sanitaire a servi de stimulateur.<\/span><\/p>\n<p class=\"p4\"><span class=\"s3\">Aujourd\u2019hui, selon lui, on mesure bien le caract\u00e8re strat\u00e9gique d\u2019une production nationale. Notre plan pour relancer notre \u00e9conomie et la suppression des \u00e9cueils qui emp\u00eachaient les vrais investissements est pr\u00eat, le projet de loi finances compl\u00e9mentaire et d\u2019autres textes n\u2019attendent que de passer par le Parlement, qui ne peut malheureusement pas se r\u00e9unir en ce moment de crise, pr\u00e9cise M. A\u00eft Ali qui annonce la finalisation de la r\u00e9vision des textes de loi r\u00e9gissant l\u2019industrie automobile et l\u2019investissement.<\/span><\/p>\n<p class=\"p4\"><span class=\"s3\">Mettant l\u2019accent sur le retour en force du secteur public dans certains segments de production, le ministre de l\u2019Industrie et des Mines a affirm\u00e9 hier que <em>\u00abmalgr\u00e9 les contraintes auxquelles fait face Saidal, notamment la concurrence d\u00e9loyale et les probl\u00e8mes de gestion interne, cette entreprise publique a r\u00e9pondu pr\u00e9sente et de mani\u00e8re rapide face \u00e0 cette catastrophe mondiale\u00bb.<\/em><\/span><\/p>\n<p class=\"p4\"><span class=\"s3\"><em>\u00abNous aurions souhait\u00e9 que des grandes entreprises du secteur priv\u00e9 s\u2019impliquent aux c\u00f4t\u00e9s des entreprises publiques en ces moments difficiles\u00bb<\/em>, a soulign\u00e9 Ferhat A\u00eft Ali, pr\u00e9cisant que gr\u00e2ce au groupe public Saidal, <em>\u00abqui, heureusement, disposait d\u2019un stock strat\u00e9gique\u00bb<\/em>, l\u2019Alg\u00e9rie fait face \u00e0 cette situation.<\/span><\/p>\n<p class=\"p4\"><span class=\"s3\">Le ministre de l\u2019Industrie a estim\u00e9 que le gouvernement n\u2019a pas attendu cette situation de crise pour <em>\u00abpenser \u00e0 relancer le secteur public et \u00e0 mettre en place des exigences pour l\u2019investissement priv\u00e9 afin qu\u2019il soit \u00e0 l\u2019avenir un investissement strat\u00e9gique\u00bb. \u00abNous avons besoin d\u2019investisseurs qui s\u2019inscrivent dans la construction du pays, et non pas dans sa destruction\u00bb<\/em>, a-t-il soutenu.<\/span><\/p>\n<p class=\"p4\"><span class=\"s3\">Evoquant, par ailleurs, les dispositions prises pour r\u00e9pondre aux besoins croissants du secteur de la sant\u00e9, notamment en masques et en appareils de respiration, le ministre a assur\u00e9 que les entreprises publiques, notamment Enie, Eniem et Getex, ont soumis aux laboratoires nationaux des prototypes de produits pour homologation avant de proc\u00e9der \u00e0 la production \u00e0 grande \u00e9chelle.<\/span><\/p>\n<p class=\"p4\"><span class=\"s3\">Soulignant que la production de masques devait r\u00e9pondre \u00e0 des exigences techniques et r\u00e9glementaires, M. A\u00eft Ali a indiqu\u00e9 que l\u2019objectif actuel est de produire 12 millions de masques par mois pour r\u00e9pondre aux besoins impos\u00e9s par l\u2019\u00e9pid\u00e9mie.\u00a0<\/span><\/p>\n<p><span class=\"post-views-label\">Post Views:<\/span> <span class=\"post-views-count\">2\u00a0259<\/span><\/p>\n<p><br class=\"c2\"\/><br class=\"c5\"\/><\/p>\n<p>Auteur: Anis Khecheba<br \/>\n<a href=\"https:\/\/www.elwatan.com\/edition\/economie\/mesures-au-profit-des-operateurs-economiques-la-banque-dalgerie-reechelonne-le-remboursement-des-credits-09-04-2020\">Cliquez ici pour lire l&rsquo;article depuis sa source.<\/a><\/p>\n","protected":false},"excerpt":{"rendered":"<p>La Banque d\u2019Alg\u00e9rie a d\u00e9cid\u00e9 le r\u00e9\u00e9chelonnement des cr\u00e9dits au profit des entreprises, publiques et priv\u00e9es, jusqu\u2019\u00e0 septembre prochain. L\u2019annonce a \u00e9t\u00e9 faite hier par le ministre de l\u2019Industrie et des Mines, Ferhat A\u00eft Ali Braham, lors d\u2019une \u00e9mission de la Radio nationale (Cha\u00eene 2).\u00a0Des mesures ont \u00e9t\u00e9 prises et d\u2019autres le seront, a indiqu\u00e9 [&hellip;]<\/p>\n","protected":false},"author":1743,"featured_media":81756,"comment_status":"closed","ping_status":"closed","sticky":false,"template":"","format":"standard","meta":{"fifu_image_url":"","fifu_image_alt":"","footnotes":""},"categories":[73,53],"tags":[],"class_list":["post-81755","post","type-post","status-publish","format-standard","has-post-thumbnail","hentry","category-actualite","category-algerie"],"_links":{"self":[{"href":"https:\/\/linitiative.ca\/International\/wp-json\/wp\/v2\/posts\/81755","targetHints":{"allow":["GET"]}}],"collection":[{"href":"https:\/\/linitiative.ca\/International\/wp-json\/wp\/v2\/posts"}],"about":[{"href":"https:\/\/linitiative.ca\/International\/wp-json\/wp\/v2\/types\/post"}],"author":[{"embeddable":true,"href":"https:\/\/linitiative.ca\/International\/wp-json\/wp\/v2\/users\/1743"}],"replies":[{"embeddable":true,"href":"https:\/\/linitiative.ca\/International\/wp-json\/wp\/v2\/comments?post=81755"}],"version-history":[{"count":0,"href":"https:\/\/linitiative.ca\/International\/wp-json\/wp\/v2\/posts\/81755\/revisions"}],"wp:featuredmedia":[{"embeddable":true,"href":"https:\/\/linitiative.ca\/International\/wp-json\/"}],"wp:attachment":[{"href":"https:\/\/linitiative.ca\/International\/wp-json\/wp\/v2\/media?parent=81755"}],"wp:term":[{"taxonomy":"category","embeddable":true,"href":"https:\/\/linitiative.ca\/International\/wp-json\/wp\/v2\/categories?post=81755"},{"taxonomy":"post_tag","embeddable":true,"href":"https:\/\/linitiative.ca\/International\/wp-json\/wp\/v2\/tags?post=81755"}],"curies":[{"name":"wp","href":"https:\/\/api.w.org\/{rel}","templated":true}]}}