{"id":81758,"date":"2020-04-09T09:34:00","date_gmt":"2020-04-09T13:34:00","guid":{"rendered":"https:\/\/linitiative.ca\/International\/68-personnalites-tunisiennes-saisissent-elyes-fakhfakh-de-propositions-en-matiere-de-gouvernance-de-la-crise-et-des-modalites-den-sortir\/"},"modified":"2020-04-09T09:34:00","modified_gmt":"2020-04-09T13:34:00","slug":"68-personnalites-tunisiennes-saisissent-elyes-fakhfakh-de-propositions-en-matiere-de-gouvernance-de-la-crise-et-des-modalites-den-sortir","status":"publish","type":"post","link":"https:\/\/linitiative.ca\/International\/68-personnalites-tunisiennes-saisissent-elyes-fakhfakh-de-propositions-en-matiere-de-gouvernance-de-la-crise-et-des-modalites-den-sortir\/","title":{"rendered":"68 personnalit\u00e9s tunisiennes saisissent Ely\u00e8s Fakhfakh de propositions en mati\u00e8re de gouvernance de la crise et des modalit\u00e9s d&rsquo;en sortir"},"content":{"rendered":"<p><span class=\"c2\">Dans une d\u00e9marche citoyenne en contribution \u00e0 la mobilisation nationale en mati\u00e8re de lutte contre la pand\u00e9mie, un groupe de personnalit\u00e9s tunisiennes a dress\u00e9 au chef du gouvernement des propositions en mati\u00e8re de gouvernance de cette crise et des modalit\u00e9s d&rsquo;en sortir. Cette lettre d\u00e9pos\u00e9e \u00e0 la Kasbah, il y a quelques jours est rendue publique ci-apr\u00e8s. Parmi ses 68 signataires figurent les quatre prix Nobel de la Paix, quatre anciens ministres de la sant\u00e9, plus de vingt professeurs de m\u00e9decine et de pharmacie, des chefs d&rsquo;entreprises, des universitaires et diverses personnalit\u00e9s de la Soci\u00e9t\u00e9 Civile.<\/span><\/p>\n<p><em><span class=\"c3\"><strong>Monsieur le chef du gouvernement,<\/strong><\/span><\/em><\/p>\n<p>La Tunisie, comme le reste du monde, fait face \u00e0 une pand\u00e9mie due \u00e0 un virus inconnu jusque-l\u00e0 le SRAS-CoV-2. Cette pand\u00e9mie a d\u00e9j\u00e0 occasionn\u00e9 dans de multiples pays, y compris ceux riches et d\u00e9velopp\u00e9s, des d\u00e9g\u00e2ts consid\u00e9rables, aussi bien sur le plan sanitaire que social ou \u00e9conomique. Notre pays serait bien incapable de faire face \u00e0 cette pand\u00e9mie, si nous l\u2019affrontions avec les m\u00eames strat\u00e9gies que ces pays. Nous devons tirer les le\u00e7ons des exp\u00e9riences des autres, retenir les meilleures pratiques et \u00e9viter les erreurs commises. Nous devons adopter une strat\u00e9gie qui tienne compte de nos moyens et de notre contexte \u00e9conomique et social.<\/p>\n<p>Comme vous avez eu l\u2019occasion de l\u2019affirmer, les d\u00e9fis que nous devons affronter, en priorit\u00e9, sont:<\/p>\n<p class=\"c4\"><span class=\"c3\"><strong>\u2022<\/strong><\/span> Sanitaires afin de prot\u00e9ger le maximum de personnes, sauver le maximum de vies et endiguer au plus vite la propagation du virus,<br \/><span class=\"c3\"><strong>\u2022<\/strong><\/span> Sociaux afin d\u2019aider les couches les plus d\u00e9favoris\u00e9es, les ouvriers qui risquent de perdre leur travail, les journaliers et ceux qui travaillent dans le secteur informel.<br \/><span class=\"c3\"><strong>\u2022<\/strong><\/span> \u00c9conomiques afin de pr\u00e9server au maximum notre tissu \u00e9conomique et en particulier nos artisans, nos commer\u00e7ants, nos paysans, nos start-ups, TPE, PME et PMI qui doivent continuer \u00e0 jouer leur r\u00f4le social et surtout reprendre leurs activit\u00e9s \u00e0 la sortie de la crise.<\/p>\n<p>Notre d\u00e9marche en tant que membres de la soci\u00e9t\u00e9 civile, du monde m\u00e9dical, du monde acad\u00e9mique, hommes et femmes politiques n\u2019a pour but que d\u2019aider les autorit\u00e9s \u00e0 mobiliser au mieux nos forces en tenant compte de nos nombreux points faibles.<\/p>\n<p>La situation nous commande une union de toutes les forces du pays, ind\u00e9pendamment de leur positionnement politique.<\/p>\n<p>C\u2019est dans cet objectif que nous avons d\u00e9cid\u00e9 d\u2019apporter notre contribution par des propositions concr\u00e8tes.<\/p>\n<p>Le gouvernement a pris des d\u00e9cisions pr\u00e9coces et urgentes afin de limiter la propagation du virus comme la fermeture des fronti\u00e8res, le confinement g\u00e9n\u00e9ral de la population et le suivi du confinement individuel des personnes rentrant de l\u2019\u00e9tranger. Nous saluons ces mesures, ainsi que toutes celles destin\u00e9es \u00e0 all\u00e9ger l\u2019impact financier sur les cat\u00e9gories fragiles. Elles sont n\u00e9cessaires et salutaires.<\/p>\n<p>Leur mise en \u0153uvre, malgr\u00e9 certaines limites, n\u2019a \u00e9t\u00e9 possible que gr\u00e2ce \u00e0 l\u2019engagement sans limite de l\u2019ensemble du personnel m\u00e9dical, des forces de s\u00e9curit\u00e9 et de l\u2019arm\u00e9e. Nous rendons, ici, \u00e0 tous, un hommage appuy\u00e9 et nous leur exprimons toute notre reconnaissance pour leur mobilisation sans faille depuis le d\u00e9but de la crise.<\/p>\n<p>Notre strat\u00e9gie pour les jours \u00e0 venir doit viser \u00e0 prot\u00e9ger au maximum la population et \u00e0 essayer de circonscrire au maximum la dur\u00e9e du confinement en anticipant le meilleur sc\u00e9nario de d\u00e9-confinement progressif et cibl\u00e9, pour all\u00e9ger la souffrance des couches les plus d\u00e9munies et \u00e9viter le risque de m\u00e9contentement sinon d\u2019une explosion sociale. Ce risque serait d\u2019autant plus \u00e0 craindre si le confinement devait \u00eatre prolong\u00e9 au-del\u00e0 du 19 Avril, sans que des mesures tr\u00e8s fortes d\u2019accompagnement n\u2019aient \u00e9t\u00e9 prises de mani\u00e8re urgente en faveur des plus d\u00e9munis.<\/p>\n<p><span class=\"c6\"><span class=\"c5\"><strong>Sur le plan sanitaire<\/strong><\/span><\/span><\/p>\n<p>La d\u00e9cision de confinement g\u00e9n\u00e9ral de la population, adopt\u00e9e pour une p\u00e9riode initiale de 15 jours et prorog\u00e9e de deux semaines suppl\u00e9mentaires, est la bonne d\u00e9cision. Il faut la maintenir, la renforcer et la compl\u00e9ter afin d\u2019assurer les conditions de son application. Les mesures coercitives sont probablement n\u00e9cessaires, mais l\u2019adh\u00e9sion de la population passe plus par la p\u00e9dagogie, l\u2019encadrement et l\u2019appui \u00e9conomique. Devant les difficult\u00e9s \u00e0 faire admettre \u00e0 la population la n\u00e9cessit\u00e9 d\u2019un confinement g\u00e9n\u00e9ral, la strat\u00e9gie doit, en compl\u00e9ment au confinement n\u00e9cessairement limit\u00e9 dans le temps, viser \u00e0 isoler d\u2019une mani\u00e8re ferme les personnes infect\u00e9es et \u00e0 diminuer leur contagiosit\u00e9 afin de limiter la propagation du virus mais aussi et surtout les personnes \u00e0 risques. Les mesures suivantes devraient \u00eatre prises:<\/p>\n<p><span class=\"c3\"><strong>1.<\/strong><\/span> Confinement de toute personne porteuse du virus dans des h\u00f4tels r\u00e9quisitionn\u00e9s ou mis, par leurs propri\u00e9taires, \u00e0 la disposition du minist\u00e8re de la sant\u00e9. Cette mesure doit \u00eatre ferme et s\u2019appliquer \u00e0 toute personne contamin\u00e9e, avec une surveillance m\u00e9dicale sur place, assur\u00e9e par rotation par des m\u00e9decins de la premi\u00e8re ligne. Dans la mesure du possible ces h\u00f4tels doivent \u00eatre dans une zone \u00e0 l\u2019\u00e9cart des centres urbains. Le nombre de lits \u00e0 r\u00e9server peut-\u00eatre estim\u00e9, dans l\u2019\u00e9tat actuel des choses, \u00e0 1000.<\/p>\n<p><span class=\"c3\"><strong>2.<\/strong><\/span> Traitement de tous les malades, qui pr\u00e9sentent des formes pauci symptomatiques et sous contr\u00f4le m\u00e9dical, notamment par l\u2019association Hydroxy chloroquine, Azithromycine. Cette administration doit se faire selon le protocole et la surveillance pr\u00e9conis\u00e9s. L\u2019objectif est de diminuer l\u2019apparition des formes graves mais aussi la n\u00e9gativation rapide de la charge virale afin de limiter la p\u00e9riode de confinement. Il est imp\u00e9ratif de s\u2019assurer que le malade n\u2019est plus contagieux avant de d\u00e9cider de la fin de son confinement.<\/p>\n<p><span class=\"c3\"><strong>3.<\/strong><\/span> Hospitalisation, dans des services d\u00e9di\u00e9s, de toute personne pr\u00e9sentant le moindre signe de gravit\u00e9. Il est n\u00e9cessaire que tous les services choisis pour recevoir ces patients soient bien pr\u00e9par\u00e9s \u00e0 cet effet : personnel, \u00e9quipements et consommables.<\/p>\n<p><strong><span class=\"c3\">4.<\/span><\/strong> G\u00e9n\u00e9ralisation du d\u00e9pistage cibl\u00e9 dans l\u2019entourage des patients mais aussi, d\u2019une mani\u00e8re al\u00e9atoire, dans les r\u00e9gions les plus touch\u00e9es. Atteindre 1500 tests par jour doit \u00eatre un objectif \u00e0 court terme, en mettant les moyens pour aller bien au-del\u00e0 et au plus vite. Il est n\u00e9cessaire de mettre \u00e0 contribution notre diplomatie afin de se procurer les kits n\u00e9cessaires.<\/p>\n<p><span class=\"c3\"><strong>5.<\/strong><\/span> Mise \u00e0 la disposition du personnel soignant, public et priv\u00e9, de tous les \u00e9quipements n\u00e9cessaires \u00e0 sa protection. Il faut saluer \u00e0 ce propos l\u2019effort de la soci\u00e9t\u00e9 civile qui vient en appui au minist\u00e8re de la sant\u00e9.<\/p>\n<p><span class=\"c3\"><strong>6.<\/strong><\/span> Renforcer les campagnes de sensibilisation pour le respect des r\u00e8gles d\u2019hygi\u00e8ne, de distanciation sociale et des gestes barrages. Une op\u00e9ration \u00abmasque pour tous\u00bb doit \u00eatre lanc\u00e9e, o\u00f9 des masques en tissu seront utilis\u00e9s par les citoyens et les masques chirurgicaux et autres mat\u00e9riels de protection r\u00e9serv\u00e9s \u00e0 l&rsquo;usage des soignants.<\/p>\n<p>Avec toutes ces mesures prises d\u2019une mani\u00e8re concomitante et beaucoup de fermet\u00e9 nous esp\u00e9rons arriver \u00e0 la date du 19 Avril \u00e0 limiter au maximum le nombre de personnes infect\u00e9es et \u00e0 lever progressivement le confinement g\u00e9n\u00e9ral pour imposer un confinement cibl\u00e9.<\/p>\n<p><span class=\"c6\"><span class=\"c5\"><strong>Sur le plan social<\/strong><\/span><\/span><\/p>\n<p>La Tunisie compte aujourd\u2019hui pr\u00e8s de deux millions de personnes qui vivent en dessous du seuil de la pauvret\u00e9. Le nombre de personnes vuln\u00e9rables, vivant au-dessus du seuil de la pauvret\u00e9 mais susceptibles d\u2019y retomber, suite \u00e0 des difficult\u00e9s conjoncturelles, s\u2019\u00e9l\u00e8ve \u00e0 plusieurs autres centaines de milliers. La pand\u00e9mie fragilise toutes ces populations. Le confinement, in\u00e9luctable sur le plan sanitaire, les fragilise encore plus. Il les prive de sources de revenus. Il est essentiel que le confinement soit le plus strict possible pour pouvoir \u00eatre le plus efficace et le plus court possible et il est fondamental que ces populations soient secourues correctement pendant le confinement. Ces populations, quand elles ont la chance de travailler, n\u2019ont pas d\u2019\u00e9pargne. Elles vivent au jour le jour. Il est important, si nous voulons que le confinement soit respect\u00e9 que l\u2019\u00c9tat mette \u00e0 disposition de l\u2019ensemble des personnes concern\u00e9es, quotidiennement de quoi leur permettre de survivre.<\/p>\n<p>Un panier familial de r\u00e9f\u00e9rence devrait \u00eatre d\u00e9fini, achemin\u00e9 par l\u2019arm\u00e9e et distribu\u00e9 avec l\u2019appui des autorit\u00e9s et les associations locales ayant une bonne connaissance du terrain et des besoins r\u00e9els des habitants. \u00c0 d\u00e9faut de capacit\u00e9 d\u2019acheminement, une aide financi\u00e8re \u00e9quivalente doit \u00eatre distribu\u00e9e aux familles n\u00e9cessiteuses, \u00e0 travers les m\u00eames circuits, dans la proximit\u00e9. Il y a l\u00e0 une opportunit\u00e9 pour mettre \u00e0 la disposition des b\u00e9n\u00e9ficiaires et sur un r\u00e9seau de commer\u00e7ants partenaires un porte-monnaie \u00e9lectronique qui pourrait \u00e9viter les risques de regroupement autour des points de distribution des aides en num\u00e9raire ou en nature.<\/p>\n<p>Des d\u00e9passements et des d\u00e9tournements de cette aide, mat\u00e9rielle ou financi\u00e8re, vont n\u00e9cessairement avoir lieu. Ils sont in\u00e9vitables et valent bien mieux que des oublis ou des omissions. Le co\u00fbt de cette op\u00e9ration, pour les trois semaines de confinement qui sont encore devant nous, sont tout \u00e0 fait \u00e0 notre port\u00e9e. Nous les estimons autour de 250 \u00e0 300 millions de dinars. Des \u00e9tablissements publics, devenus vacants par l\u2019effet du confinement, devraient \u00eatre ouverts pour recevoir les \u00ab sans domicile fixe \u00bb que nous voyons se multiplier dans nos villes pour les h\u00e9berger, les soigner et les nourrir, le temps du confinement. Il faut aussi renforcer les efforts pour l\u2019acc\u00e8s universel aux moyens de communication et permettre l\u2019\u00e9ducation \u00e0 distance pour le plus grand nombre.<\/p>\n<p>La protection du pouvoir d\u2019achat reste un \u00e9l\u00e9ment important, surtout dans des p\u00e9riodes de difficult\u00e9s d\u2019approvisionnement et de distribution. Un suivi des diff\u00e9rents circuits pour \u00e9viter une flamb\u00e9e des prix est indispensable.<\/p>\n<p><span class=\"c5\"><span class=\"c6\"><strong>Sur le plan \u00e9conomique<\/strong><\/span><\/span><\/p>\n<p>Le monde a mis de longues semaines pour se rendre compte de l\u2019ampleur, de la gravit\u00e9 et de la violence de la pand\u00e9mie qui le frappe et de ses effets d\u00e9vastateurs sur son \u00e9conomie. Les \u00e9conomistes et les financiers les plus optimistes parlent d\u2019une r\u00e9cession violente qui verrait le PIB des grands pays (Chine, \u00c9tats-Unis, Europe\u2026) reculer d plusieurs points et s\u2019installer, hormis peut-\u00eatre la Chine, en territoires n\u00e9gatifs.<\/p>\n<p>La Tunisie doit faire que sa gestion sanitaire de la crise soit exemplaire et que sa sortie progressive du confinement soit rapide pour \u00e9viter un effondrement de son \u00e9conomie. La pand\u00e9mie intervient \u00e0 un moment o\u00f9 la croissance \u00e9tait d\u00e9j\u00e0 poussive, o\u00f9 le ch\u00f4mage \u00e9tait durablement install\u00e9 \u00e0 des niveaux inacceptables, o\u00f9 l\u2019inflation restait \u00e0 des niveaux \u00e9lev\u00e9s malgr\u00e9 une inflexion r\u00e9cente, o\u00f9 le pouvoir d\u2019achat des populations \u00e9tait \u00e9rod\u00e9, o\u00f9 les entreprises publiques cumulaient les d\u00e9ficits pendant que celles priv\u00e9es ployaient sous le poids des imp\u00f4ts, des charges sociales et des tracasseries administratives, o\u00f9 les caisses sociales mena\u00e7aient d\u2019effondrement, o\u00f9 le syst\u00e8me sanitaire chancelait, o\u00f9 la d\u00e9sindustrialisation \u00e9tait en marche depuis plusieurs ann\u00e9es\u2026 Nous avons conscience que les marges de man\u0153uvre au niveau du budget de l\u2019\u00c9tat sont limit\u00e9es sinon inexistantes. Et pourtant l\u2019\u00c9tat doit voler au secours de tous ses op\u00e9rateurs \u00e9conomiques.<\/p>\n<p>Le Chef du Gouvernement a d\u00e9j\u00e0 fait des annonces inusit\u00e9es en termes de soutien \u00e0 l\u2019activit\u00e9 \u00e9conomique. Une enveloppe globale pour un stimulus \u00e9conomique de plus de 2% du PIB: du jamais vu. Pourtant, il va falloir faire plus et surtout, mettre cette enveloppe le plus rapidement possible \u00e0 la disposition de tous les op\u00e9rateurs \u00e9conomiques concern\u00e9s mais \u00e9galement\u00a0 imaginer d\u2019autres interventions d\u2019ampleur, en faveur de tous les op\u00e9rateurs \u00e9conomiques que les mesures annonc\u00e9es ne concerneront pas.<\/p>\n<p><span class=\"c3\"><strong>1.<\/strong><\/span> Il faut publier sans d\u00e9lai tous les textes d\u2019application, sans lesquels les mesures annonc\u00e9es restent sans effets. Il faut donner, sans plus tarder, \u00e0 ces mesures leur acte de naissance l\u00e9gal,<\/p>\n<p><span class=\"c3\"><strong>2.<\/strong><\/span> Il faut faire que les crit\u00e8res d\u2019\u00e9ligibilit\u00e9 des entreprises au b\u00e9n\u00e9fice des mesures annonc\u00e9es soient connus de mani\u00e8re objective et que le b\u00e9n\u00e9fice des mesures ne soit pas tributaire d\u2019une commission livr\u00e9e \u00e0 elle-m\u00eame ou qui chercherait \u00e0 minimiser les d\u00e9penses de l\u2019\u00c9tat dans une conjoncture de disette,<\/p>\n<p><span class=\"c3\"><strong>3.<\/strong><\/span> Afin d\u2018assurer le maximum de chances de succ\u00e8s \u00e0 cette d\u00e9marche de soutien aux entreprises, il est essentiel qu\u2019elle se fasse dans la proximit\u00e9. L\u2019instruction des dossiers des entreprises impact\u00e9es par la crise devrait \u00eatre men\u00e9e par les banques commerciales. Il leur reviendra de faire remonter les dossiers \u00e9tudi\u00e9s \u00e0 la commission, r\u00e9gionale ou nationale, dans un d\u00e9lai maximum de 15 jours. L\u2019objectif devrait \u00eatre d\u2019assurer \u00e0 chaque entreprise une tr\u00e9sorerie minimale correspondant \u00e0 un minimum de 45 jours de son besoin en fonds de roulement. L\u2019intervention de l\u2019\u00c9tat devrait se faire, sans d\u00e9caissement, \u00e0 travers une garantie donn\u00e9e \u00e0 la banque de l\u2019entreprise b\u00e9n\u00e9ficiaire.<\/p>\n<p><span class=\"c3\"><strong>4.<\/strong><\/span> En parall\u00e8le \u00e0 toutes ces mesures, il est essentiel de permettre aux entreprises, qui le souhaitent et qui pr\u00e9sentent les garanties sanitaires n\u00e9cessaires, une reprise plus rapide de leurs activit\u00e9s. Ces garanties pourraient \u00eatre, une distanciation physique suffisante sur site, le transport du personnel dans des conditions agr\u00e9\u00e9es, des proc\u00e9dures barri\u00e8re sur le lieu de travail et une visite m\u00e9dicale quotidienne avec des tests al\u00e9atoires et permanents. Les co\u00fbts induits par ces mesures restent \u00e9videmment \u00e0 la charge de l\u2019entreprise.<\/p>\n<p><span class=\"c3\"><strong>5.<\/strong><\/span> Des traitements appropri\u00e9s et des m\u00e9canismes pr\u00e9cis doivent \u00eatre identifi\u00e9s pour toucher tous les travailleurs journaliers, les ouvriers agricoles, les artisans et les petits m\u00e9tiers de l\u2019informel, ceux qui partent quotidiennement \u00e0 la recherche d\u2019un revenu, ceux-l\u00e0 m\u00eames, ne b\u00e9n\u00e9ficient ni d\u2019assurance ch\u00f4mage, ni de cong\u00e9s pay\u00e9s, ni de couverture sociale. Ces acteurs \u00e9conomiques fragiles et vuln\u00e9rables \u00e9chappent aux recensements des b\u00e9n\u00e9ficiaires traditionnels de l\u2019aide sociale. Ils ne sont, d\u2019ailleurs, pas demandeurs d&rsquo;aide sociale, mais d&rsquo;accompagnement pour faire face aux contraintes du confinement.<\/p>\n<p><span class=\"c3\"><strong>6.<\/strong><\/span> Notre diaspora \u00e0 l\u2019\u00e9tranger devra \u00eatre sollicit\u00e9e pour contribuer \u00e0 l\u2019effort national de lutte contre la pand\u00e9mie. En m\u00eame temps, nous devons \u00eatre attentifs \u00e0 la situation difficile de certains de ses membres. Souvent, rien dans les pays h\u00f4tes ne permet de les prendre en charge et de soulager leur souffrance \u00e9conomique, dans la dignit\u00e9. Cela est notamment le cas de beaucoup de nos \u00e9tudiants, dans l\u2019incapacit\u00e9 d\u2019exercer les petits m\u00e9tiers qui les faisaient vivre et financer leurs \u00e9tudes. Cela est \u00e9galement le cas de certains expatri\u00e9s, encore retenus \u00e0 l\u2019\u00e9tranger.<\/p>\n<p><span class=\"c3\"><strong>7.<\/strong><\/span> Nous devons \u00eatre attentifs \u00e9galement \u00e0 la communaut\u00e9 des \u00e9tudiants \u00e9trangers majoritairement africains et autres \u00e9trangers pr\u00e9sents sur notre sol l\u00e9galement ou ill\u00e9galement pour gagner leur vie. Sachons faire preuve de solidarit\u00e9 \u00e0 leur \u00e9gard.<\/p>\n<p><span class=\"c3\"><strong>8.<\/strong><\/span> Il faut donner \u00e0 la micro finance les moyens de se porter solidaire de ses 450.000 b\u00e9n\u00e9ficiaires. Les institutions de micro finance apportent leur soutien \u00e0 ces op\u00e9rateurs \u00e9conomiques vuln\u00e9rables et \u00e0 la lisi\u00e8re de l\u2019informel pour un volume d&rsquo;intervention sup\u00e9rieur \u00e0 un milliard de dinars. Il est important que l\u2019\u00c9tat facilite leur refinancement et qu\u2019il assouplisse, de mani\u00e8re transitoire, les r\u00e8gles prudentielles qui r\u00e9gissent le secteur, \u00e0 la mani\u00e8re de ce qui a \u00e9t\u00e9 fait avec les banques.<\/p>\n<p><span class=\"c3\"><strong>9.<\/strong><\/span> \u00c0 l\u2019image des grands pays confront\u00e9s \u00e0 cette pand\u00e9mie, sachons-nous exon\u00e9rer des contraintes traditionnelles des \u00e9quilibres budg\u00e9taire et ext\u00e9rieur. Sachons apporter l\u2019appui n\u00e9cessaire \u00e0 la sauvegarde des vies humaines tout autant que de celles de nos entreprises et de tous nos acteurs \u00e9conomiques. Sachons en m\u00eame temps faire preuve de responsabilit\u00e9 et appliquons \u00e0 nous-m\u00eames l\u2019exigence de l\u2019efficacit\u00e9 et de la pertinence.<br \/>Ayons le courage de revoir \u00e0 la baisse toutes les d\u00e9penses budg\u00e9t\u00e9es mais qui ne contribuent pas, dans la conjoncture actuelle, aux trois objectifs simples de sauvegarde des vies humaines, de secours et de soutien aux populations pauvres et vuln\u00e9rables et de sauvegarde de notre tissu \u00e9conomique.<\/p>\n<p><span class=\"c3\"><strong>10.<\/strong><\/span> Le Fonds Mon\u00e9taire et la Banque Mondiale viennent de saisir le G20 d\u2019une demande de gel de la dette des pays pauvres. Certes, la Tunisie n\u2019\u00e9marge pas sur cette cat\u00e9gorie de pays. Mais nous avons \u00e9t\u00e9 \u00e9prouv\u00e9s, toutes ces derni\u00e8res ann\u00e9es, par bien des consid\u00e9rations g\u00e9opolitiques sur lesquelles nous n\u2019avions aucune prise. Nous devons, avec l\u2019appui de quelques pays proches et amis, nous engouffrer dans cette br\u00e8che que les institutions de Bretton Woods entrouvrent pour d\u2019autres.<\/p>\n<p><span class=\"c3\"><strong>11.<\/strong><\/span> Le service de la dette devient insupportable, en temps de paix. Il risque de nous \u00e9touffer dans la guerre que nous engageons contre le coronavirus. Il est urgent que la Tunisie engage avec ses bailleurs de fonds des discussions solidaires et responsables pour une meilleure gestion de sa dette ext\u00e9rieure. Une telle d\u00e9marche n\u2019entacherait en rien la cr\u00e9dibilit\u00e9 de la Tunisie et son attachement permanent \u00e0 honorer ses engagements. Elle pourrait lui permettre de d\u00e9gager une fen\u00eatre budg\u00e9taire pour renouer avec des investissements plus soutenus en mati\u00e8re d\u2019infrastructures et de restauration de sa comp\u00e9titivit\u00e9.<\/p>\n<p><span class=\"c3\"><strong>12.<\/strong><\/span> La chute des prix p\u00e9troliers donne une bouff\u00e9e d\u2019oxyg\u00e8ne au budget de l\u2019Etat en 2020. Il est important d\u2019optimiser les achats avec une politique judicieuse d\u2019achats \u00e0 terme, apr\u00e8s consultation avec les experts dans ce domaine La gouvernance \u00e9conomique et diplomatique du sujet COVID (int\u00e9rieure pour les entreprises et ext\u00e9rieure pour la diplomatie: demandes d\u2019aides, meilleure gestion de la dette) doit \u00eatre confi\u00e9e \u00e0 des \u00e9quipes d\u00e9di\u00e9es qui centralisent tout l\u2019effort.<\/p>\n<p>Ces \u00e9quipes devraient associer des repr\u00e9sentants de l\u2019\u00c9tat, de la soci\u00e9t\u00e9 civile et des organisations nationales, sous le contr\u00f4le conjoint et fortement coordonn\u00e9 des Minist\u00e8res des finances, de la coop\u00e9ration internationale et des affaires \u00e9trang\u00e8res. Elles devraient b\u00e9n\u00e9ficier de proc\u00e9dures exceptionnelles pour faire face \u00e0 une situation exceptionnelle.<br \/>Nous ne devrons pas attendre la sortie de la pand\u00e9mie pour d\u00e9finir un plan de relance et de repositionnement strat\u00e9gique de la Tunisie. La crise nous confronte \u00e0 de multiples d\u00e9fis. Elle n\u2019en pr\u00e9sente pas moins des opportunit\u00e9s consid\u00e9rables.<br \/>Nous devons d\u2019ores et d\u00e9j\u00e0, mettre en place des \u00e9quipes pluridisciplinaires, identifie ces opportunit\u00e9s et avoir l\u2019ambition d\u2019anticiper les mutations vers un monde plus solidaire, plus inclusif et plus durable.<\/p>\n<p><em><strong>Les coordinateurs de l\u2019appel:<\/strong><\/em> <strong>Radhi Meddeb et Slaheddine Sellami<\/strong><\/p>\n<p><span class=\"c7\"><span class=\"c3\"><strong>Signataires par ordre alphab\u00e9tique:<\/strong><\/span><\/span><\/p>\n<p><span class=\"c3\"><strong>\u2022<\/strong><\/span> <span class=\"c3\"><strong>Houcine Abassi<\/strong><\/span> <em>Prix Nobel de la Paix, ancien secr\u00e9taire g\u00e9n\u00e9ral de l\u2019UGTT,<\/em><\/p>\n<p><span class=\"c3\"><strong><span class=\"c3\"><strong>\u2022<\/strong><\/span> Sa\u00efd A\u00efdi Ancien<\/strong><\/span> <em>ministre de la sant\u00e9<\/em><\/p>\n<p><span class=\"c3\"><strong><span class=\"c3\"><strong>\u2022<\/strong><\/span> Mohamed Aloulou<\/strong><\/span> <em>M\u00e9decin, ancien ministre<\/em><\/p>\n<p><span class=\"c3\"><strong>\u2022<\/strong><\/span> <span class=\"c3\"><strong>Naceur Ammar<\/strong><\/span> <em>Professeur, pr\u00e9sident du conseil d&rsquo;administration du Groupe ESPRIT, ancien ministre.<\/em><\/p>\n<p><span class=\"c3\"><strong>\u2022<\/strong><\/span> <span class=\"c3\"><strong>Sonia Bahri<\/strong><\/span> <em>Ancienne Chef de la Section des Politiques Scientifiques \u00e0 l\u2019UNESCO<\/em><\/p>\n<p><span class=\"c3\"><strong><span class=\"c3\"><strong>\u2022<\/strong><\/span> Khaldoun Bardi<\/strong><\/span> <em>Chirurgien, membre de l\u2019acad\u00e9mie europ\u00e9enne<\/em><\/p>\n<p><span class=\"c3\"><strong><span class=\"c3\"><strong>\u2022<\/strong><\/span> Rafika Bardi<\/strong><\/span> <em>Professeur en immunologie, ancien directeur g\u00e9n\u00e9ral du CNPTO<\/em><\/p>\n<p><span class=\"c3\"><strong>\u2022<\/strong><\/span> <span class=\"c3\"><strong>Sadok Bela\u00efd<\/strong><\/span> Ancien doyen de la facult\u00e9 de droit et de sciences \u00e9conomiques de Tunis<\/p>\n<p><span class=\"c3\"><strong>\u2022<\/strong><\/span> <span class=\"c3\"><strong>Faouzi Ben Abderrahmane<\/strong><\/span> <em>Ancien ministre<\/em><\/p>\n<p><span class=\"c3\"><strong><span class=\"c3\"><strong>\u2022<\/strong><\/span> Mohamed Salah Ben Ammar<\/strong><\/span> <em>Professeur de m\u00e9decine, ancien ministre de la sant\u00e9<\/em><\/p>\n<p><strong><span class=\"c3\"><strong>\u2022<\/strong><\/span><\/strong> <span class=\"c3\"><strong>Sonia Ben Hamed<\/strong><\/span> <em>Professeur de m\u00e9decine, maladies infectieuses<\/em><\/p>\n<p><span class=\"c3\"><strong><span class=\"c3\"><strong>\u2022<\/strong><\/span> Zohra Ben Lakhdar<\/strong><\/span> <em>Professeur universitaire, Prix L\u2019Or\u00e9al-Unesco pour les femmes et la science<\/em><\/p>\n<p><span class=\"c3\"><strong>\u2022<\/strong><\/span> <span class=\"c3\"><strong>Kamel Bennaceur<\/strong><\/span> <em>Ancien ministre et professeur \u00e0 Sciences-Po, Paris<\/em><\/p>\n<p><span class=\"c3\"><strong><span class=\"c3\"><strong>\u2022<\/strong><\/span> Haykel Ben Mahfoudh<\/strong><\/span> <em>Professeur de droit public<\/em><\/p>\n<p><span class=\"c3\"><strong><span class=\"c3\"><strong><span class=\"c3\"><strong>\u2022<\/strong><\/span><\/strong><\/span> Abdessattar Ben Moussa<\/strong><\/span> <em>Prix Nobel de la Paix, ancien pr\u00e9sident LTDH<\/em><\/p>\n<p><strong class=\"c8\">\u2022\u00a0<\/strong><span class=\"c3\"><strong>Slim Ben Salah<\/strong><\/span> <em>Chirurgien p\u00e9diatre<\/em><\/p>\n<p><strong class=\"c8\">\u2022\u00a0<\/strong><span class=\"c3\"><strong>Nabila Ben Salem<\/strong><\/span> <em>Professeur de m\u00e9decine, maladies infectieuses<\/em><\/p>\n<p><strong class=\"c8\">\u2022\u00a0<\/strong><span class=\"c3\"><strong>Raja Ben Slama<\/strong><\/span> <em>Professeure de l\u2019enseignement sup\u00e9rieur<\/em><\/p>\n<p><strong class=\"c8\">\u2022\u00a0<\/strong><span class=\"c3\"><strong>B\u00e9chir Ben Yahmed<\/strong><\/span> Directeur, fondateur du groupe Jeune Afrique<\/p>\n<p><strong class=\"c8\">\u2022\u00a0<\/strong><span class=\"c3\"><strong>Sophie Bessis<\/strong><\/span> <em>Historienne<\/em><\/p>\n<p><strong class=\"c8\">\u2022\u00a0<\/strong><span class=\"c3\"><strong>Mohamed Bouanane<\/strong><\/span> <em>Directeur de conseil en management<\/em><\/p>\n<p><strong class=\"c8\">\u2022\u00a0<\/strong><span class=\"c3\"><strong>Ouided Bouchamaoui<\/strong><\/span> <em>Prix Nobel de la Paix, ancienne pr\u00e9sidente de l\u2019UTICA,<\/em><\/p>\n<p><strong class=\"c8\">\u2022\u00a0<\/strong><span class=\"c3\"><strong>Habiba Bouhamed-Chaabouni<\/strong><\/span> <em>M\u00e9decin g\u00e9n\u00e9ticienne, Directeur d\u00e9partement des Sciences Acad\u00e9mie des Sciences, des Lettres et des Arts Beit Al-Hikma<\/em><\/p>\n<p><strong class=\"c8\">\u2022\u00a0<\/strong><span class=\"c3\"><strong>Nabil Cha\u00efbi<\/strong><\/span> <em>Entrepreneur<\/em><\/p>\n<p><strong class=\"c8\">\u2022\u00a0<\/strong><span class=\"c3\"><strong>Faouzi Charfi<\/strong><\/span> <em>Chirurgien, secr\u00e9taire g\u00e9n\u00e9ral Al Massar<\/em><\/p>\n<p><strong class=\"c8\">\u2022<\/strong><span class=\"c3\"><strong class=\"c8\">\u00a0<\/strong><\/span><strong><span class=\"c3\">Faouzia Charfi<\/span><\/strong> <em>Physicienne, membre de l\u2019Acad\u00e9mie des Sciences, des Lettres et des Arts Beit Al-Hikma<\/em><\/p>\n<p><strong class=\"c8\">\u2022\u00a0<\/strong><span class=\"c3\"><strong>Mounir Charfi<\/strong><\/span> <em>Journaliste et actif dans la soci\u00e9t\u00e9 civile<\/em><\/p>\n<p><strong class=\"c8\">\u2022\u00a0<\/strong><span class=\"c3\"><strong>Ahmed Nejib Chebbi<\/strong><\/span> <em>Personnalit\u00e9 politique, ancien ministre<\/em><\/p>\n<p><strong class=\"c8\">\u2022\u00a0<\/strong><span class=\"c3\"><strong>Afif Chelbi<\/strong><\/span> <em>Ancien ministre, ancien pr\u00e9sident du CA\u00c9<\/em><\/p>\n<p><strong class=\"c8\">\u2022\u00a0<\/strong><span class=\"c3\"><strong>Tarak Cherif<\/strong><\/span> <em>Entrepreneur<\/em><\/p>\n<p><strong class=\"c8\">\u2022\u00a0<\/strong><span class=\"c3\"><strong>Lobna Chtir<\/strong><\/span> <em>Pr\u00e9sidente de l\u2019association tounes bensaha<\/em><\/p>\n<p><strong class=\"c8\">\u2022\u00a0<\/strong><span class=\"c3\"><strong>Mohamed Doaggi<\/strong><\/span> <em>Pr\u00e9sident de la soci\u00e9t\u00e9 de p\u00e9diatrie et chef de service \u00e0 l\u2019h\u00f4pital militaire<\/em><\/p>\n<p><strong class=\"c8\">\u2022\u00a0<\/strong><span class=\"c3\"><strong>Mohamed Eljeri<\/strong><\/span> <em>Ancien ministre<\/em><\/p>\n<p><strong class=\"c8\">\u2022\u00a0<\/strong><span class=\"c3\"><strong>Naf\u00e2a Ennaifer<\/strong><\/span> <em>Chef d\u2019entreprise, membre du BD et pr\u00e9sident du Centre de Veille et d\u2019Intelligence \u00c9conomique de l\u2019IACE<\/em><\/p>\n<p><strong class=\"c8\">\u2022\u00a0<\/strong><span class=\"c3\"><strong>Mondher Gastli<\/strong><\/span> <em>M\u00e9decin infectiologue<\/em><\/p>\n<p><strong class=\"c8\">\u2022\u00a0<\/strong><span class=\"c3\"><strong>Sana Ghenima<\/strong><\/span> <em>Chef d&rsquo;entreprise et pr\u00e9sidente Femmes &amp; Leadership<\/em><\/p>\n<p><strong class=\"c8\">\u2022\u00a0<\/strong><span class=\"c3\"><strong>Neziha Gouider-Khouja<\/strong><\/span> <em>Professeur en neurologie, anciennement chef de service \u00e0 l\u2019Institut National de Neurologie, Pr\u00e9sidente du Coll\u00e8ge de Neurologie<\/em><\/p>\n<p><strong class=\"c8\">\u2022\u00a0<\/strong><span class=\"c3\"><strong>Ta\u00efeb Hadhri<\/strong><\/span> <em>Ancien ministre<\/em><\/p>\n<p><strong class=\"c8\">\u2022\u00a0<\/strong><span class=\"c3\"><strong>Abdelkader Hamdouni<\/strong><\/span> <em>Professeur universitaire<\/em><\/p>\n<p><strong class=\"c8\">\u2022\u00a0<\/strong><span class=\"c3\"><strong>Nabila Hamza<\/strong><\/span> <em>Pr\u00e9sidente Foundation For the Future<\/em><\/p>\n<p><strong class=\"c8\">\u2022\u00a0<\/strong><span class=\"c3\"><strong>Radhi Hamza<\/strong><\/span> <em>Professeur \u00e9m\u00e9rite de radiologie<\/em><\/p>\n<p><strong class=\"c8\">\u2022\u00a0<\/strong><span class=\"c3\"><strong>Donia Hedda Ellouze<\/strong><\/span> <em>Avocat \u00e0 la cour de cassation, membre de la soci\u00e9t\u00e9 civile<\/em><\/p>\n<p><strong class=\"c8\">\u2022\u00a0<\/strong><span class=\"c3\"><strong>Abdelhamid Jlassi<\/strong><\/span> <em>Personnalit\u00e9 politique<\/em><\/p>\n<p><strong class=\"c8\">\u2022\u00a0<\/strong><span class=\"c3\"><strong>Khaled Kaddour<\/strong><\/span> <em>Ancien ministre<\/em><\/p>\n<p><strong class=\"c8\">\u2022\u00a0<\/strong><span class=\"c3\"><strong>Lamia Kallel<\/strong><\/span> <em>Professeur en H\u00e9pato-gastro-ent\u00e9rolgie Chef de service \u00e0 l&rsquo;h\u00f4pital Mahmoud El Matri, l&rsquo; riana, Pr\u00e9sidente du Conseil R\u00e9gional de l\u2019Ordre des M\u00e9decins de Tunis<\/em><\/p>\n<p><strong class=\"c8\">\u2022\u00a0<\/strong><span class=\"c3\"><strong>Habib Kazdaghli<\/strong><\/span> <em>Professeur d\u2019histoire contemporaine, ancien doyen de la facult\u00e9 des lettres<\/em><\/p>\n<p><strong class=\"c8\">\u2022\u00a0<\/strong><span class=\"c3\"><strong>Ridha Kechrid<\/strong><\/span> <em>M\u00e9decin, ancien ministre de la sant\u00e9<\/em><\/p>\n<p><strong class=\"c8\">\u2022\u00a0<\/strong><span class=\"c3\"><strong>Fayza Kefi<\/strong><\/span> <em>Ancien ministre<\/em><\/p>\n<p><strong class=\"c8\">\u2022\u00a0<\/strong><span class=\"c3\"><strong>Mhamed Kilani<\/strong><\/span> <em>Secr\u00e9taire g\u00e9n\u00e9ral du Parti Socialiste<\/em><\/p>\n<p><strong class=\"c8\">\u2022\u00a0<\/strong><span class=\"c3\"><strong>Ali Klebi<\/strong><\/span> <em>Pr\u00e9sident Fondateur VITALAIT<\/em><\/p>\n<p><strong class=\"c8\">\u2022\u00a0<\/strong><span class=\"c3\"><strong>H\u00e9di Larbi<\/strong><\/span> <em>Ancien ministre<\/em><\/p>\n<p><strong class=\"c8\">\u2022\u00a0<\/strong><span class=\"c3\"><strong>Mohamed Louzir<\/strong><\/span> <em>Entrepreneur, membre de la soci\u00e9t\u00e9 civile<\/em><\/p>\n<p><strong class=\"c8\">\u2022\u00a0<\/strong><span class=\"c3\"><strong>Selma Mabrouk<\/strong><\/span> <em>M\u00e9decin, Membre de l&rsquo;Assembl\u00e9e Nationale Constituante<\/em><\/p>\n<p><strong class=\"c8\">\u2022\u00a0<\/strong><span class=\"c3\"><strong>Mohamed Fadhel Mahfoudh<\/strong><\/span> <em>Prix Nobel de la Paix, ancien b\u00e2tonnier<\/em><\/p>\n<p><strong class=\"c8\">\u2022\u00a0<\/strong><span class=\"c3\"><strong>Rym Mahjoub Masmoudi<\/strong><\/span> <em>M\u00e9decin radiologue, ancienne d\u00e9put\u00e9e et constituante, pr\u00e9sidente du bureau politique Afek Tounes<\/em><\/p>\n<p><strong class=\"c8\">\u2022\u00a0<\/strong><span class=\"c3\"><strong>Sara Masmoudi<\/strong><\/span> <em>CEO Groupe Kilani et Pr\u00e9sidente de la Chambre Nationale de l\u2019Industrie Pharmaceutique<\/em><\/p>\n<p><strong class=\"c8\">\u2022\u00a0<\/strong><span class=\"c3\"><strong>Aziz Mebarek<\/strong><\/span> <em>Private Equity Managing Partner<\/em><\/p>\n<p><strong class=\"c8\">\u2022\u00a0<\/strong><span class=\"c3\"><strong>Radhi Meddeb<\/strong><\/span> <em>Administrateur de soci\u00e9t\u00e9s, membre de la soci\u00e9t\u00e9 civile<\/em><\/p>\n<p><strong class=\"c8\">\u2022\u00a0<\/strong><span class=\"c3\"><strong>Emna Menif<\/strong><\/span> <em>M\u00e9decin radiologue, ancien professeur \u00e0 la Facult\u00e9 de M\u00e9decine de Tunis, ancien Chef de Service de Radiologie, membre de la soci\u00e9t\u00e9 civile<\/em><\/p>\n<p><strong class=\"c8\">\u2022\u00a0<\/strong><span class=\"c3\"><strong>Fadhel Moussa<\/strong><\/span> <em>Professeur \u00e9m\u00e9rite, ancien doyen de la facult\u00e9 des sciences juridiques politiques et sociales de Tunis<\/em><\/p>\n<p><strong class=\"c8\">\u2022\u00a0<\/strong><span class=\"c3\"><strong>Lassa\u00e2d Msahli<\/strong><\/span> <em>Pharmacien clinicien, membre de l\u2019INLCC<\/em><\/p>\n<p><strong class=\"c8\">\u2022\u00a0<\/strong><span class=\"c3\"><strong>Faouzi Nouira<\/strong><\/span> <em>Professeur de m\u00e9decine<\/em><\/p>\n<p><strong class=\"c8\">\u2022\u00a0<\/strong><span class=\"c3\"><strong>Slaheddine Sellami<\/strong><\/span> <em>Professeur de m\u00e9decine, ancien ministre de la sant\u00e9<\/em><\/p>\n<p><strong class=\"c8\">\u2022\u00a0<\/strong><span class=\"c3\"><strong>Amor Toumi<\/strong><\/span> <em>Pr\u00e9sident de la soci\u00e9t\u00e9 des sciences pharmaceutiques<\/em><\/p>\n<p><strong class=\"c8\">\u2022\u00a0<\/strong><span class=\"c3\"><strong>Sami Zaoui<\/strong><\/span> <em>Membre de la soci\u00e9t\u00e9 civile<\/em><\/p>\n<p><strong class=\"c8\">\u2022\u00a0<\/strong><span class=\"c3\"><strong>Abderrazak Zouari<\/strong><\/span> <em>Professeur d\u2019\u00e9conomie, ancien ministre<\/em><\/p>\n<p><strong class=\"c8\">\u2022\u00a0<\/strong><span class=\"c3\"><strong>Fay\u00e7al Zouiten<\/strong><\/span> <em>Professeur de m\u00e9decine, maladies infectieuses<\/em><\/p>\n<p><strong class=\"c8\">\u2022\u00a0<\/strong><span class=\"c3\"><strong>Mohamed Ziadi<\/strong><\/span> <em>Docteur en \u00e9conomie, professeur associ\u00e9 des universit\u00e9s Lyon 3, Pr\u00e9sident de l\u2019association HENDI France Tunisie M\u00e9diterran\u00e9e.<\/em><\/p>\n<p>Auteur:<br \/>\n<a href=\"https:\/\/www.leaders.com.tn\/article\/29628-slahddine-sellami-et-radhi-meddeb\">Cliquez ici pour lire l&rsquo;article depuis sa source.<\/a><\/p>\n","protected":false},"excerpt":{"rendered":"<p>Dans une d\u00e9marche citoyenne en contribution \u00e0 la mobilisation nationale en mati\u00e8re de lutte contre la pand\u00e9mie, un groupe de personnalit\u00e9s tunisiennes a dress\u00e9 au chef du gouvernement des propositions en mati\u00e8re de gouvernance de cette crise et des modalit\u00e9s d&rsquo;en sortir. Cette lettre d\u00e9pos\u00e9e \u00e0 la Kasbah, il y a quelques jours est rendue [&hellip;]<\/p>\n","protected":false},"author":1772,"featured_media":0,"comment_status":"closed","ping_status":"closed","sticky":false,"template":"","format":"standard","meta":{"fifu_image_url":"","fifu_image_alt":"","footnotes":""},"categories":[73,55],"tags":[],"class_list":["post-81758","post","type-post","status-publish","format-standard","hentry","category-actualite","category-tunisie"],"_links":{"self":[{"href":"https:\/\/linitiative.ca\/International\/wp-json\/wp\/v2\/posts\/81758","targetHints":{"allow":["GET"]}}],"collection":[{"href":"https:\/\/linitiative.ca\/International\/wp-json\/wp\/v2\/posts"}],"about":[{"href":"https:\/\/linitiative.ca\/International\/wp-json\/wp\/v2\/types\/post"}],"author":[{"embeddable":true,"href":"https:\/\/linitiative.ca\/International\/wp-json\/wp\/v2\/users\/1772"}],"replies":[{"embeddable":true,"href":"https:\/\/linitiative.ca\/International\/wp-json\/wp\/v2\/comments?post=81758"}],"version-history":[{"count":0,"href":"https:\/\/linitiative.ca\/International\/wp-json\/wp\/v2\/posts\/81758\/revisions"}],"wp:attachment":[{"href":"https:\/\/linitiative.ca\/International\/wp-json\/wp\/v2\/media?parent=81758"}],"wp:term":[{"taxonomy":"category","embeddable":true,"href":"https:\/\/linitiative.ca\/International\/wp-json\/wp\/v2\/categories?post=81758"},{"taxonomy":"post_tag","embeddable":true,"href":"https:\/\/linitiative.ca\/International\/wp-json\/wp\/v2\/tags?post=81758"}],"curies":[{"name":"wp","href":"https:\/\/api.w.org\/{rel}","templated":true}]}}