{"id":81759,"date":"2020-04-09T10:39:00","date_gmt":"2020-04-09T14:39:00","guid":{"rendered":"https:\/\/linitiative.ca\/International\/le-president-saied-convoquera-t-il-un-sommet-arabe-extraordinaire-par-visioconference\/"},"modified":"2020-04-09T10:39:00","modified_gmt":"2020-04-09T14:39:00","slug":"le-president-saied-convoquera-t-il-un-sommet-arabe-extraordinaire-par-visioconference","status":"publish","type":"post","link":"https:\/\/linitiative.ca\/International\/le-president-saied-convoquera-t-il-un-sommet-arabe-extraordinaire-par-visioconference\/","title":{"rendered":"Le pr\u00e9sident Sa\u00efed convoquera-t-il un sommet arabe extraordinaire par visioconf\u00e9rence ?"},"content":{"rendered":"<p>Urgence\u00a0! Urgence\u00a0! Pr\u00e9sident en exercice de la Ligue des Etats arabes, depuis la tenue \u00e0 Tunis, il y a un an, le 31 mars 2019, du 30\u00e8me sommet arabe, le successeur de B\u00e9ji Ca\u00efd Essebsi \u00e0 Carthage est appel\u00e9 \u00e0 activer la plus haute instance de l\u2019organisation panarabe en session extraordinaire. Difficile \u00e0 expliquer, l\u2019absence d\u2019une initiative tunisienne n\u2019a pas \u00e9chapp\u00e9 \u00e0 la vigilance des observateurs. Tout exige, la r\u00e9union d\u2019un sommet, face aux drames humanitaires, aux confrontations sanglantes et \u00e0 la crise sanitaire sans pr\u00e9c\u00e9dent. Le Covid-19 risque de tuer, au-del\u00e0 des vies humaines, tout le syst\u00e8me multilat\u00e9ral, en commen\u00e7ant par ses composantes les plus vuln\u00e9rables, la Ligue arabe, en t\u00eate. Ces pompeux appels \u00e0 la \u00ab\u00a0solidarit\u00e9 arabe\u00a0\u00bb, et autres Umma arabe ne sont plus de mise !<\/p>\n<h2>L\u2019ONU, d\u2019abord, on verra ensuite avec les Arabes\u00a0? Ou l&rsquo;inverse?<\/h2>\n<p>Le pr\u00e9sident Kais Sa\u00efed a jug\u00e9 plus appropri\u00e9 de demander une r\u00e9union urgente du Conseil de S\u00e9curit\u00e9 de l\u2019ONU avec un avant-projet de r\u00e9solution \u00e0 l\u2019appui, et multipli\u00e9 \u00e0 cet effet les entretiens avec nombre de ses pairs. La convocation d\u2019un sommet arabe extraordinaire au pr\u00e9alable aurait permis de consolider la d\u00e9marche tunisienne aupr\u00e8s de l\u2019ONU, en en faisant l\u2019expression d\u00e9termin\u00e9e de tous les pays arabes. Aussi, cette r\u00e9union extraordinaire aurait d\u00e9montr\u00e9 la r\u00e9solution des pays de la r\u00e9gion \u00e0 d\u00e9ployer une coop\u00e9ration exemplaire entre-eux face \u00e0 la pand\u00e9mie. Elle aurait refl\u00e9t\u00e9, en r\u00e9f\u00e9rence, une illustration \u00e9loquente de leur solidarit\u00e9.<br \/>Selon le r\u00e8glement int\u00e9rieur de la Ligue (Art.5), la convocation d\u2019une session extraordinaire peut se faire \u00e0 la demande d\u2019un pays membre, ainsi que du secr\u00e9taire g\u00e9n\u00e9ral, avec l\u2019accord des deux tiers de l\u2019ensemble des membres. Le droit \u00e0 cette initiative n\u2019a \u00e9t\u00e9 exerc\u00e9 par aucune partie.<\/p>\n<h2>L\u2019Alg\u00e9rie tra\u00eene le pas, non sans raison<\/h2>\n<p>Devant avoir lieu chaque ann\u00e9e au mois de mars dans son format r\u00e9gulier, cette rencontre entre les chefs d\u2019Etat des 21 pays membres de la Ligue, en rotation selon les invitations des pays que le souhaitent, demeurent cette ann\u00e9e non-encore fix\u00e9e ni quant au pays d\u2019accueil ni qu\u2019\u00e0 sa date, tous deux restent en effet \u00e0 convenir. L\u2019Alg\u00e9rie, dans un rebond diplomatique apr\u00e8s l\u2019\u00e9lection du pr\u00e9sident Abdelmadjid Tebboun avait laiss\u00e9 entendre son intention de la proposer, semble \u00eatre prise dans d\u2019autres pr\u00e9occupations plus urgentes (Covid-19, chute du prix du p\u00e9trole, etc.). Le sommet reste alors en suspens et aucune session extraordinaire n\u2019est en perspectives.<\/p>\n<h2>Ahmed Aboul Gheith, aux abonn\u00e9s absents<\/h2>\n<p>Aussi, aucun contact entre le pr\u00e9sident Kais Sa\u00efed et le secr\u00e9taire g\u00e9n\u00e9ral de la Ligue des Etats arabes, l\u2019Egyptien Ahmed Aboul Gheith n\u2019a \u00e9t\u00e9 \u00e9tabli, ou du moins publiquement annonc\u00e9. Ni Aboul Gheith s\u2019est rendu \u00e0 Carthage se pr\u00e9senter au nouveau pr\u00e9sident de la Tunisie et de la Ligue, ni la diplomatie tunisienne n\u2019a cru utile de l\u2019y inviter. A quoi a alors servi la nomination de l\u2019excellent juriste (ancien doyen et ministre), Mohamed Salah Ben Aissa, en qualit\u00e9 de secr\u00e9taire g\u00e9n\u00e9ral adjoint de la Ligue, directeur de son centre \u00e0 Tunis\u00a0?<\/p>\n<p>La s\u00e9quence du sommet au niveau des chefs d\u2019Etat, n\u2019est que l\u2019aboutissement de toute une s\u00e9rie de r\u00e9unions pr\u00e9paratoires balis\u00e9es par de hauts fonctionnaires des pays membres, puis les ambassadeurs repr\u00e9sentants permanents aupr\u00e8s de la Ligue et finalement les ministres des Affaires \u00e9trang\u00e8res. Avec tout ce que cela demande en implication du secr\u00e9tariat g\u00e9n\u00e9ral de la Ligue.<\/p>\n<h2>Dernier sommet extraordinaire \u00e0 la Mecque en mai 2019<\/h2>\n<p>Le recours \u00e0 une session extraordinaire du Sommet, pr\u00e9vu dans le r\u00e8glement int\u00e9rieur (<a href=\"http:\/\/www.lasportal.org\/ar\/aboutlas\/Documents\/%D8%A7%D9%84%D9%86%D8%B8%D8%A7%D9%85%20%D8%A7%D9%84%D8%AF%D8%A7%D8%AE%D9%84%D9%8A%20%D9%84%D9%85%D8%AC%D9%84%D8%B3%20%D8%AC%D8%A7%D9%85%D8%B9%D8%A9%20%D8%A7%D9%84%D8%AF%D9%88%D9%84%20%D8%A7%D9%84%D8%B9%D8%B1%D8%A8%D9%8A%D8%A9.pdf\" target=\"_blank\" rel=\"noopener noreferrer\">Art.5<\/a>) est souvent l\u00e9gitim\u00e9 par une situation d\u2019urgence et d\u2019importance qui concerne, la s\u00e9curit\u00e9 nationale, un pays membre ou la r\u00e9gion. Pas plus tard que fin mai dernier, \u00e0 la demande de l\u2019Arabie saoudite, suite \u00e0 des actes terroristes attribu\u00e9s \u00e0 l\u2019Iran et ses proches, avait obtenu du pr\u00e9sident B\u00e9ji Ca\u00efd Essebsi <a href=\"https:\/\/www.leaders.com.tn\/article\/27191-beji-caid-essebsi-et-salmane-ben-abdelaziz-sommet-arabe-la-mecque\">la tenue \u00e0 la Mecque d\u2019un sommet extraordinaire<\/a>.<\/p>\n<h2>Les r\u00e9calcitrants, au ban de l\u2019histoire et de leurs peuples<\/h2>\n<p>Aujourd\u2019hui, l\u2019urgence du contexte n\u2019est plus \u00e0 d\u00e9montrer. Escalades encore plus meurtri\u00e8res des confrontations sanglantes en Syrie et en Libye, faisant des milliers de morts et des dizaines de milliers de bless\u00e9s, d\u00e9nuement total de millions de r\u00e9fugi\u00e9s et de d\u00e9plac\u00e9s, pand\u00e9mie ravageuse, effondrement \u00e9conomique et financier et dislocation totale\u00a0: que faut-il attendre de plus pour r\u00e9agir. Dans l\u2019\u00e9lan humanitaire qu\u2019on lui conna\u00eet, mais aussi en toute responsabilit\u00e9 en tant que pr\u00e9sident en exercice du sommet arabe, le pr\u00e9sident Kais Sa\u00efed est urgemment requis pour convoquer ses pairs \u00e0 une r\u00e9union par visioconf\u00e9rence. Les r\u00e9ticents, les r\u00e9calcitrants et les absents d\u2019une repr\u00e9sentation au plus haut niveau en seront pour leurs frais, devant leurs peuples, et la communaut\u00e9 arabe.<\/p>\n<h2>Une action commune, forte, rapide et solidaire\u2026 et encore\u00a0!<\/h2>\n<p>Evidemment, cela suppose une bonne pr\u00e9paration au pr\u00e9alable quant aux d\u00e9cisions \u00e0 prendre et mesures \u00e0 mettre en \u0153uvre de suite. Face \u00e0 tant de dangers qui mettent en p\u00e9ril rien que dans notre r\u00e9gion, des centaines de millions de vies humaines, et en faillite tout le tissu \u00e9conomique et le syst\u00e8me financier, seule une action commune, forte, rapide et solidaire, sera salutaire\u2026 et encore.<\/p>\n<p>A l\u2019instar de ce que subissent le syst\u00e8me des Nations-unies, l\u2019Europe et d\u2019autres m\u00e9canismes multilat\u00e9raux, la pand\u00e9mie du Covid-19 met \u00e0 nu et e toute impuissance cette fausse solidarit\u00e9, mondiale ou r\u00e9gionale. Elle fait craqueler en s\u00e9isme volcanique tout une ancienne architecture av\u00e9r\u00e9e obsol\u00e8te. La Ligue des Etats arabes risque de ne pas y \u00e9chapper. Elle se r\u00e9duira en de simples vestiges, \u00e0 la symbolisation de l\u2019errance des dirigeants arabes, de leur \u00e9go\u00efsme et de leur incomp\u00e9tence \u00e0 gouverner un pouvoir souvent usurp\u00e9 \u00e0 leurs peuples.<\/p>\n<p>Une derni\u00e8re chance de rattrapage se v\u00e9rifiera \u00e0 la mesure des d\u00e9cisions qui seront prises lors de cet indispensable sommet que la Tunisie doit pr\u00e9sider et r\u00e9ussir.<\/p>\n<p>Auteur:<br \/>\n<a href=\"https:\/\/www.leaders.com.tn\/article\/29629-le-president-saied-convoquera-t-il-un-sommet-arabe-extraordinaire-par-visioconference\">Cliquez ici pour lire l&rsquo;article depuis sa source.<\/a><\/p>\n","protected":false},"excerpt":{"rendered":"<p>Urgence\u00a0! Urgence\u00a0! Pr\u00e9sident en exercice de la Ligue des Etats arabes, depuis la tenue \u00e0 Tunis, il y a un an, le 31 mars 2019, du 30\u00e8me sommet arabe, le successeur de B\u00e9ji Ca\u00efd Essebsi \u00e0 Carthage est appel\u00e9 \u00e0 activer la plus haute instance de l\u2019organisation panarabe en session extraordinaire. Difficile \u00e0 expliquer, l\u2019absence [&hellip;]<\/p>\n","protected":false},"author":1772,"featured_media":0,"comment_status":"closed","ping_status":"closed","sticky":false,"template":"","format":"standard","meta":{"fifu_image_url":"","fifu_image_alt":"","footnotes":""},"categories":[73,55],"tags":[],"class_list":["post-81759","post","type-post","status-publish","format-standard","hentry","category-actualite","category-tunisie"],"_links":{"self":[{"href":"https:\/\/linitiative.ca\/International\/wp-json\/wp\/v2\/posts\/81759","targetHints":{"allow":["GET"]}}],"collection":[{"href":"https:\/\/linitiative.ca\/International\/wp-json\/wp\/v2\/posts"}],"about":[{"href":"https:\/\/linitiative.ca\/International\/wp-json\/wp\/v2\/types\/post"}],"author":[{"embeddable":true,"href":"https:\/\/linitiative.ca\/International\/wp-json\/wp\/v2\/users\/1772"}],"replies":[{"embeddable":true,"href":"https:\/\/linitiative.ca\/International\/wp-json\/wp\/v2\/comments?post=81759"}],"version-history":[{"count":0,"href":"https:\/\/linitiative.ca\/International\/wp-json\/wp\/v2\/posts\/81759\/revisions"}],"wp:attachment":[{"href":"https:\/\/linitiative.ca\/International\/wp-json\/wp\/v2\/media?parent=81759"}],"wp:term":[{"taxonomy":"category","embeddable":true,"href":"https:\/\/linitiative.ca\/International\/wp-json\/wp\/v2\/categories?post=81759"},{"taxonomy":"post_tag","embeddable":true,"href":"https:\/\/linitiative.ca\/International\/wp-json\/wp\/v2\/tags?post=81759"}],"curies":[{"name":"wp","href":"https:\/\/api.w.org\/{rel}","templated":true}]}}