{"id":81763,"date":"2020-04-09T13:01:57","date_gmt":"2020-04-09T17:01:57","guid":{"rendered":"https:\/\/linitiative.ca\/International\/marrakech-la-dgsn-dement-le-demantelement-dun-reseau-criminel-ciblant-le-personnel-de-la-sante\/"},"modified":"2020-04-09T13:01:57","modified_gmt":"2020-04-09T17:01:57","slug":"marrakech-la-dgsn-dement-le-demantelement-dun-reseau-criminel-ciblant-le-personnel-de-la-sante","status":"publish","type":"post","link":"https:\/\/linitiative.ca\/International\/marrakech-la-dgsn-dement-le-demantelement-dun-reseau-criminel-ciblant-le-personnel-de-la-sante\/","title":{"rendered":"Marrakech : La DGSN d\u00e9ment le d\u00e9mant\u00e8lement d\u2019un r\u00e9seau criminel ciblant le personnel de la Sant\u00e9"},"content":{"rendered":"<p><strong>La Direction g\u00e9n\u00e9rale de la s\u00fbret\u00e9 nationale (DGSN) a cat\u00e9goriquement d\u00e9menti, jeudi, les fausses all\u00e9gations v\u00e9hicul\u00e9es sur les r\u00e9seaux sociaux au sujet d\u2019un pr\u00e9tendu d\u00e9mant\u00e8lement d\u2019un r\u00e9seau criminel guettant le personnel de san<\/strong>t<strong>\u00e9 en p\u00e9riode de l\u2019\u00e9tat d\u2019urgence sanitaire.<\/strong><\/p>\n<div class=\"c10\"\/>\n<p>Le r\u00e9seau criminel cible, selon la rumeur, les cadres m\u00e9dicaux et infirmiers \u00e0 leur sortie de leur lieu de travail, en optant pour un modus operandi criminel consistant \u00e0 porter des masques de protection et des lunettes pour ne pas \u00eatre identifi\u00e9s.<\/p>\n<p>Tout en r\u00e9futant ces informations erron\u00e9es qui touchent au sentiment de s\u00e9curit\u00e9 chez les cadres m\u00e9dicaux et infirmiers qui se trouvent en premi\u00e8re ligne dans la lutte contre l\u2019\u00e9pid\u00e9mie du nouveau coronavirus, la DGSN souligne dans un communiqu\u00e9 qu\u2019une enqu\u00eate judiciaire a \u00e9t\u00e9 ouverte \u00e0 ce sujet sous la supervision du parquet comp\u00e9tent et que les expertises techniques n\u00e9cessaires on \u00e9t\u00e9 entam\u00e9es en vue d\u2019identifier le ou les individus derri\u00e8re ces rumeurs qui portent atteinte au sentiment g\u00e9n\u00e9ral de s\u00e9curit\u00e9.<\/p>\n<p><iframe loading=\"lazy\" src=\"https:\/\/web.facebook.com\/plugins\/post.php?href=https%3A%2F%2Fweb.facebook.com%2Fpermalink.php%3Fstory_fbid%3D242388720482034%26id%3D111902750197299&amp;width=500\" width=\"500\" height=\"529\">[embedded content]<\/iframe><\/p>\n<p>La DGSN pr\u00e9cise que l\u2019atteinte aux biens enregistr\u00e9e r\u00e9cemment par la pr\u00e9fecture de s\u00fbret\u00e9 de Marrakech a concern\u00e9 l\u2019arrestation d\u2019un individu soup\u00e7onn\u00e9 de vol \u00e0 l\u2019arrach\u00e9e, mais sans aucun cadre m\u00e9dical ou infirmer se trouve parmi ses victimes, ajoutant que cet individu a \u00e9t\u00e9 plac\u00e9 en garde \u00e0 vue \u00e0 la disposition de l\u2019enqu\u00eate pr\u00e9liminaire men\u00e9e sous la supervision du parquet comp\u00e9tent.<\/p>\n<p>Lire aussi : <a href=\"https:\/\/www.challenge.ma\/ce-que-vous-devez-savoir-sur-le-coronavirus-134568\/\" target=\"_blank\" rel=\"noreferrer noopener\" aria-label=\" (s&#x2019;ouvre dans un nouvel onglet)\">Ce que vous devez savoir sur le coronavirus<\/a><\/p>\n<p>(Avec MAP)<\/p>\n<div class=\"c17\">\n<fieldset class=\"c16\">\n<legend><strong><span class=\"c11\">Challenge<\/span><span class=\"c12\">news<\/span><\/strong><\/legend>\n<div class=\"c15\">Le meilleur de Challenge s\u00e9lectionn\u00e9 par la r\u00e9daction :<\/p>\n<\/div>\n<\/fieldset>\n<\/div>\n<p>Auteur: challenge<br \/>\n<a href=\"https:\/\/www.challenge.ma\/marrakech-la-dgsn-dement-le-demantelement-dun-reseau-criminel-ciblant-le-personnel-de-la-sante-136669\/\">Cliquez ici pour lire l&rsquo;article depuis sa source.<\/a><\/p>\n","protected":false},"excerpt":{"rendered":"<p>La Direction g\u00e9n\u00e9rale de la s\u00fbret\u00e9 nationale (DGSN) a cat\u00e9goriquement d\u00e9menti, jeudi, les fausses all\u00e9gations v\u00e9hicul\u00e9es sur les r\u00e9seaux sociaux au sujet d\u2019un pr\u00e9tendu d\u00e9mant\u00e8lement d\u2019un r\u00e9seau criminel guettant le personnel de sant\u00e9 en p\u00e9riode de l\u2019\u00e9tat d\u2019urgence sanitaire. Le r\u00e9seau criminel cible, selon la rumeur, les cadres m\u00e9dicaux et infirmiers \u00e0 leur sortie de [&hellip;]<\/p>\n","protected":false},"author":1787,"featured_media":0,"comment_status":"closed","ping_status":"closed","sticky":false,"template":"","format":"standard","meta":{"fifu_image_url":"","fifu_image_alt":"","footnotes":""},"categories":[78,54],"tags":[],"class_list":["post-81763","post","type-post","status-publish","format-standard","hentry","category-economie","category-maroc"],"_links":{"self":[{"href":"https:\/\/linitiative.ca\/International\/wp-json\/wp\/v2\/posts\/81763","targetHints":{"allow":["GET"]}}],"collection":[{"href":"https:\/\/linitiative.ca\/International\/wp-json\/wp\/v2\/posts"}],"about":[{"href":"https:\/\/linitiative.ca\/International\/wp-json\/wp\/v2\/types\/post"}],"author":[{"embeddable":true,"href":"https:\/\/linitiative.ca\/International\/wp-json\/wp\/v2\/users\/1787"}],"replies":[{"embeddable":true,"href":"https:\/\/linitiative.ca\/International\/wp-json\/wp\/v2\/comments?post=81763"}],"version-history":[{"count":0,"href":"https:\/\/linitiative.ca\/International\/wp-json\/wp\/v2\/posts\/81763\/revisions"}],"wp:attachment":[{"href":"https:\/\/linitiative.ca\/International\/wp-json\/wp\/v2\/media?parent=81763"}],"wp:term":[{"taxonomy":"category","embeddable":true,"href":"https:\/\/linitiative.ca\/International\/wp-json\/wp\/v2\/categories?post=81763"},{"taxonomy":"post_tag","embeddable":true,"href":"https:\/\/linitiative.ca\/International\/wp-json\/wp\/v2\/tags?post=81763"}],"curies":[{"name":"wp","href":"https:\/\/api.w.org\/{rel}","templated":true}]}}