{"id":81764,"date":"2020-04-09T13:27:52","date_gmt":"2020-04-09T17:27:52","guid":{"rendered":"https:\/\/linitiative.ca\/International\/lapprovisionnement-du-marche-national-est-normal-et-les-prix-sont-stables\/"},"modified":"2020-04-09T13:27:52","modified_gmt":"2020-04-09T17:27:52","slug":"lapprovisionnement-du-marche-national-est-normal-et-les-prix-sont-stables","status":"publish","type":"post","link":"https:\/\/linitiative.ca\/International\/lapprovisionnement-du-marche-national-est-normal-et-les-prix-sont-stables\/","title":{"rendered":"L\u2019approvisionnement du march\u00e9 national est normal et les prix sont stables"},"content":{"rendered":"<p><strong>La situation de l\u2019approvisionnement des produits de premi\u00e8re n\u00e9cessit\u00e9 se caract\u00e9rise par la disponibilit\u00e9 et la stabilit\u00e9 et la situation de ravitaillement des march\u00e9s est normale, indique la commission de contr\u00f4le relevant du minist\u00e8re de l\u2019Agriculture.<\/strong><\/p>\n<div class=\"c10\"\/>\n<p>La commission a relev\u00e9 que les prix de la majorit\u00e9 des produits sont stables. Pour leur part, les prix des fruits et l\u00e9gumes ont continu\u00e9 leur trend baissier cette semaine par rapport \u00e0 la semaine pr\u00e9c\u00e9dente. Ainsi, les prix ont connu une baisse de 9% pour la tomate et l\u2019oignon vert, la pomme de terre (-6%), les carottes (-4%), l\u2019oignon sec (-5%) et les \u0153ufs (-2%). Il a \u00e9t\u00e9 constat\u00e9 \u00e9galement une stabilit\u00e9 des prix des viandes rouges et blanches, de m\u00eame que pour les l\u00e9gumineuses.<\/p>\n<p>Au niveau du contr\u00f4le des prix et de la qualit\u00e9 des produits alimentaires, les interventions des commissions mixtes provinciales et locales durant la p\u00e9riode du 1er mars au 8 avril 2020 ont concern\u00e9 plus de 45.000 points de vente en gros et au d\u00e9tail et des entrep\u00f4ts de stockage. Elles ont conduit \u00e0 la constatation de 1057 infractions en mati\u00e8re de prix et de qualit\u00e9 des produits alimentaires. Ces infractions sont ventil\u00e9es en 745 pour d\u00e9faut d\u2019affichage des prix, 186 pour non pr\u00e9sentation de factures, 64 pour hausses illicites de prix r\u00e9glement\u00e9s, 44 pour non-respect des normes de qualit\u00e9 et d\u2019hygi\u00e8ne, en plus de 18 autres infractions diverses. Les mesures r\u00e9glementaires ont \u00e9t\u00e9 prises \u00e0 l\u2019encontre des contrevenants.<\/p>\n<p>Pour ce qui est de la qualit\u00e9 des marchandises et produits stock\u00e9s ou pr\u00e9sent\u00e9s \u00e0 la vente, les commissions mixtes ont proc\u00e9d\u00e9 \u00e0 la saisie et \u00e0 la destruction d\u2019environ 64 tonnes de marchandises impropres \u00e0 la consommation.<\/p>\n<p>La commission interminist\u00e9rielle poursuivra la tenue r\u00e9guli\u00e8re de ses r\u00e9unions pour suivre l\u2019\u00e9volution de la situation des march\u00e9s, le niveau de l\u2019approvisionnement et des prix et le bilan des interventions des commissions de contr\u00f4le pour faire face \u00e0 tout type de fraude, de monopolisation, de sp\u00e9culation ou de manipulation des prix.<\/p>\n<div class=\"c17\">\n<fieldset class=\"c16\">\n<legend><strong><span class=\"c11\">Challenge<\/span><span class=\"c12\">news<\/span><\/strong><\/legend>\n<div class=\"c15\">Le meilleur de Challenge s\u00e9lectionn\u00e9 par la r\u00e9daction :<\/p>\n<\/div>\n<\/fieldset>\n<\/div>\n<p>Auteur: challenge<br \/>\n<a href=\"https:\/\/www.challenge.ma\/lapprovisionnement-du-marche-national-est-normal-et-les-prix-sont-stables-136691\/\">Cliquez ici pour lire l&rsquo;article depuis sa source.<\/a><\/p>\n","protected":false},"excerpt":{"rendered":"<p>La situation de l\u2019approvisionnement des produits de premi\u00e8re n\u00e9cessit\u00e9 se caract\u00e9rise par la disponibilit\u00e9 et la stabilit\u00e9 et la situation de ravitaillement des march\u00e9s est normale, indique la commission de contr\u00f4le relevant du minist\u00e8re de l\u2019Agriculture. La commission a relev\u00e9 que les prix de la majorit\u00e9 des produits sont stables. Pour leur part, les prix [&hellip;]<\/p>\n","protected":false},"author":1787,"featured_media":0,"comment_status":"closed","ping_status":"closed","sticky":false,"template":"","format":"standard","meta":{"fifu_image_url":"","fifu_image_alt":"","footnotes":""},"categories":[78,54],"tags":[],"class_list":["post-81764","post","type-post","status-publish","format-standard","hentry","category-economie","category-maroc"],"_links":{"self":[{"href":"https:\/\/linitiative.ca\/International\/wp-json\/wp\/v2\/posts\/81764","targetHints":{"allow":["GET"]}}],"collection":[{"href":"https:\/\/linitiative.ca\/International\/wp-json\/wp\/v2\/posts"}],"about":[{"href":"https:\/\/linitiative.ca\/International\/wp-json\/wp\/v2\/types\/post"}],"author":[{"embeddable":true,"href":"https:\/\/linitiative.ca\/International\/wp-json\/wp\/v2\/users\/1787"}],"replies":[{"embeddable":true,"href":"https:\/\/linitiative.ca\/International\/wp-json\/wp\/v2\/comments?post=81764"}],"version-history":[{"count":0,"href":"https:\/\/linitiative.ca\/International\/wp-json\/wp\/v2\/posts\/81764\/revisions"}],"wp:attachment":[{"href":"https:\/\/linitiative.ca\/International\/wp-json\/wp\/v2\/media?parent=81764"}],"wp:term":[{"taxonomy":"category","embeddable":true,"href":"https:\/\/linitiative.ca\/International\/wp-json\/wp\/v2\/categories?post=81764"},{"taxonomy":"post_tag","embeddable":true,"href":"https:\/\/linitiative.ca\/International\/wp-json\/wp\/v2\/tags?post=81764"}],"curies":[{"name":"wp","href":"https:\/\/api.w.org\/{rel}","templated":true}]}}