{"id":81765,"date":"2020-04-09T14:51:43","date_gmt":"2020-04-09T18:51:43","guid":{"rendered":"https:\/\/linitiative.ca\/International\/coronavirus-loms-prepare-un-second-plan-de-riposte\/"},"modified":"2020-04-09T14:51:43","modified_gmt":"2020-04-09T18:51:43","slug":"coronavirus-loms-prepare-un-second-plan-de-riposte","status":"publish","type":"post","link":"https:\/\/linitiative.ca\/International\/coronavirus-loms-prepare-un-second-plan-de-riposte\/","title":{"rendered":"Coronavirus : l\u2019OMS pr\u00e9pare un second plan de riposte"},"content":{"rendered":"<p><strong>Un deuxi\u00e8me plan strat\u00e9gique pour faire face \u00e0 la propagation de la pand\u00e9mie de coronavirus dans le monde sera bient\u00f4t lanc\u00e9, a annonc\u00e9 l\u2019Organisation mondiale de la sant\u00e9 (OMS).<\/strong><\/p>\n<div class=\"c10\"\/>\n<p>\u00ab\u00a0Notre deuxi\u00e8me plan strat\u00e9gique de pr\u00e9paration et de riposte donnera une estimation des ressources n\u00e9cessaires pour mettre en \u0153uvre les strat\u00e9gies nationales et internationales au cours de la prochaine phase de la riposte\u00a0\u00bb, a pr\u00e9cis\u00e9 le directeur g\u00e9n\u00e9ral de l\u2019OMS, Tedros Adhanom Ghebreyesus, lors d\u2019une conf\u00e9rence de presse en ligne depuis Gen\u00e8ve.<\/p>\n<p>Tedros Adhanom Ghebreyesus a remerci\u00e9 \u00ab\u00a0tous les \u00c9tats membres qui ont r\u00e9pondu \u00e0 notre premier plan strat\u00e9gique de pr\u00e9paration et de riposte\u00a0\u00bb, pr\u00e9cisant que \u00ab\u00a0plus de 800 millions de dollars am\u00e9ricains ont \u00e9t\u00e9 promis ou re\u00e7us\u00a0\u00bb. \u00ab\u00a0Nous sommes tous concern\u00e9s et il nous reste un long chemin \u00e0 parcourir\u00a0\u00bb, a-t-il poursuivi, r\u00e9it\u00e9rant son appel \u00e0 \u00a0\u00bb mettre en quarantaine la politisation de ce virus. Nous devons travailler ensemble et nous n\u2019avons pas de temps \u00e0 perdre\u00a0\u00bb.<\/p>\n<p>Lire aussi : <a href=\"https:\/\/www.challenge.ma\/ce-que-vous-devez-savoir-sur-le-coronavirus-134568\/\" target=\"_blank\" rel=\"noreferrer noopener\" aria-label=\" (s&#x2019;ouvre dans un nouvel onglet)\">Ce que vous devez savoir sur le coronavirus<\/a><\/p>\n<p>Apr\u00e8s avoir soulign\u00e9 que \u00ab\u00a0notre connaissance du virus a beaucoup progress\u00e9 depuis que nous l\u2019avons rencontr\u00e9 pour la premi\u00e8re fois au d\u00e9but de cette ann\u00e9e\u00a0\u00bb, il a indiqu\u00e9 que \u00ab\u00a0la nouvelle strat\u00e9gie tient compte de ces le\u00e7ons ch\u00e8rement acquises\u00a0\u00bb.<\/p>\n<p>\u00ab\u00a0On estime que le taux de l\u00e9talit\u00e9 est dix fois plus \u00e9lev\u00e9 que pour la grippe. Plus de 1,3 million de personnes ont \u00e9t\u00e9 infect\u00e9es et parmi elles, pr\u00e8s de 80 000 ont perdu la vie\u00a0\u00bb, a fait observer le patron de l\u2019OMS. Pour le directeur g\u00e9n\u00e9ral de l\u2019agence sp\u00e9cialis\u00e9e de l\u2019ONU, \u00ab\u00a0cette pand\u00e9mie va bien au-del\u00e0 de la crise sanitaire. Elle appelle une riposte de l\u2019ensemble des autorit\u00e9s publiques et de l\u2019ensemble de la soci\u00e9t\u00e9\u00a0\u00bb.<\/p>\n<p>Lire aussi : <a href=\"https:\/\/www.challenge.ma\/oms-le-coronavirus-nest-pas-aeroporte-135016\/\" target=\"_blank\" rel=\"noreferrer noopener\" aria-label=\"OMS : Le coronavirus n&#x2019;est pas a&#xE9;roport&#xE9; (s&#x2019;ouvre dans un nouvel onglet)\">OMS : Le coronavirus n\u2019est pas a\u00e9roport\u00e9<\/a><\/p>\n<p>\u00ab\u00a0En 100 jours, le COVID-19 nous a montr\u00e9 les d\u00e9g\u00e2ts qu\u2019il pouvait infliger dans des nations riches. Nous ne savons pas encore les ravages qu\u2019il pourrait causer dans les pays plus pauvres et plus vuln\u00e9rables. Nous sommes r\u00e9solus \u00e0 tout mettre en \u0153uvre pour que cela ne se produise pas\u00a0\u00bb, a-t-il affirm\u00e9.<\/p>\n<p>Avec MAP<\/p>\n<div class=\"c17\">\n<fieldset class=\"c16\">\n<legend><strong><span class=\"c11\">Challenge<\/span><span class=\"c12\">news<\/span><\/strong><\/legend>\n<div class=\"c15\">Le meilleur de Challenge s\u00e9lectionn\u00e9 par la r\u00e9daction :<\/p>\n<\/div>\n<\/fieldset>\n<\/div>\n<p>Auteur: Karim Handaoui<br \/>\n<a href=\"https:\/\/www.challenge.ma\/coronavirus-loms-prepare-un-second-plan-de-riposte-136718\/\">Cliquez ici pour lire l&rsquo;article depuis sa source.<\/a><\/p>\n","protected":false},"excerpt":{"rendered":"<p>Un deuxi\u00e8me plan strat\u00e9gique pour faire face \u00e0 la propagation de la pand\u00e9mie de coronavirus dans le monde sera bient\u00f4t lanc\u00e9, a annonc\u00e9 l\u2019Organisation mondiale de la sant\u00e9 (OMS). \u00ab\u00a0Notre deuxi\u00e8me plan strat\u00e9gique de pr\u00e9paration et de riposte donnera une estimation des ressources n\u00e9cessaires pour mettre en \u0153uvre les strat\u00e9gies nationales et internationales au cours [&hellip;]<\/p>\n","protected":false},"author":1787,"featured_media":0,"comment_status":"closed","ping_status":"closed","sticky":false,"template":"","format":"standard","meta":{"fifu_image_url":"","fifu_image_alt":"","footnotes":""},"categories":[78,54],"tags":[],"class_list":["post-81765","post","type-post","status-publish","format-standard","hentry","category-economie","category-maroc"],"_links":{"self":[{"href":"https:\/\/linitiative.ca\/International\/wp-json\/wp\/v2\/posts\/81765","targetHints":{"allow":["GET"]}}],"collection":[{"href":"https:\/\/linitiative.ca\/International\/wp-json\/wp\/v2\/posts"}],"about":[{"href":"https:\/\/linitiative.ca\/International\/wp-json\/wp\/v2\/types\/post"}],"author":[{"embeddable":true,"href":"https:\/\/linitiative.ca\/International\/wp-json\/wp\/v2\/users\/1787"}],"replies":[{"embeddable":true,"href":"https:\/\/linitiative.ca\/International\/wp-json\/wp\/v2\/comments?post=81765"}],"version-history":[{"count":0,"href":"https:\/\/linitiative.ca\/International\/wp-json\/wp\/v2\/posts\/81765\/revisions"}],"wp:attachment":[{"href":"https:\/\/linitiative.ca\/International\/wp-json\/wp\/v2\/media?parent=81765"}],"wp:term":[{"taxonomy":"category","embeddable":true,"href":"https:\/\/linitiative.ca\/International\/wp-json\/wp\/v2\/categories?post=81765"},{"taxonomy":"post_tag","embeddable":true,"href":"https:\/\/linitiative.ca\/International\/wp-json\/wp\/v2\/tags?post=81765"}],"curies":[{"name":"wp","href":"https:\/\/api.w.org\/{rel}","templated":true}]}}