{"id":81766,"date":"2020-04-09T15:21:15","date_gmt":"2020-04-09T19:21:15","guid":{"rendered":"https:\/\/linitiative.ca\/International\/coronavirus-aides-debut-dinscription-des-menages-non-ramedistes\/"},"modified":"2020-04-09T15:21:15","modified_gmt":"2020-04-09T19:21:15","slug":"coronavirus-aides-debut-dinscription-des-menages-non-ramedistes","status":"publish","type":"post","link":"https:\/\/linitiative.ca\/International\/coronavirus-aides-debut-dinscription-des-menages-non-ramedistes\/","title":{"rendered":"Coronavirus\/aides : d\u00e9but d\u2019inscription des m\u00e9nages non-Ramedistes"},"content":{"rendered":"<p><strong>Les chefs de m\u00e9nages op\u00e9rant dans le secteur informel qui ne sont pas inscrits dans le Ramed pourront faire leurs d\u00e9clarations \u00e0 partir du vendredi \u00e0 8 heures, pour b\u00e9n\u00e9ficier des aides financi\u00e8res pr\u00e9vues pour rem\u00e9dier \u00e0 l\u2019impact des mesures prises dans le cadre de l\u2019\u00e9tat d\u2019urgence d\u00e9cr\u00e9t\u00e9.<\/strong><\/p>\n<div class=\"c10\"\/>\n<p>Les montants sont pr\u00e9vus en fonction de la taille du m\u00e9nage : pour les m\u00e9nages de deux personnes ou moins (800 DH), 1000 DH pour les m\u00e9nages compos\u00e9s de trois \u00e0 quatre personnes et 1200 DH pour les m\u00e9nages form\u00e9s de plus de quatre personnes.<\/p>\n<p>Le minist\u00e8re de l\u2019Economie, des Finances et de la R\u00e9forme de l\u2019Administration pr\u00e9cise que cette possibilit\u00e9 de d\u00e9claration va durer jusqu\u2019\u00e0 jeudi 16 avril \u00e0 minuit.Un site Internet \u00ab www.tadamoncovid.ma \u00bb a \u00e9t\u00e9 cr\u00e9\u00e9 \u00e0 cet effet. Les d\u00e9clarations peuvent se faire soit sur un ordinateur soit \u00e0 partir d\u2019un Smartphone.<\/p>\n<p>Lire aussi : <a href=\"https:\/\/www.challenge.ma\/ce-que-vous-devez-savoir-sur-le-coronavirus-134568\/\" target=\"_blank\" rel=\"noreferrer noopener\" aria-label=\" (s&#x2019;ouvre dans un nouvel onglet)\">Ce que vous devez savoir sur le coronavirus<\/a><\/p>\n<p>Le num\u00e9ro de t\u00e9l\u00e9phone \u00e0 introduire lors de la saisie des informations doit \u00eatre celui du chef de m\u00e9nage. C\u2019est ce t\u00e9l\u00e9phone qui servira apr\u00e8s la d\u00e9claration de lien avec l\u2019administration et pour informer le chef de m\u00e9nage de la proc\u00e9dure de versement de l\u2019aide.<\/p>\n<p>Le minist\u00e8re pr\u00e9cise qu\u2019aucune d\u00e9claration enregistr\u00e9e par un membre d\u2019un m\u00e9nage qui n\u2019est pas celle du chef du m\u00e9nage, n\u2019est recevable. Il ajoute qu\u2019aucune d\u00e9claration concernant un m\u00e9nage qui a d\u00e9j\u00e0 b\u00e9n\u00e9fici\u00e9 d\u2019une aide financi\u00e8re de la part de l\u2019Etat n\u2019est \u00e9galement recevable.<\/p>\n<p>Le num\u00e9ro 1212 peut \u00eatre contact\u00e9 pour apporter l\u2019assistance aux m\u00e9nages et r\u00e9pondre \u00e0 leurs r\u00e9clamations \u00e9ventuelles. Toute d\u00e9claration volontairement non fond\u00e9e est passible de poursuites judiciaires, pr\u00e9vient le minist\u00e8re.<\/p>\n<p>Avec MAP<\/p>\n<div class=\"c17\">\n<fieldset class=\"c16\">\n<legend><strong><span class=\"c11\">Challenge<\/span><span class=\"c12\">news<\/span><\/strong><\/legend>\n<div class=\"c15\">Le meilleur de Challenge s\u00e9lectionn\u00e9 par la r\u00e9daction :<\/p>\n<\/div>\n<\/fieldset>\n<\/div>\n<p>Auteur: challenge<br \/>\n<a href=\"https:\/\/www.challenge.ma\/coronavirus-aides-debut-dinscription-des-menages-non-ramedistes-136721\/\">Cliquez ici pour lire l&rsquo;article depuis sa source.<\/a><\/p>\n","protected":false},"excerpt":{"rendered":"<p>Les chefs de m\u00e9nages op\u00e9rant dans le secteur informel qui ne sont pas inscrits dans le Ramed pourront faire leurs d\u00e9clarations \u00e0 partir du vendredi \u00e0 8 heures, pour b\u00e9n\u00e9ficier des aides financi\u00e8res pr\u00e9vues pour rem\u00e9dier \u00e0 l\u2019impact des mesures prises dans le cadre de l\u2019\u00e9tat d\u2019urgence d\u00e9cr\u00e9t\u00e9. Les montants sont pr\u00e9vus en fonction de [&hellip;]<\/p>\n","protected":false},"author":1787,"featured_media":0,"comment_status":"closed","ping_status":"closed","sticky":false,"template":"","format":"standard","meta":{"fifu_image_url":"","fifu_image_alt":"","footnotes":""},"categories":[78,54],"tags":[],"class_list":["post-81766","post","type-post","status-publish","format-standard","hentry","category-economie","category-maroc"],"_links":{"self":[{"href":"https:\/\/linitiative.ca\/International\/wp-json\/wp\/v2\/posts\/81766","targetHints":{"allow":["GET"]}}],"collection":[{"href":"https:\/\/linitiative.ca\/International\/wp-json\/wp\/v2\/posts"}],"about":[{"href":"https:\/\/linitiative.ca\/International\/wp-json\/wp\/v2\/types\/post"}],"author":[{"embeddable":true,"href":"https:\/\/linitiative.ca\/International\/wp-json\/wp\/v2\/users\/1787"}],"replies":[{"embeddable":true,"href":"https:\/\/linitiative.ca\/International\/wp-json\/wp\/v2\/comments?post=81766"}],"version-history":[{"count":0,"href":"https:\/\/linitiative.ca\/International\/wp-json\/wp\/v2\/posts\/81766\/revisions"}],"wp:attachment":[{"href":"https:\/\/linitiative.ca\/International\/wp-json\/wp\/v2\/media?parent=81766"}],"wp:term":[{"taxonomy":"category","embeddable":true,"href":"https:\/\/linitiative.ca\/International\/wp-json\/wp\/v2\/categories?post=81766"},{"taxonomy":"post_tag","embeddable":true,"href":"https:\/\/linitiative.ca\/International\/wp-json\/wp\/v2\/tags?post=81766"}],"curies":[{"name":"wp","href":"https:\/\/api.w.org\/{rel}","templated":true}]}}