{"id":81767,"date":"2020-04-09T15:59:31","date_gmt":"2020-04-09T19:59:31","guid":{"rendered":"https:\/\/linitiative.ca\/International\/coronavirus-wadii-al-jarii-la-ligue-1-pourrait-reprendre-ses-droits-apres-le-ramadan\/"},"modified":"2020-04-09T15:59:31","modified_gmt":"2020-04-09T19:59:31","slug":"coronavirus-wadii-al-jarii-la-ligue-1-pourrait-reprendre-ses-droits-apres-le-ramadan","status":"publish","type":"post","link":"https:\/\/linitiative.ca\/International\/coronavirus-wadii-al-jarii-la-ligue-1-pourrait-reprendre-ses-droits-apres-le-ramadan\/","title":{"rendered":"Coronavirus \u2013 Wadii Al Jarii : \u201cLa Ligue 1 pourrait reprendre ses droits apr\u00e8s le ramadan\u201d"},"content":{"rendered":"<div class=\"post-cont-in left relative\">\n<div class=\"heateor_sss_sharing_container heateor_sss_horizontal_sharing\" heateor-sss-data-href=\"https:\/\/sport.tunisienumerique.com\/coronavirus-wadii-al-jarii-la-ligue-1-pourrait-reprendre-ses-droits-apres-le-ramadan\/\" heateor-sss-no-counts=\"1\">\n<div class=\"heateor_sss_sharing_title c3\">Cet article vous a \u00e9t\u00e9 utile? Partagez le, il int\u00e9ressera d\u2019autres personnes. Merci!<\/div>\n<ul class=\"heateor_sss_sharing_ul\">\n<li class=\"heateorSssSharingRound\"><em alt=\"Facebook\" title=\"Facebook\" class=\"heateorSssSharing heateorSssFacebookBackground c4\" onclick=\"heateorSssPopup(&quot;https:\/\/www.facebook.com\/sharer\/sharer.php?u=https%3A%2F%2Fsport.tunisienumerique.com%2Fcoronavirus-wadii-al-jarii-la-ligue-1-pourrait-reprendre-ses-droits-apres-le-ramadan%2F&quot;)\">\u00a0<\/em><\/li>\n<li class=\"heateorSssSharingRound\"><em alt=\"Twitter\" title=\"Twitter\" class=\"heateorSssSharing heateorSssTwitterBackground c4\" onclick=\"heateorSssPopup(&quot;http:\/\/twitter.com\/intent\/tweet?text=Coronavirus%20-%20Wadii%20Al%20Jarii%20%3A%20%22La%20Ligue%201%20pourrait%20reprendre%20ses%20droits%20apr%C3%A8s%20le%20ramadan%22&amp;url=https%3A%2F%2Fsport.tunisienumerique.com%2Fcoronavirus-wadii-al-jarii-la-ligue-1-pourrait-reprendre-ses-droits-apres-le-ramadan%2F&quot;)\">\u00a0<\/em><\/li>\n<li class=\"heateorSssSharingRound\"><em alt=\"Linkedin\" title=\"Linkedin\" class=\"heateorSssSharing heateorSssLinkedinBackground c4\" onclick=\"heateorSssPopup(&quot;http:\/\/www.linkedin.com\/shareArticle?mini=true&amp;url=https%3A%2F%2Fsport.tunisienumerique.com%2Fcoronavirus-wadii-al-jarii-la-ligue-1-pourrait-reprendre-ses-droits-apres-le-ramadan%2F&amp;title=Coronavirus%20-%20Wadii%20Al%20Jarii%20%3A%20%22La%20Ligue%201%20pourrait%20reprendre%20ses%20droits%20apr%C3%A8s%20le%20ramadan%22&quot;)\">\u00a0<\/em><\/li>\n<li class=\"heateorSssSharingRound\"><em alt=\"Google Gmail\" title=\"Google Gmail\" class=\"heateorSssSharing heateorSssGoogleGmailBackground c4\" onclick=\"heateorSssPopup(&quot;https:\/\/mail.google.com\/mail\/?ui=2&amp;view=cm&amp;fs=1&amp;tf=1&amp;su=Coronavirus%20-%20Wadii%20Al%20Jarii%20%3A%20%22La%20Ligue%201%20pourrait%20reprendre%20ses%20droits%20apr%C3%A8s%20le%20ramadan%22&amp;body=Link:https%3A%2F%2Fsport.tunisienumerique.com%2Fcoronavirus-wadii-al-jarii-la-ligue-1-pourrait-reprendre-ses-droits-apres-le-ramadan%2F&quot;)\">\u00a0<\/em><\/li>\n<li class=\"heateorSssSharingRound\"><em alt=\"Whatsapp\" title=\"Whatsapp\" class=\"heateorSssSharing heateorSssWhatsappBackground c4\"><a href=\"https:\/\/web.whatsapp.com\/send?text=Coronavirus%20-%20Wadii%20Al%20Jarii%20%3A%20%22La%20Ligue%201%20pourrait%20reprendre%20ses%20droits%20apr%C3%A8s%20le%20ramadan%22%20https%3A%2F%2Fsport.tunisienumerique.com%2Fcoronavirus-wadii-al-jarii-la-ligue-1-pourrait-reprendre-ses-droits-apres-le-ramadan%2F\" rel=\"nofollow noopener noreferrer\" target=\"_blank\">\u00a0<\/a><\/em><\/li>\n<li class=\"heateorSssSharingRound\">\u00a0<\/li>\n<\/ul>\n<\/div>\n<p dir=\"ltr\">Interview\u00e9 par la cha\u00eene nationale, le pr\u00e9sident de la F\u00e9d\u00e9ration Tunisienne de Football Wadii Al Jarii estime que la priorit\u00e9 est d\u2019assurer la sant\u00e9 de tous.<\/p>\n<p dir=\"ltr\">Dans un long entretien accord\u00e9 \u00e0 la cha\u00eene Watania 1, Al Jarii explique qu\u2019avant de penser au football, il est important d\u2019assurer la s\u00e9curit\u00e9 sanitaire de tous : \u00ab Ce qui compte aujourd\u2019hui, c\u2019est que la s\u00e9curit\u00e9 de toutes les personnes soit assur\u00e9e. On ne doit penser qu\u2019\u00e0 cela.C\u2019est pour cette raison qu\u2019il faut suivre \u00e0 la lettre les conseils du gouvernement et rester chez soi. C\u2019est la priorit\u00e9. Seul le gouvernement peut prendre les d\u00e9cisions \u00bb explique le patron de la FTF.<\/p>\n<div class=\"code-block code-block-1 c6\"><ins class=\"adsbygoogle c5\" data-ad-layout=\"in-article\" data-ad-format=\"fluid\" data-ad-client=\"ca-pub-2102118777505746\" data-ad-slot=\"7301775417\"\/> <\/div>\n<p dir=\"ltr\">Concernant la reprise des comp\u00e9titions footballistiques, Wadii Jarii a indiqu\u00e9 que les championnats de Ligue 1 et Ligue 2 pourraient faire leurs retours apr\u00e8s le mois de ramadan \u00e0 condition que les autorit\u00e9s concern\u00e9es acceptent cette proposition, en attendant toujours l\u2019\u00e9volution de la crise sanitaire. Ces matchs auront lieu \u00e0 huis clos, selon Al Jarii.<\/p>\n<p dir=\"ltr\">Al Jarii a \u00e9galement d\u00e9voil\u00e9 que la F\u00e9d\u00e9ration de Football risque de perdre 60 millions de dinars \u00e0 cause de l\u2019arr\u00eat de l\u2019activit\u00e9 footballistique en raison de la pand\u00e9mie de coronavirus.<\/p>\n<p><\/p>\n<div class=\"heateor_sss_sharing_container heateor_sss_horizontal_sharing\" heateor-sss-data-href=\"https:\/\/sport.tunisienumerique.com\/coronavirus-wadii-al-jarii-la-ligue-1-pourrait-reprendre-ses-droits-apres-le-ramadan\/\" heateor-sss-no-counts=\"1\">\n<div class=\"heateor_sss_sharing_title c3\">Cet article vous a \u00e9t\u00e9 utile? Partagez le, il int\u00e9ressera d\u2019autres personnes. Merci!<\/div>\n<ul class=\"heateor_sss_sharing_ul\">\n<li class=\"heateorSssSharingRound\"><em alt=\"Facebook\" title=\"Facebook\" class=\"heateorSssSharing heateorSssFacebookBackground c4\" onclick=\"heateorSssPopup(&quot;https:\/\/www.facebook.com\/sharer\/sharer.php?u=https%3A%2F%2Fsport.tunisienumerique.com%2Fcoronavirus-wadii-al-jarii-la-ligue-1-pourrait-reprendre-ses-droits-apres-le-ramadan%2F&quot;)\">\u00a0<\/em><\/li>\n<li class=\"heateorSssSharingRound\"><em alt=\"Twitter\" title=\"Twitter\" class=\"heateorSssSharing heateorSssTwitterBackground c4\" onclick=\"heateorSssPopup(&quot;http:\/\/twitter.com\/intent\/tweet?text=Coronavirus%20-%20Wadii%20Al%20Jarii%20%3A%20%22La%20Ligue%201%20pourrait%20reprendre%20ses%20droits%20apr%C3%A8s%20le%20ramadan%22&amp;url=https%3A%2F%2Fsport.tunisienumerique.com%2Fcoronavirus-wadii-al-jarii-la-ligue-1-pourrait-reprendre-ses-droits-apres-le-ramadan%2F&quot;)\">\u00a0<\/em><\/li>\n<li class=\"heateorSssSharingRound\"><em alt=\"Linkedin\" title=\"Linkedin\" class=\"heateorSssSharing heateorSssLinkedinBackground c4\" onclick=\"heateorSssPopup(&quot;http:\/\/www.linkedin.com\/shareArticle?mini=true&amp;url=https%3A%2F%2Fsport.tunisienumerique.com%2Fcoronavirus-wadii-al-jarii-la-ligue-1-pourrait-reprendre-ses-droits-apres-le-ramadan%2F&amp;title=Coronavirus%20-%20Wadii%20Al%20Jarii%20%3A%20%22La%20Ligue%201%20pourrait%20reprendre%20ses%20droits%20apr%C3%A8s%20le%20ramadan%22&quot;)\">\u00a0<\/em><\/li>\n<li class=\"heateorSssSharingRound\"><em alt=\"Google Gmail\" title=\"Google Gmail\" class=\"heateorSssSharing heateorSssGoogleGmailBackground c4\" onclick=\"heateorSssPopup(&quot;https:\/\/mail.google.com\/mail\/?ui=2&amp;view=cm&amp;fs=1&amp;tf=1&amp;su=Coronavirus%20-%20Wadii%20Al%20Jarii%20%3A%20%22La%20Ligue%201%20pourrait%20reprendre%20ses%20droits%20apr%C3%A8s%20le%20ramadan%22&amp;body=Link:https%3A%2F%2Fsport.tunisienumerique.com%2Fcoronavirus-wadii-al-jarii-la-ligue-1-pourrait-reprendre-ses-droits-apres-le-ramadan%2F&quot;)\">\u00a0<\/em><\/li>\n<li class=\"heateorSssSharingRound\"><em alt=\"Whatsapp\" title=\"Whatsapp\" class=\"heateorSssSharing heateorSssWhatsappBackground c4\"><a href=\"https:\/\/web.whatsapp.com\/send?text=Coronavirus%20-%20Wadii%20Al%20Jarii%20%3A%20%22La%20Ligue%201%20pourrait%20reprendre%20ses%20droits%20apr%C3%A8s%20le%20ramadan%22%20https%3A%2F%2Fsport.tunisienumerique.com%2Fcoronavirus-wadii-al-jarii-la-ligue-1-pourrait-reprendre-ses-droits-apres-le-ramadan%2F\" rel=\"nofollow noopener noreferrer\" target=\"_blank\">\u00a0<\/a><\/em><\/li>\n<li class=\"heateorSssSharingRound\">\u00a0<\/li>\n<\/ul>\n<\/div>\n<div class=\"mvp-org-wrap mvp-org-logo\" itemprop=\"publisher\" itemscope=\"\" itemtype=\"https:\/\/schema.org\/Organization\"><img decoding=\"async\" src=\"https:\/\/sport.tunisienumerique.com\/wp-content\/uploads\/2017\/05\/logo_tunisie_numerique.png\"\/><\/div>\n<div class=\"mvp-related-posts left relative\">\n<h4 class=\"post-header\"><span class=\"post-header\">Lire aussi<\/span><\/h4>\n<\/div>\n<div id=\"article-ad\"><ins class=\"adsbygoogle c7\" data-ad-client=\"ca-pub-2102118777505746\" data-ad-slot=\"6513972734\" data-ad-format=\"auto\" data-full-width-responsive=\"true\"\/> <\/div>\n<\/div>\n<div id=\"post-sidebar-wrap\"><ins class=\"adsbygoogle c7\" data-ad-client=\"ca-pub-2102118777505746\" data-ad-slot=\"6513972734\" data-ad-format=\"auto\" data-full-width-responsive=\"true\"\/> <\/div>\n<p>Auteur:<br \/>\n<a href=\"https:\/\/sport.tunisienumerique.com\/coronavirus-wadii-al-jarii-la-ligue-1-pourrait-reprendre-ses-droits-apres-le-ramadan\/\">Cliquez ici pour lire l&rsquo;article depuis sa source.<\/a><\/p>\n","protected":false},"excerpt":{"rendered":"<p>Cet article vous a \u00e9t\u00e9 utile? Partagez le, il int\u00e9ressera d\u2019autres personnes. Merci! \u00a0 \u00a0 \u00a0 \u00a0 \u00a0 \u00a0 Interview\u00e9 par la cha\u00eene nationale, le pr\u00e9sident de la F\u00e9d\u00e9ration Tunisienne de Football Wadii Al Jarii estime que la priorit\u00e9 est d\u2019assurer la sant\u00e9 de tous. Dans un long entretien accord\u00e9 \u00e0 la cha\u00eene Watania 1, [&hellip;]<\/p>\n","protected":false},"author":1789,"featured_media":81768,"comment_status":"closed","ping_status":"closed","sticky":false,"template":"","format":"standard","meta":{"fifu_image_url":"","fifu_image_alt":"","footnotes":""},"categories":[73,55],"tags":[],"class_list":["post-81767","post","type-post","status-publish","format-standard","has-post-thumbnail","hentry","category-actualite","category-tunisie"],"_links":{"self":[{"href":"https:\/\/linitiative.ca\/International\/wp-json\/wp\/v2\/posts\/81767","targetHints":{"allow":["GET"]}}],"collection":[{"href":"https:\/\/linitiative.ca\/International\/wp-json\/wp\/v2\/posts"}],"about":[{"href":"https:\/\/linitiative.ca\/International\/wp-json\/wp\/v2\/types\/post"}],"author":[{"embeddable":true,"href":"https:\/\/linitiative.ca\/International\/wp-json\/wp\/v2\/users\/1789"}],"replies":[{"embeddable":true,"href":"https:\/\/linitiative.ca\/International\/wp-json\/wp\/v2\/comments?post=81767"}],"version-history":[{"count":0,"href":"https:\/\/linitiative.ca\/International\/wp-json\/wp\/v2\/posts\/81767\/revisions"}],"wp:featuredmedia":[{"embeddable":true,"href":"https:\/\/linitiative.ca\/International\/wp-json\/"}],"wp:attachment":[{"href":"https:\/\/linitiative.ca\/International\/wp-json\/wp\/v2\/media?parent=81767"}],"wp:term":[{"taxonomy":"category","embeddable":true,"href":"https:\/\/linitiative.ca\/International\/wp-json\/wp\/v2\/categories?post=81767"},{"taxonomy":"post_tag","embeddable":true,"href":"https:\/\/linitiative.ca\/International\/wp-json\/wp\/v2\/tags?post=81767"}],"curies":[{"name":"wp","href":"https:\/\/api.w.org\/{rel}","templated":true}]}}