{"id":81773,"date":"2020-04-09T17:03:53","date_gmt":"2020-04-09T21:03:53","guid":{"rendered":"https:\/\/linitiative.ca\/International\/larmee-americaine-serait-derriere-lapparition-du-covid19-et-son-apparition-a-wuhan\/"},"modified":"2020-04-09T17:03:53","modified_gmt":"2020-04-09T21:03:53","slug":"larmee-americaine-serait-derriere-lapparition-du-covid19-et-son-apparition-a-wuhan","status":"publish","type":"post","link":"https:\/\/linitiative.ca\/International\/larmee-americaine-serait-derriere-lapparition-du-covid19-et-son-apparition-a-wuhan\/","title":{"rendered":"L\u2019arm\u00e9e am\u00e9ricaine serait derri\u00e8re l\u2019apparition du covid19 et son apparition \u00e0 Wuhan"},"content":{"rendered":"<div class=\"post-cont-in left relative\">\n<p>Un rapport publi\u00e9, r\u00e9cemment, sur le site scientifique canadien, Globalresearch, assure avoir identifi\u00e9 l\u2019origine du virus covid19. Le rapport pr\u00e9cise que le CDC (Centre am\u00e9ricain de contr\u00f4le des maladies) a d\u00e9cid\u00e9 l\u2019\u00e9t\u00e9 dernier de boucler un grand laboratoire biologique militaire dans une base militaire au Maryland.<\/p>\n<div class=\"code-block code-block-1 c3\"><ins class=\"adsbygoogle c2\" data-ad-layout=\"in-article\" data-ad-format=\"fluid\" data-ad-client=\"ca-pub-2102118777505746\" data-ad-slot=\"7301775417\"\/> <\/div>\n<p>La fermeture de ce laboratoire aurait provoqu\u00e9 des fuites biologiques, qui ont occasionn\u00e9, au mois d\u2019aout dernier, plusieurs cas de maladies respiratoires aigues, dans l\u2019entourage du site. Ces maladies ont \u00e9t\u00e9 d\u00e9clar\u00e9es comme \u00e9tant cons\u00e9cutives \u00e0 l\u2019usage des cigarettes \u00e9lectroniques. Th\u00e8se qui n\u2019a pas convaincu le monde scientifique.<\/p>\n<p>Par la suite, et pendant le mois d\u2019octobre, cinq militaires am\u00e9ricains qui \u00e9taient pr\u00e9sents \u00e0 Wuhan, pour participer \u00e0 des comp\u00e9titions militaires, sont tomb\u00e9s malades et ont pr\u00e9sent\u00e9s des signes respiratoires. Avec le recul, il s\u2019agirait des premiers cas de covid19, qui a \u00e9t\u00e9 contract\u00e9 par un des militaires lors de l\u2019accident biologique du Maryland.<\/p>\n<div class=\"swp_social_panel swp_horizontal_panel swp_flat_fresh swp_default_full_color swp_individual_full_color swp_other_full_color scale-100 scale-\" data-min-width=\"1100\" data-float-color=\"#ffffff\" data-float=\"bottom\" data-float-mobile=\"bottom\" data-transition=\"slide\">\n<div class=\"nc_tweetContainer swp_share_button total_shares total_sharesalt\"><span class=\"swp_count\">1 <span class=\"swp_label\">Partages<\/span><\/span><\/div>\n<\/div>\n<p><strong>Que se passe-t-il en Tunisie?<\/strong><br \/>Nous expliquons sur notre <a href=\"https:\/\/www.youtube.com\/channel\/UCRzypVq0B_yBad5eGrwBx0Q?sub_confirmation=1\" target=\"_blank\" rel=\"noopener noreferrer\">cha\u00eene YouTube<\/a> . <a href=\"https:\/\/www.youtube.com\/channel\/UCRzypVq0B_yBad5eGrwBx0Q?sub_confirmation=1\" target=\"_blank\" rel=\"noopener noreferrer\">Abonnez-vous!<\/a><\/p>\n<div class=\"mvp-org-wrap mvp-org-logo\" itemprop=\"publisher\" itemscope=\"\" itemtype=\"https:\/\/schema.org\/Organization\"><img decoding=\"async\" src=\"https:\/\/www.tunisienumerique.com\/wp-content\/uploads\/2017\/02\/logo_tunisie_numerique.png\"\/><\/div>\n<div class=\"mvp-related-posts left relative\">\n<h4 class=\"post-header\"><span class=\"post-header\">Lire aussi<\/span><\/h4>\n<\/div>\n<div id=\"article-ad\"><ins class=\"adsbygoogle c4\" data-ad-client=\"ca-pub-2102118777505746\" data-ad-slot=\"6513972734\" data-ad-format=\"auto\" data-full-width-responsive=\"true\"\/> <\/div>\n<\/div>\n<div id=\"post-sidebar-wrap\"><ins class=\"adsbygoogle c4\" data-ad-client=\"ca-pub-2102118777505746\" data-ad-slot=\"6168283410\" data-ad-format=\"auto\" data-full-width-responsive=\"true\"\/> <\/div>\n<p>Auteur: LM<br \/>\n<a href=\"https:\/\/www.tunisienumerique.com\/larmee-americaine-serait-derriere-lapparition-du-covid19-et-son-apparition-a-wuhan\/\">Cliquez ici pour lire l&rsquo;article depuis sa source.<\/a><\/p>\n","protected":false},"excerpt":{"rendered":"<p>Un rapport publi\u00e9, r\u00e9cemment, sur le site scientifique canadien, Globalresearch, assure avoir identifi\u00e9 l\u2019origine du virus covid19. Le rapport pr\u00e9cise que le CDC (Centre am\u00e9ricain de contr\u00f4le des maladies) a d\u00e9cid\u00e9 l\u2019\u00e9t\u00e9 dernier de boucler un grand laboratoire biologique militaire dans une base militaire au Maryland. La fermeture de ce laboratoire aurait provoqu\u00e9 des fuites [&hellip;]<\/p>\n","protected":false},"author":1789,"featured_media":81774,"comment_status":"closed","ping_status":"closed","sticky":false,"template":"","format":"standard","meta":{"fifu_image_url":"","fifu_image_alt":"","footnotes":""},"categories":[73,55],"tags":[],"class_list":["post-81773","post","type-post","status-publish","format-standard","has-post-thumbnail","hentry","category-actualite","category-tunisie"],"_links":{"self":[{"href":"https:\/\/linitiative.ca\/International\/wp-json\/wp\/v2\/posts\/81773","targetHints":{"allow":["GET"]}}],"collection":[{"href":"https:\/\/linitiative.ca\/International\/wp-json\/wp\/v2\/posts"}],"about":[{"href":"https:\/\/linitiative.ca\/International\/wp-json\/wp\/v2\/types\/post"}],"author":[{"embeddable":true,"href":"https:\/\/linitiative.ca\/International\/wp-json\/wp\/v2\/users\/1789"}],"replies":[{"embeddable":true,"href":"https:\/\/linitiative.ca\/International\/wp-json\/wp\/v2\/comments?post=81773"}],"version-history":[{"count":0,"href":"https:\/\/linitiative.ca\/International\/wp-json\/wp\/v2\/posts\/81773\/revisions"}],"wp:featuredmedia":[{"embeddable":true,"href":"https:\/\/linitiative.ca\/International\/wp-json\/"}],"wp:attachment":[{"href":"https:\/\/linitiative.ca\/International\/wp-json\/wp\/v2\/media?parent=81773"}],"wp:term":[{"taxonomy":"category","embeddable":true,"href":"https:\/\/linitiative.ca\/International\/wp-json\/wp\/v2\/categories?post=81773"},{"taxonomy":"post_tag","embeddable":true,"href":"https:\/\/linitiative.ca\/International\/wp-json\/wp\/v2\/tags?post=81773"}],"curies":[{"name":"wp","href":"https:\/\/api.w.org\/{rel}","templated":true}]}}