{"id":81781,"date":"2020-04-09T12:38:22","date_gmt":"2020-04-09T16:38:22","guid":{"rendered":"https:\/\/linitiative.ca\/International\/covid-19-29-nouveaux-cas-confirmes-12-guerisons-et-un-deces-a-la-date-du-8-avril\/"},"modified":"2020-04-09T12:38:22","modified_gmt":"2020-04-09T16:38:22","slug":"covid-19-29-nouveaux-cas-confirmes-12-guerisons-et-un-deces-a-la-date-du-8-avril","status":"publish","type":"post","link":"https:\/\/linitiative.ca\/International\/covid-19-29-nouveaux-cas-confirmes-12-guerisons-et-un-deces-a-la-date-du-8-avril\/","title":{"rendered":"Covid-19: 29 nouveaux cas confirm\u00e9s, 12 gu\u00e9risons et un d\u00e9c\u00e8s \u00e0 la date du 8 avril"},"content":{"rendered":"<div class=\"td-post-featured-image\"><a href=\"https:\/\/i0.wp.com\/www.sidwaya.info\/wp-content\/uploads\/2020\/04\/cm.jpg?fit=700%2C467&amp;ssl=1\" data-caption=\"\"><img loading=\"lazy\" decoding=\"async\" width=\"696\" height=\"464\" class=\"entry-thumb td-modal-image\" src=\"https:\/\/i0.wp.com\/www.sidwaya.info\/wp-content\/uploads\/2020\/04\/cm.jpg?resize=696,464&amp;ssl=1\" srcset=\"https:\/\/i0.wp.com\/www.sidwaya.info\/wp-content\/uploads\/2020\/04\/cm.jpg?w=700&amp;ssl=1 700w, https:\/\/i0.wp.com\/www.sidwaya.info\/wp-content\/uploads\/2020\/04\/cm.jpg?resize=300%2C200&amp;ssl=1 300w, https:\/\/i0.wp.com\/www.sidwaya.info\/wp-content\/uploads\/2020\/04\/cm.jpg?resize=696,464&amp;ssl=1 696w, https:\/\/i0.wp.com\/www.sidwaya.info\/wp-content\/uploads\/2020\/04\/cm.jpg?resize=630%2C420&amp;ssl=1 630w, https:\/\/i0.wp.com\/www.sidwaya.info\/wp-content\/uploads\/2020\/04\/cm.jpg?resize=600%2C400&amp;ssl=1 600w\" sizes=\"auto, (max-width: 696px) 100vw, 696px\" alt=\"\" title=\"cm\"\/><\/a><\/div>\n<div class=\"\" data-block=\"true\" data-editor=\"2cuka\" data-offset-key=\"f43d4-0-0\" readability=\"13\">\n<p>A la date du 8 avril on enregistre 29 nouveaux cas confirm\u00e9s, (23 \u00e0 Ouaga, 3 \u00e0 Bobo,2 \u00e0 Gorom Gorom et un \u00e0 Dedougou) 12 gu\u00e9risons un d\u00e9c\u00e8s, 273 cas sous traitement. Au total 443 cas confirm\u00e9s dont 163 femmes et 280 hommes depuis le 9 mars 2020.<\/p>\n<\/div>\n<div class=\"td-a-rec td-a-rec-id-content_bottom tdi_30_ec7 td_block_template_1\"><img loading=\"lazy\" decoding=\"async\" class=\"aligncenter size-full wp-image-9623\" src=\"https:\/\/www.sidwaya.info\/wp-content\/uploads\/2019\/06\/Projet-bannie\u0300re-Orange-mobile.jpg\" alt=\"\" width=\"728\" height=\"81\"\/><\/div>\n<p>Auteur: BS. Sidwaya<br \/>\n<a href=\"https:\/\/www.sidwaya.info\/blog\/2020\/04\/09\/covid-19-29-nouveaux-cas-confirmes-12-guerisons-et-un-deces-a-la-date-du-8-avril\/\">Cliquez ici pour lire l&rsquo;article depuis sa source.<\/a><\/p>\n","protected":false},"excerpt":{"rendered":"<p>A la date du 8 avril on enregistre 29 nouveaux cas confirm\u00e9s, (23 \u00e0 Ouaga, 3 \u00e0 Bobo,2 \u00e0 Gorom Gorom et un \u00e0 Dedougou) 12 gu\u00e9risons un d\u00e9c\u00e8s, 273 cas sous traitement. Au total 443 cas confirm\u00e9s dont 163 femmes et 280 hommes depuis le 9 mars 2020. Auteur: BS. Sidwaya Cliquez ici pour [&hellip;]<\/p>\n","protected":false},"author":1816,"featured_media":0,"comment_status":"closed","ping_status":"closed","sticky":false,"template":"","format":"standard","meta":{"fifu_image_url":"","fifu_image_alt":"","footnotes":""},"categories":[73,81],"tags":[],"class_list":["post-81781","post","type-post","status-publish","format-standard","hentry","category-actualite","category-burkina-faso"],"_links":{"self":[{"href":"https:\/\/linitiative.ca\/International\/wp-json\/wp\/v2\/posts\/81781","targetHints":{"allow":["GET"]}}],"collection":[{"href":"https:\/\/linitiative.ca\/International\/wp-json\/wp\/v2\/posts"}],"about":[{"href":"https:\/\/linitiative.ca\/International\/wp-json\/wp\/v2\/types\/post"}],"author":[{"embeddable":true,"href":"https:\/\/linitiative.ca\/International\/wp-json\/wp\/v2\/users\/1816"}],"replies":[{"embeddable":true,"href":"https:\/\/linitiative.ca\/International\/wp-json\/wp\/v2\/comments?post=81781"}],"version-history":[{"count":0,"href":"https:\/\/linitiative.ca\/International\/wp-json\/wp\/v2\/posts\/81781\/revisions"}],"wp:attachment":[{"href":"https:\/\/linitiative.ca\/International\/wp-json\/wp\/v2\/media?parent=81781"}],"wp:term":[{"taxonomy":"category","embeddable":true,"href":"https:\/\/linitiative.ca\/International\/wp-json\/wp\/v2\/categories?post=81781"},{"taxonomy":"post_tag","embeddable":true,"href":"https:\/\/linitiative.ca\/International\/wp-json\/wp\/v2\/tags?post=81781"}],"curies":[{"name":"wp","href":"https:\/\/api.w.org\/{rel}","templated":true}]}}