{"id":81783,"date":"2020-04-09T17:18:07","date_gmt":"2020-04-09T21:18:07","guid":{"rendered":"https:\/\/linitiative.ca\/International\/covid-19-lafrique-pourrait-perdre-14-de-son-bien-etre-social-bm\/"},"modified":"2020-04-09T17:18:07","modified_gmt":"2020-04-09T21:18:07","slug":"covid-19-lafrique-pourrait-perdre-14-de-son-bien-etre-social-bm","status":"publish","type":"post","link":"https:\/\/linitiative.ca\/International\/covid-19-lafrique-pourrait-perdre-14-de-son-bien-etre-social-bm\/","title":{"rendered":"Covid-19 : l\u2019Afrique pourrait perdre +14% de son bien-\u00eatre social (BM)"},"content":{"rendered":"<div readability=\"32\">\n<p>Publi\u00e9 le 09.04.2020 \u00e0 22h18 par APA News<\/p>\n<\/div>\n<div readability=\"126\">\n<p>La \u00ab coop\u00e9ration \u00bb entre les pays africains pourrait att\u00e9nuer les \u00ab pertes \u00bb en bien-\u00eatre social qu\u2019ils vont subir \u00e0 cause de la pand\u00e9mie de covid-19, a d\u00e9clar\u00e9 jeudi un \u00e9conomiste de la Banque mondiale.\u00ab S\u2019il n\u2019y a pas de coop\u00e9ration entre les pays africains, si on ne permet pas \u00e0 nos commerces interafricains de continuer m\u00eame si on bloque les individus, si on ne permet pas surtout aux biens alimentaires de circuler, si on ne permet pas aux cha\u00eenes de valeur interafricaines de fonctionner, les pertes \u00e0 un bien-\u00eatre social pourraient \u00eatre sup\u00e9rieures \u00e0 14% \u00bb, a fait savoir Albert Zeufack.<\/p>\n<p>L\u2019\u00e9conomiste en chef de la Banque mondiale pour l\u2019Afrique analysait jeudi dans un live Facebook l\u2019impact du nouveau coronavirus sur les \u00e9conomies des pays du continent, \u00e0 la suite de la sortie d\u2019un rapport de l\u2019institution de Breton Wood soulignant que la pand\u00e9mie \u00ab entra\u00eene l\u2019Afrique subsaharienne vers sa premi\u00e8re r\u00e9cession depuis 25 ans \u00bb.<\/p>\n<p>L\u2019analyse de ses auteurs chiffre les pertes de production li\u00e9es au Covid-19 entre 37 et 79 milliards de dollars en 2020, sous l\u2019effet conjugu\u00e9 de plusieurs facteurs : la d\u00e9sorganisation des \u00e9changes et des cha\u00eenes de valeur, qui p\u00e9nalise les exportateurs de produits de base et les pays fortement int\u00e9gr\u00e9s dans les fili\u00e8res mondiales ; la r\u00e9duction des flux de financement \u00e9trangers (transferts de fonds des migrants, recettes touristiques, investissements directs \u00e9trangers, aide \u00e9trang\u00e8re) et la fuite des capitaux ; l\u2019impact direct de la pand\u00e9mie sur les syst\u00e8mes de sant\u00e9 ; et les perturbations cons\u00e9cutives aux mesures de confinement et \u00e0 la r\u00e9action de la population.<\/p>\n<p>Par ailleurs, Albert Zeufack a not\u00e9 que les trois plus grandes \u00e9conomies de la r\u00e9gion (le Nig\u00e9ria, l\u2019Angola et l\u2019Afrique du Sud) \u00ab\u00a0vont \u00eatre gravement touch\u00e9es\u00a0\u00bb, risquant de voir la croissance de leur PIB s\u2019abaisser \u00ab autour de -7% \u00e0 -8%\u00a0\u00bb.<\/p>\n<p>Croissance \u00ab\u00a0marginalement positive\u00a0\u00bb<\/p>\n<p>La violence du \u00ab\u00a0choc\u00a0\u00bb dans ces pays, selon l\u2019\u00e9conomiste camerounais de la BM, s\u2019explique \u00e0 deux niveaux. D\u2019abord, \u00ab\u00a0l\u2019Afrique du Sud \u00e9tait en r\u00e9cession et l\u2019Angola avait des difficult\u00e9s \u00e0 maintenir le taux d\u2019investissement. Plus grave, avec le choc sur les co\u00fbts des mati\u00e8res premi\u00e8res, l\u2019Angola \u00e9tait d\u00e9j\u00e0 en difficult\u00e9. Et la croissance \u00e9tait tr\u00e8s timide au Nig\u00e9ria\u00a0\u00bb, a-t-il expliqu\u00e9, avant de d\u00e9plorer le fait que ces pays \u00ab\u00a0d\u00e9pendent beaucoup du p\u00e9trole, des minerais (qui) ne sont pas suffisamment diversifi\u00e9s\u00a0\u00bb.<\/p>\n<p>En outre, a-t-il rench\u00e9ri, la croissance restera \u00ab\u00a0marginalement positive\u00a0\u00bb dans certains pays comme l\u2019Ethiopie, le Rwanda, le S\u00e9n\u00e9gal, la C\u00f4te d\u2019Ivoire et le Ghana. Pour lui, ces nations \u00ab\u00a0un peu plus diversifi\u00e9es\u00a0(\u2026) tiraient encore la croissance en Afrique\u00a0\u00bb.<\/p>\n<p>Face \u00e0 cette crise sanitaire, la BM a adopt\u00e9 une r\u00e9action et une assistance \u00ab\u00a0diff\u00e9renci\u00e9e\u00a0\u00bb \u00e0 l\u2019\u00e9gard des pays, tout en insistant sur \u00ab\u00a0la n\u00e9cessit\u00e9 d\u2019une action collective\u00a0\u00bb.<\/p>\n<p>D\u2019ores et d\u00e9j\u00e0, elle a mobilis\u00e9 plus de 160 milliards de dollars pour \u00ab assister \u00bb les pays au monde et \u00ab conseille aux pays africains de faire deux choses en parall\u00e8le \u00bb. L\u2019urgence est de \u00ab sauver les vies \u00bb en mettant l\u2019accent sur tous les programmes de sant\u00e9 et m\u00e9dicaux, a estim\u00e9 M. Zeufack, qui appelle \u00e9galement \u00e0 \u00ab prot\u00e9ger le train de vie des m\u00e9nages et des entreprises \u00bb pour \u00e9viter un arr\u00eat brutal des activit\u00e9s, un ch\u00f4mage massif et un effondrement des activit\u00e9s.<\/p>\n<p>En outre, l\u2019\u00e9conomiste en chef de la Banque mondiale pour l\u2019Afrique a soulign\u00e9 le risque de \u00ab\u00a0crise alimentaire\u00a0\u00bb \u00e0 cause de la\u00a0baisse de la production agricole combin\u00e9e avec une baisse des importations de produits alimentaires.<\/p>\n<p>Cette contraction de la production agricole risque d\u2019atteindre entre 2,6\u00a0% dans le sc\u00e9nario optimiste mais jusqu\u2019\u00e0 7\u00a0% en cas de blocages commerciaux, pr\u00e9cise un communiqu\u00e9 de la BM, ajoutant que les importations de denr\u00e9es alimentaires vont elles aussi fortement reculer (de 13 \u00e0 25\u00a0%), plomb\u00e9es par des co\u00fbts de transaction plus \u00e9lev\u00e9s et une demande int\u00e9rieure en baisse.<\/p>\n<p>Toutefois, recommande Albert Zeufack, face \u00e0 ce risque, les pays africains doivent \u00ab s\u2019assurer que les cha\u00eenes de valeur alimentaire et la logistique pour les favoriser ne soient pas ferm\u00e9es, et s\u2019assurer que les pays africains travaillent ensemble pour renforcer les chaines de valeur r\u00e9gionales \u00bb.<\/p>\n<\/div>\n<p>Auteur: APA News<br \/>\n<a href=\"https:\/\/www.journalducameroun.com\/covid-19-lafrique-pourrait-perdre-14-de-son-bien-etre-social-bm-2\/\">Cliquez ici pour lire l&rsquo;article depuis sa source.<\/a><\/p>\n","protected":false},"excerpt":{"rendered":"<p>Publi\u00e9 le 09.04.2020 \u00e0 22h18 par APA News La \u00ab coop\u00e9ration \u00bb entre les pays africains pourrait att\u00e9nuer les \u00ab pertes \u00bb en bien-\u00eatre social qu\u2019ils vont subir \u00e0 cause de la pand\u00e9mie de covid-19, a d\u00e9clar\u00e9 jeudi un \u00e9conomiste de la Banque mondiale.\u00ab S\u2019il n\u2019y a pas de coop\u00e9ration entre les pays africains, si [&hellip;]<\/p>\n","protected":false},"author":1965,"featured_media":0,"comment_status":"closed","ping_status":"closed","sticky":false,"template":"","format":"standard","meta":{"fifu_image_url":"","fifu_image_alt":"","footnotes":""},"categories":[73,82],"tags":[],"class_list":["post-81783","post","type-post","status-publish","format-standard","hentry","category-actualite","category-cameroun"],"_links":{"self":[{"href":"https:\/\/linitiative.ca\/International\/wp-json\/wp\/v2\/posts\/81783","targetHints":{"allow":["GET"]}}],"collection":[{"href":"https:\/\/linitiative.ca\/International\/wp-json\/wp\/v2\/posts"}],"about":[{"href":"https:\/\/linitiative.ca\/International\/wp-json\/wp\/v2\/types\/post"}],"author":[{"embeddable":true,"href":"https:\/\/linitiative.ca\/International\/wp-json\/wp\/v2\/users\/1965"}],"replies":[{"embeddable":true,"href":"https:\/\/linitiative.ca\/International\/wp-json\/wp\/v2\/comments?post=81783"}],"version-history":[{"count":0,"href":"https:\/\/linitiative.ca\/International\/wp-json\/wp\/v2\/posts\/81783\/revisions"}],"wp:attachment":[{"href":"https:\/\/linitiative.ca\/International\/wp-json\/wp\/v2\/media?parent=81783"}],"wp:term":[{"taxonomy":"category","embeddable":true,"href":"https:\/\/linitiative.ca\/International\/wp-json\/wp\/v2\/categories?post=81783"},{"taxonomy":"post_tag","embeddable":true,"href":"https:\/\/linitiative.ca\/International\/wp-json\/wp\/v2\/tags?post=81783"}],"curies":[{"name":"wp","href":"https:\/\/api.w.org\/{rel}","templated":true}]}}