{"id":81784,"date":"2020-04-09T17:18:09","date_gmt":"2020-04-09T21:18:09","guid":{"rendered":"https:\/\/linitiative.ca\/International\/covid-19-afrique-entre-21-et-51-de-baisse-de-croissance-en-2020-bm\/"},"modified":"2020-04-09T17:18:09","modified_gmt":"2020-04-09T21:18:09","slug":"covid-19-afrique-entre-21-et-51-de-baisse-de-croissance-en-2020-bm","status":"publish","type":"post","link":"https:\/\/linitiative.ca\/International\/covid-19-afrique-entre-21-et-51-de-baisse-de-croissance-en-2020-bm\/","title":{"rendered":"Covid-19\/Afrique : Entre -2,1 et -5,1% de baisse de croissance en 2020 (BM)"},"content":{"rendered":"<div readability=\"32\">\n<p>Publi\u00e9 le 09.04.2020 \u00e0 22h18 par APA News<\/p>\n<\/div>\n<div readability=\"85\">\n<p>Le rapport d\u2019 Africa\u2019s Pulse de la Banque mondiale du mois d\u2019 avril 2020 lanc\u00e9 jeudi pr\u00e9voit comme impact du Covid-19 une de baisse de la croissance \u00e9conomique de l\u2019Afrique subsaharienne comprise dans une fourchette de -2,1 \u00e0 -5,1 % en 2020 contre 2,4 % en 2019.Ce rapport est intitul\u00e9 \u00ab\u00a0\u00c9valuation de l\u2019impact \u00e9conomique du Covid-19 et des r\u00e9ponses politiques en Afrique subsaharienne \u00bb.\u00a0<\/p>\n<p>Selon\u00a0\u00a0l\u2019\u00e9conomiste en chef de la Banque mondiale pour l\u2019Afrique\u00a0Albert Zeufack, cela constituera la premi\u00e8re r\u00e9cession dans la r\u00e9gion depuis 25 ans\u00a0.<\/p>\n<p>Dans le rapport, il est dit que les pertes de production dans la r\u00e9gion pour 2020 vont se chiffrer entre 37 milliards et 79 milliards de dollars. La Banque mondiale note que la r\u00e9vision \u00e0 la baisse de la croissance en 2020 refl\u00e8te les risques macro-\u00e9conomiques d\u00e9coulant de la chute brutale de la croissance du PIB des principaux partenaires commerciaux de la r\u00e9gion, particuli\u00e8rement la Chine et la zone euro, de la baisse des prix des mati\u00e8res premi\u00e8res, de la r\u00e9duction de l\u2019activit\u00e9 touristique dans de nombreux pays ainsi que des effets des mesures destin\u00e9es \u00e0 ma\u00eetriser la pand\u00e9mie mondiale du Covid-19 .<\/p>\n<p>\u00a0Les auteurs du rapport mentionnent que les pays d\u00e9pendants des exportations mini\u00e8res et p\u00e9troli\u00e8res devraient \u00eatre les plus durement frapp\u00e9s.\u00a0La chute de la croissance pourrait atteindre jusqu\u2019\u00e0 7 points de pourcentage dans les pays exportateurs de p\u00e9trole et jusqu\u2019\u00e0 8 points de pourcentage dans les pays exportateurs de m\u00e9taux, ceci par rapport \u00e0 un sc\u00e9nario de base sans Covid-19.<\/p>\n<p>\u00a0Quant aux pays ne disposant pas de grandes ressources naturelles, la croissance devrait ralentir, mais rester positive.\u00a0Elle va s\u2019affaiblir de fa\u00e7on substantielle dans les deux zones de croissance rapide que sont l\u2019Union \u00e9conomique et mon\u00e9taire ouest africaine (UEMOA) o\u00f9 l\u2019\u00e9pid\u00e9mie se propage rapidement, et la Communaut\u00e9 d\u2019Afrique de l\u2019Est, \u00e0 cause de la faiblesse de la demande ext\u00e9rieure et des perturbations des cha\u00eenes de valeur et des productions nationales.<\/p>\n<p>Les auteurs du rapport notent par ailleurs que l\u2019activit\u00e9 dans les pays d\u00e9pendants du tourisme devrait \u00e9galement se contracter fortement en r\u00e9ponse aux fortes perturbations dans les voyages et les activit\u00e9s touristiques.<\/p>\n<p>\u00ab Dans le sc\u00e9nario de base et dans le sc\u00e9nario pessimiste, la croissance va tomber en dessous du taux r\u00e9gional moyen de croissance d\u00e9mographique de 2,7 % \u00bb, souligne la Banque mondiale.\u00a0Ce qui veut dire qu\u2019en l\u2019absence de mesures d\u2019att\u00e9nuation appropri\u00e9es, l\u2019\u00e9pid\u00e9mie de Covid-19 va avoir un impact profond sur le bien-\u00eatre d\u2019un grand nombre de personnes dans la r\u00e9gion.<\/p>\n<p>\u00a0Les auteurs du rapport se veulent formels. \u00ab Des strat\u00e9gies ayant pour r\u00e9sultat des blocages des \u00e9changes sous-r\u00e9gionaux vont accro\u00eetre les co\u00fbts de transaction et mener \u00e0 des pertes de bien-\u00eatre encore plus fortes \u00bb.\u00a0 De m\u00eame, si les pays devaient fermer leurs fronti\u00e8res au commerce les pertes de bien-\u00eatre se montent \u00e0 14 % par rapport au sc\u00e9nario sans Covid-19.\u00a0<\/p>\n<\/div>\n<p>Auteur: APA News<br \/>\n<a href=\"https:\/\/www.journalducameroun.com\/covid-19-afrique-entre-21-et-51-de-baisse-de-croissance-en-2020-bm\/\">Cliquez ici pour lire l&rsquo;article depuis sa source.<\/a><\/p>\n","protected":false},"excerpt":{"rendered":"<p>Publi\u00e9 le 09.04.2020 \u00e0 22h18 par APA News Le rapport d\u2019 Africa\u2019s Pulse de la Banque mondiale du mois d\u2019 avril 2020 lanc\u00e9 jeudi pr\u00e9voit comme impact du Covid-19 une de baisse de la croissance \u00e9conomique de l\u2019Afrique subsaharienne comprise dans une fourchette de -2,1 \u00e0 -5,1 % en 2020 contre 2,4 % en 2019.Ce [&hellip;]<\/p>\n","protected":false},"author":1965,"featured_media":0,"comment_status":"closed","ping_status":"closed","sticky":false,"template":"","format":"standard","meta":{"fifu_image_url":"","fifu_image_alt":"","footnotes":""},"categories":[73,82],"tags":[],"class_list":["post-81784","post","type-post","status-publish","format-standard","hentry","category-actualite","category-cameroun"],"_links":{"self":[{"href":"https:\/\/linitiative.ca\/International\/wp-json\/wp\/v2\/posts\/81784","targetHints":{"allow":["GET"]}}],"collection":[{"href":"https:\/\/linitiative.ca\/International\/wp-json\/wp\/v2\/posts"}],"about":[{"href":"https:\/\/linitiative.ca\/International\/wp-json\/wp\/v2\/types\/post"}],"author":[{"embeddable":true,"href":"https:\/\/linitiative.ca\/International\/wp-json\/wp\/v2\/users\/1965"}],"replies":[{"embeddable":true,"href":"https:\/\/linitiative.ca\/International\/wp-json\/wp\/v2\/comments?post=81784"}],"version-history":[{"count":0,"href":"https:\/\/linitiative.ca\/International\/wp-json\/wp\/v2\/posts\/81784\/revisions"}],"wp:attachment":[{"href":"https:\/\/linitiative.ca\/International\/wp-json\/wp\/v2\/media?parent=81784"}],"wp:term":[{"taxonomy":"category","embeddable":true,"href":"https:\/\/linitiative.ca\/International\/wp-json\/wp\/v2\/categories?post=81784"},{"taxonomy":"post_tag","embeddable":true,"href":"https:\/\/linitiative.ca\/International\/wp-json\/wp\/v2\/tags?post=81784"}],"curies":[{"name":"wp","href":"https:\/\/api.w.org\/{rel}","templated":true}]}}