{"id":81786,"date":"2020-04-09T17:53:16","date_gmt":"2020-04-09T21:53:16","guid":{"rendered":"https:\/\/linitiative.ca\/International\/cameroun-la-bonne-information-comme-arme-contre-le-covid-19\/"},"modified":"2020-04-09T17:53:16","modified_gmt":"2020-04-09T21:53:16","slug":"cameroun-la-bonne-information-comme-arme-contre-le-covid-19","status":"publish","type":"post","link":"https:\/\/linitiative.ca\/International\/cameroun-la-bonne-information-comme-arme-contre-le-covid-19\/","title":{"rendered":"Cameroun : la bonne information comme arme contre le Covid-19"},"content":{"rendered":"<div readability=\"32\">\n<p>Publi\u00e9 le 09.04.2020 \u00e0 22h53 par journal du cameroun<\/p>\n<\/div>\n<div readability=\"79\">\n<h2 class=\"c4\"><strong>L\u2019Organisation mondiale de la sant\u00e9 a \u00e9difi\u00e9 les hommes de m\u00e9dias sur cette question \u00e0 Yaound\u00e9.<\/strong><\/h2>\n<p class=\"c5\">Des rumeurs, des recettes de grand-m\u00e8re pour lutter contre le Covid-19 ou encore des propos attribu\u00e9s \u00e0 des experts ou autre.<\/p>\n<p class=\"c5\">Ce sont l\u00e0 quelques \u00e9l\u00e9ments qui circulent sur les r\u00e9seaux sociaux \u00e0 une vitesse grand V. Sans v\u00e9rification, nombreux sont ceux qui partagent ces messages et les prennent pour argent comptant.<\/p>\n<p class=\"c5\">Difficile de d\u00e9m\u00ealer le vrai du faux dans ce contexte o\u00f9 la maladie \u00e0 Corona virus 2019 (Covid-19) continue de faire des ravages.<\/p>\n<p class=\"c5\">Sur 335 canaux de communication exploit\u00e9s en date du 07 avril au Cameroun, l\u2019Organisation mondiale de la sant\u00e9 (Oms) a d\u00e9cel\u00e9 332 informations av\u00e9r\u00e9es, 66 rumeurs, et 52 messages de d\u00e9sinformations.<\/p>\n<p class=\"c5\">Ainsi, la lutte contre cette pand\u00e9mie n\u2019est pas que clinique, elle passe \u00e9galement par la circulation de la bonne information. Il est question d\u2019inciter les internautes et les populations \u00e0 rechercher l\u2019information \u00e0 la bonne source et surtout les diriger vers ces sources cr\u00e9dibles.<\/p>\n<p class=\"c5\">C\u2019est dans cette optique que l\u2019Oms en partenariat avec l\u2019Unicef et le minist\u00e8re de la Sant\u00e9 publique, ont organis\u00e9 le 1<sup>er<\/sup> avril 2020 \u00e0 Yaound\u00e9, un briefing sur le Covid-19 \u00e0 l\u2019attention des hommes de m\u00e9dias.<\/p>\n<p class=\"c5\">Selon un rapport de l\u2019<strong>Organisation mondiale de la sant\u00e9 (Oms)<\/strong>, au 07 avril 2020, le Cameroun comptait 730 cas test\u00e9s positifs au <strong>Covid-19<\/strong> avec 60 personnes gu\u00e9ries.<\/p>\n<p class=\"c5\">La r\u00e9gion de l\u2019Est est entr\u00e9e hier, 08 avril dans la liste des r\u00e9gions touch\u00e9es par ce virus au <strong>Cameroun<\/strong>. Ce qui porte d\u00e9sormais \u00e0 6 le nombre des r\u00e9gions touch\u00e9es \u00e0 savoir, le Centre, le Littoral, l\u2019Ouest, le Sud-Ouest et l\u2019Est.<\/p>\n<p class=\"c5\">Dans le monde, 1 279 722 cas ont \u00e9t\u00e9 confirm\u00e9s dont 9845 en Afrique et 72 616 d\u00e9c\u00e8s (485 en Afrique), au 07 avril dernier.<\/p>\n<\/div>\n<p>Auteur: Ludovic Amara<br \/>\n<a href=\"https:\/\/www.journalducameroun.com\/cameroun-la-bonne-information-comme-arme-contre-le-covid-19-cameroun\/\">Cliquez ici pour lire l&rsquo;article depuis sa source.<\/a><\/p>\n","protected":false},"excerpt":{"rendered":"<p>Publi\u00e9 le 09.04.2020 \u00e0 22h53 par journal du cameroun L\u2019Organisation mondiale de la sant\u00e9 a \u00e9difi\u00e9 les hommes de m\u00e9dias sur cette question \u00e0 Yaound\u00e9. Des rumeurs, des recettes de grand-m\u00e8re pour lutter contre le Covid-19 ou encore des propos attribu\u00e9s \u00e0 des experts ou autre. Ce sont l\u00e0 quelques \u00e9l\u00e9ments qui circulent sur les [&hellip;]<\/p>\n","protected":false},"author":1965,"featured_media":0,"comment_status":"closed","ping_status":"closed","sticky":false,"template":"","format":"standard","meta":{"fifu_image_url":"","fifu_image_alt":"","footnotes":""},"categories":[73,82],"tags":[],"class_list":["post-81786","post","type-post","status-publish","format-standard","hentry","category-actualite","category-cameroun"],"_links":{"self":[{"href":"https:\/\/linitiative.ca\/International\/wp-json\/wp\/v2\/posts\/81786","targetHints":{"allow":["GET"]}}],"collection":[{"href":"https:\/\/linitiative.ca\/International\/wp-json\/wp\/v2\/posts"}],"about":[{"href":"https:\/\/linitiative.ca\/International\/wp-json\/wp\/v2\/types\/post"}],"author":[{"embeddable":true,"href":"https:\/\/linitiative.ca\/International\/wp-json\/wp\/v2\/users\/1965"}],"replies":[{"embeddable":true,"href":"https:\/\/linitiative.ca\/International\/wp-json\/wp\/v2\/comments?post=81786"}],"version-history":[{"count":0,"href":"https:\/\/linitiative.ca\/International\/wp-json\/wp\/v2\/posts\/81786\/revisions"}],"wp:attachment":[{"href":"https:\/\/linitiative.ca\/International\/wp-json\/wp\/v2\/media?parent=81786"}],"wp:term":[{"taxonomy":"category","embeddable":true,"href":"https:\/\/linitiative.ca\/International\/wp-json\/wp\/v2\/categories?post=81786"},{"taxonomy":"post_tag","embeddable":true,"href":"https:\/\/linitiative.ca\/International\/wp-json\/wp\/v2\/tags?post=81786"}],"curies":[{"name":"wp","href":"https:\/\/api.w.org\/{rel}","templated":true}]}}