{"id":81787,"date":"2020-04-09T11:45:48","date_gmt":"2020-04-09T15:45:48","guid":{"rendered":"https:\/\/linitiative.ca\/International\/la-bad-debloque-13-milliard-de-dollars-pour-le-secteur-prive-africain\/"},"modified":"2020-04-09T11:45:48","modified_gmt":"2020-04-09T15:45:48","slug":"la-bad-debloque-13-milliard-de-dollars-pour-le-secteur-prive-africain","status":"publish","type":"post","link":"https:\/\/linitiative.ca\/International\/la-bad-debloque-13-milliard-de-dollars-pour-le-secteur-prive-africain\/","title":{"rendered":"La Bad d\u00e9bloque 1,3 milliard de dollars pour le secteur priv\u00e9 africain"},"content":{"rendered":"<div id=\"the-post\">\n<div class=\"featured-area featured-area-inner\"><img loading=\"lazy\" decoding=\"async\" width=\"624\" height=\"351\" src=\"https:\/\/ecomatin.net\/wp-content\/uploads\/2020\/04\/Bad-1.jpg\" class=\"attachment-jannah-image-post size-jannah-image-post wp-post-image\" alt=\"BAD\" srcset=\"https:\/\/ecomatin.net\/wp-content\/uploads\/2020\/04\/Bad-1.jpg 624w, https:\/\/ecomatin.net\/wp-content\/uploads\/2020\/04\/Bad-1-300x169.jpg 300w, https:\/\/ecomatin.net\/wp-content\/uploads\/2020\/04\/Bad-1-390x220.jpg 390w\" sizes=\"auto, (max-width: 624px) 100vw, 624px\" data-attachment-id=\"14918\" data-permalink=\"https:\/\/ecomatin.net\/la-bad-debloque-13-milliard-de-dollars-pour-le-secteur-prive-africain\/bad-3\/\" data-orig-file=\"https:\/\/ecomatin.net\/wp-content\/uploads\/2020\/04\/Bad-1.jpg\" data-orig-size=\"624,351\" data-comments-opened=\"0\" data-image-meta=\"{&quot;aperture&quot;:&quot;0&quot;,&quot;credit&quot;:&quot;&quot;,&quot;camera&quot;:&quot;&quot;,&quot;caption&quot;:&quot;&quot;,&quot;created_timestamp&quot;:&quot;0&quot;,&quot;copyright&quot;:&quot;&quot;,&quot;focal_length&quot;:&quot;0&quot;,&quot;iso&quot;:&quot;0&quot;,&quot;shutter_speed&quot;:&quot;0&quot;,&quot;title&quot;:&quot;&quot;,&quot;orientation&quot;:&quot;0&quot;}\" data-image-title=\"Bad\" data-image-description=\"\" data-medium-file=\"https:\/\/ecomatin.net\/wp-content\/uploads\/2020\/04\/Bad-1-300x169.jpg\" data-large-file=\"https:\/\/ecomatin.net\/wp-content\/uploads\/2020\/04\/Bad-1.jpg\"\/> BAD<\/div>\n<div class=\"entry-content entry clearfix\" readability=\"59.3915816327\">\n<p>Les premiers contours de l\u2019op\u00e9ration \u00ab Combattre le Covid-19 \u00bb initi\u00e9e par le groupe de la Banque Africaine de D\u00e9veloppement (BAD) se dessinent d\u00e9j\u00e0. Selon une d\u00e9claration de son pr\u00e9sident, cette institution financi\u00e8re envisage accompagner le secteur priv\u00e9 des Etats-membres, frapp\u00e9 de plein fouet par le ralentissement \u00e9conomique engendr\u00e9 par la crise de la maladie \u00e0 coronavirus qui continue de prendre l\u2019ampleur sur le continent africain.\u00a0 Akinmuwi Adesina ainsi qu\u2019une enveloppe de\u00a01,3 milliard de dollars (environ 784 milliards de FCFA) est d\u00e9volue \u00ab aux op\u00e9rations du secteur priv\u00e9 \u00bb, dans un communiqu\u00e9 rendu public le 8 avril 2020 par la BAD.<\/p>\n<p>Il faut tout de m\u00eame reconnaitre que le communiqu\u00e9 est assez vague, aucune allusion n\u2019\u00e9tant sur les modalit\u00e9s de d\u00e9caissement, les b\u00e9n\u00e9ficiaires-cibles, la cl\u00e9 de r\u00e9partition du fonds ou encore les secteurs concern\u00e9s. Le pr\u00e9sident de la BAD souligne n\u00e9anmoins que \u00ab ce dispositif aidera les pays africains \u00e0 acc\u00e9l\u00e9rer leurs efforts pour contenir la propagation rapide du coronavirus (\u2026) Les Etats doivent prendre des d\u00e9cisions audacieuses et d\u00e9cisives pour sauver des vies \u00bb.<\/p>\n<p>La manne mise \u00e0 la disposition de la BAD au b\u00e9n\u00e9fice du secteur priv\u00e9 africain\u00a0provient d\u2019une enveloppe globale de 10 milliards de dollars, destin\u00e9s\u00a0majoritairement aux Etats africains membre de l\u2019institution. La BAD avait pr\u00e9alablement annonc\u00e9 que 5,5\u00a0milliards de dollars (environ 1\u00a0800 milliards de FCFA) sont consacr\u00e9s aux actions men\u00e9es directement par les Etats-membres \u00ab\u00a0Il s\u2019agit\u00a0d\u2019une contribution dans l\u2019urgence pour mettre en \u0153uvre des dispositifs nationaux \u00e0 vocations sanitaire ou de sauvegarde \u00e9conomique \u00bb, avait expliqu\u00e9 soulign\u00e9 Akinmuwi Adesina.\u00a0Autre d\u00e9tail, un peu plus de 3 milliards de dollars seront vers\u00e9s aux op\u00e9rations men\u00e9es par le Fonds Africain de D\u00e9veloppement, le guichet de financement de la BAD qui fournit des pr\u00eats et des dons aux pays membres dont les revenus sont les plus faibles.<\/p>\n<p>Avec un tissu industriel fortement marqu\u00e9 par la crise sanitaire actuelle, le secteur priv\u00e9 camerounais est dans l\u2019expectative. Dans une r\u00e9cente sortie le Groupement Inter-patronal du Cameroun (Gicam) proposait au gouvernement camerounais quelques pistes de solutions sur les plans douanier, mon\u00e9taire, financier, budg\u00e9taire, ainsi qu\u2019en faveur de r\u00e9unions des organes statutaires des entreprises. En attendant une \u00e9ventuelle adh\u00e9sion favorable de Yaound\u00e9 aux premi\u00e8res propositions de ce groupement patronal, les op\u00e9rateurs \u00e9conomiques camerounais esp\u00e8rent tirer b\u00e9n\u00e9fice de la promesse de la BAD.<\/p>\n<div class=\"awac-wrapper awac widget posts-list-widget-13\">\n<h4 class=\"widget-title\">Recent Posts<\/h4>\n<\/div>\n<\/div>\n<\/div>\n<div readability=\"31.5\">\n<div class=\"container-wrapper subscribe-widget widget-inner-wrap subscribe-widget-content\" id=\"post-newsletter\" readability=\"33\">\n<h4>With Product You Purchase<\/h4>\n<h3>Subscribe to our mailing list to get the new updates!<\/h3>\n<p>Lorem ipsum dolor sit amet, consectetur.<\/p>\n<\/div>\n<\/div>\n<p>Auteur: EcoMatin<br \/>\n<a href=\"https:\/\/ecomatin.net\/la-bad-debloque-13-milliard-de-dollars-pour-le-secteur-prive-africain\/\">Cliquez ici pour lire l&rsquo;article depuis sa source.<\/a><\/p>\n","protected":false},"excerpt":{"rendered":"<p>BAD Les premiers contours de l\u2019op\u00e9ration \u00ab Combattre le Covid-19 \u00bb initi\u00e9e par le groupe de la Banque Africaine de D\u00e9veloppement (BAD) se dessinent d\u00e9j\u00e0. Selon une d\u00e9claration de son pr\u00e9sident, cette institution financi\u00e8re envisage accompagner le secteur priv\u00e9 des Etats-membres, frapp\u00e9 de plein fouet par le ralentissement \u00e9conomique engendr\u00e9 par la crise de la [&hellip;]<\/p>\n","protected":false},"author":1969,"featured_media":81788,"comment_status":"closed","ping_status":"closed","sticky":false,"template":"","format":"standard","meta":{"fifu_image_url":"","fifu_image_alt":"","footnotes":""},"categories":[82,78],"tags":[],"class_list":["post-81787","post","type-post","status-publish","format-standard","has-post-thumbnail","hentry","category-cameroun","category-economie"],"_links":{"self":[{"href":"https:\/\/linitiative.ca\/International\/wp-json\/wp\/v2\/posts\/81787","targetHints":{"allow":["GET"]}}],"collection":[{"href":"https:\/\/linitiative.ca\/International\/wp-json\/wp\/v2\/posts"}],"about":[{"href":"https:\/\/linitiative.ca\/International\/wp-json\/wp\/v2\/types\/post"}],"author":[{"embeddable":true,"href":"https:\/\/linitiative.ca\/International\/wp-json\/wp\/v2\/users\/1969"}],"replies":[{"embeddable":true,"href":"https:\/\/linitiative.ca\/International\/wp-json\/wp\/v2\/comments?post=81787"}],"version-history":[{"count":0,"href":"https:\/\/linitiative.ca\/International\/wp-json\/wp\/v2\/posts\/81787\/revisions"}],"wp:featuredmedia":[{"embeddable":true,"href":"https:\/\/linitiative.ca\/International\/wp-json\/"}],"wp:attachment":[{"href":"https:\/\/linitiative.ca\/International\/wp-json\/wp\/v2\/media?parent=81787"}],"wp:term":[{"taxonomy":"category","embeddable":true,"href":"https:\/\/linitiative.ca\/International\/wp-json\/wp\/v2\/categories?post=81787"},{"taxonomy":"post_tag","embeddable":true,"href":"https:\/\/linitiative.ca\/International\/wp-json\/wp\/v2\/tags?post=81787"}],"curies":[{"name":"wp","href":"https:\/\/api.w.org\/{rel}","templated":true}]}}