{"id":81798,"date":"2020-04-10T10:32:18","date_gmt":"2020-04-10T14:32:18","guid":{"rendered":"https:\/\/linitiative.ca\/International\/tout-savoir-sur-les-aides-accordees-aux-menages-non-ramedistes\/"},"modified":"2020-04-10T10:32:18","modified_gmt":"2020-04-10T14:32:18","slug":"tout-savoir-sur-les-aides-accordees-aux-menages-non-ramedistes","status":"publish","type":"post","link":"https:\/\/linitiative.ca\/International\/tout-savoir-sur-les-aides-accordees-aux-menages-non-ramedistes\/","title":{"rendered":"Tout savoir sur les aides accord\u00e9es aux m\u00e9nages non-ramedistes"},"content":{"rendered":"<header>\n<div class=\"entry-post-meta\">\n<div class=\"author-link\">Publi\u00e9 par <a itemprop=\"author\" itemscope=\"\" itemtype=\"https:\/\/schema.org\/Person\" href=\"http:\/\/aujourdhui.ma\/profile\/kaid\" rel=\"author\"><span itemprop=\"name\">ALM<\/span><\/a><\/div>\n<p>Date\u00a0:<time content=\"2020-04-10T15:32:18+00:00\" class=\"entry-date updated\" datetime=\"2020-04-10T15:32:18+00:00\">avril 10, 2020<\/time><\/p>\n<p>1Vues<\/p>\n<\/div>\n<\/header>\n<div class=\"entry-content clearfix\" readability=\"37\">\n<p><iframe loading=\"lazy\" width=\"536\" height=\"323\" src=\"\/\/www.youtube.com\/embed\/RFh9o3-RSPY?\" frameborder=\"0\" allowfullscreen=\"\">[embedded content]<\/iframe><\/p>\n<p><span class=\"c4\"><strong>Dans la continuit\u00e9 des capsules mises en ligne pour d\u00e9tailler les principales mesures prises par le Maroc dans sa lutte contre le Covid-19, le minist\u00e8re de l\u2019\u00e9conomie, des finances et de la r\u00e9forme de l\u2019administration vient de publier une nouvelle vid\u00e9o dans laquelle il explique les d\u00e9marches \u00e0 suivre par les m\u00e9nages non-ramedistes op\u00e9rant dans l\u2019informel pour b\u00e9n\u00e9ficier de l\u2019aide accord\u00e9e par le Fonds de gestion de la pand\u00e9mie du Coronavirus.<\/strong><\/span><\/p>\n<\/div>\n<p>Auteur: ALM<br \/>\n<a href=\"http:\/\/aujourdhui.ma\/societe\/tout-savoir-sur-les-aides-accordees-aux-menages-non-ramedistes\">Cliquez ici pour lire l&rsquo;article depuis sa source.<\/a><\/p>\n","protected":false},"excerpt":{"rendered":"<p>Publi\u00e9 par ALM Date\u00a0:avril 10, 2020 1Vues [embedded content] Dans la continuit\u00e9 des capsules mises en ligne pour d\u00e9tailler les principales mesures prises par le Maroc dans sa lutte contre le Covid-19, le minist\u00e8re de l\u2019\u00e9conomie, des finances et de la r\u00e9forme de l\u2019administration vient de publier une nouvelle vid\u00e9o dans laquelle il explique les [&hellip;]<\/p>\n","protected":false},"author":1759,"featured_media":0,"comment_status":"closed","ping_status":"closed","sticky":false,"template":"","format":"standard","meta":{"fifu_image_url":"","fifu_image_alt":"","footnotes":""},"categories":[73,54],"tags":[],"class_list":["post-81798","post","type-post","status-publish","format-standard","hentry","category-actualite","category-maroc"],"_links":{"self":[{"href":"https:\/\/linitiative.ca\/International\/wp-json\/wp\/v2\/posts\/81798","targetHints":{"allow":["GET"]}}],"collection":[{"href":"https:\/\/linitiative.ca\/International\/wp-json\/wp\/v2\/posts"}],"about":[{"href":"https:\/\/linitiative.ca\/International\/wp-json\/wp\/v2\/types\/post"}],"author":[{"embeddable":true,"href":"https:\/\/linitiative.ca\/International\/wp-json\/wp\/v2\/users\/1759"}],"replies":[{"embeddable":true,"href":"https:\/\/linitiative.ca\/International\/wp-json\/wp\/v2\/comments?post=81798"}],"version-history":[{"count":0,"href":"https:\/\/linitiative.ca\/International\/wp-json\/wp\/v2\/posts\/81798\/revisions"}],"wp:attachment":[{"href":"https:\/\/linitiative.ca\/International\/wp-json\/wp\/v2\/media?parent=81798"}],"wp:term":[{"taxonomy":"category","embeddable":true,"href":"https:\/\/linitiative.ca\/International\/wp-json\/wp\/v2\/categories?post=81798"},{"taxonomy":"post_tag","embeddable":true,"href":"https:\/\/linitiative.ca\/International\/wp-json\/wp\/v2\/tags?post=81798"}],"curies":[{"name":"wp","href":"https:\/\/api.w.org\/{rel}","templated":true}]}}