{"id":81799,"date":"2020-04-10T11:17:28","date_gmt":"2020-04-10T15:17:28","guid":{"rendered":"https:\/\/linitiative.ca\/International\/recoltes-dhiver-installations-des-cultures-de-printemps-et-dete-un-approvisionnement-normal-jusquau-mois-de-decembre\/"},"modified":"2020-04-10T11:17:28","modified_gmt":"2020-04-10T15:17:28","slug":"recoltes-dhiver-installations-des-cultures-de-printemps-et-dete-un-approvisionnement-normal-jusquau-mois-de-decembre","status":"publish","type":"post","link":"https:\/\/linitiative.ca\/International\/recoltes-dhiver-installations-des-cultures-de-printemps-et-dete-un-approvisionnement-normal-jusquau-mois-de-decembre\/","title":{"rendered":"R\u00e9coltes d\u2019hiver, installations des cultures de printemps et d\u2019\u00e9t\u00e9 : Un approvisionnement normal jusqu\u2019au mois de d\u00e9cembre"},"content":{"rendered":"<p><img decoding=\"async\" class=\"post_layout_5_img\" src=\"http:\/\/aujourdhui.ma\/wp-content\/uploads\/2020\/03\/Agriculture-2.jpg?x29840\" alt=\"R&#xE9;coltes d&#x2019;hiver, installations des cultures de printemps et d&#x2019;&#xE9;t&#xE9; : Un approvisionnement normal jusqu&#x2019;au mois de d&#xE9;cembre\"\/><\/p>\n<p><span class=\"c4\"><strong>Toutes les dispositions n\u00e9cessaires sont prises par le minist\u00e8re de l\u2019agriculture, de la p\u00eache maritime, du d\u00e9veloppement rural et des eaux et for\u00eats pour garantir la mise en place des programmes d\u2019assolement arr\u00eat\u00e9s pour un approvisionnement normal et r\u00e9gulier du march\u00e9 jusqu\u2019\u00e0 d\u00e9cembre 2020.<\/strong><\/span> <span id=\"more-340979\"\/><\/p>\n<p>C\u2019est ce que confirme la tutelle dans sa r\u00e9cente communication. \u201cLe mode de gouvernance mis en place en relation avec les services provinciaux et r\u00e9gionaux de l\u2019agriculture permet d\u2019assurer un suivi quotidien de la situation de l\u2019approvisionnement du march\u00e9 et un suivi hebdomadaire de la situation des assolements\u201d, peut-on relever du d\u00e9partement de l\u2019agriculture. Et de pr\u00e9ciser que \u201cce dispositif auquel sont associ\u00e9s l\u2019ensemble des acteurs intervenant le long de la cha\u00eene agricole permet d\u2019assurer une adaptation continue des diff\u00e9rents programmes et de stabiliser le fonctionnement de la cha\u00eene de valeur agricole depuis l\u2019approvisionnement en productions agricoles jusqu\u2019\u00e0 la mise sur le march\u00e9 des produits\u201d.<\/p>\n<p>En effet, la tutelle \u00e9tablit un suivi rigoureux et quotidien de la situation de la production et de l\u2019approvisionnement du march\u00e9 \u00e0 l\u2019\u00e9chelle nationale, et ce depuis l\u2019instauration de l\u2019\u00e9tat d\u2019urgence sanitaire. Cette veille fait ressortir un bon d\u00e9roulement de l\u2019activit\u00e9 agricole et ce en d\u00e9pit de la conjoncture actuelle. En effet, les op\u00e9rations en mati\u00e8re d\u2019assolement se font conform\u00e9ment aux programmes d\u00e9finis avec les directions r\u00e9gionales selon les sp\u00e9cificit\u00e9s des r\u00e9gions et ce dans le cadre d\u2019une vision globale qui permet d\u2019assurer l\u2019\u00e9quilibre en mati\u00e8re d\u2019offre et de demande.<\/p>\n<p>Le d\u00e9partement de l\u2019agriculture indique, par ailleurs, que \u201cles r\u00e9coltes d\u2019hiver, les installations des cultures de printemps et d\u2019\u00e9t\u00e9 permettront d\u2019assurer un approvisionnement normal et r\u00e9gulier du march\u00e9 en produits agricoles, notamment ceux de grande consommation jusqu\u2019au mois de d\u00e9cembre\u201d. S\u2019agissant des cultures l\u00e9gumi\u00e8res actuellement sur le march\u00e9, leur production couvrira les besoins de consommation pendant les mois d\u2019avril et mai qui co\u00efncident avec le mois du ramadan. Il s\u2019agit, en effet, de la tomate, de l\u2019oignon, la pomme de terre, les carottes, les courgettes, le poivron, les aubergines, le navet et le concombre qui proviennent des r\u00e9coltes des assolements install\u00e9s pendant la saison hivernale.<\/p>\n<p>\u201cCes produits, en plus du haricot, du melon et de la past\u00e8que seront disponibles sur le march\u00e9 \u00e0 partir du mois de juin gr\u00e2ce \u00e0 la mise en \u0153uvre du programme des cultures de printemps qui sont en cours d\u2019installation et qui est \u00e0 un stade avanc\u00e9 de r\u00e9alisation\u201d, souligne la tutelle qui note, par ailleurs, un d\u00e9roulement normal de l\u2019ex\u00e9cution des assolements de printemps qui totalisent 85 000 hectares. Les r\u00e9alisations ont atteint \u00e0 ce jour 65% du programme d\u00e9fini tandis que le reste du programme sera install\u00e9 au courant de ce mois d\u2019avril.<\/p>\n<p>\u201cLa production attendue \u00e0 partir du mois de juin et des mois \u00e0 venir d\u00e9passera la demande et les besoins de consommation en ces produits\u201d, peut-on lire de la communication du d\u00e9partement de l\u2019agriculture. Et de conclure que \u201c le programme des assolements arr\u00eat\u00e9 pour la saison d\u2019\u00e9t\u00e9 (17.000 hectars) pour les cultures pr\u00e9cit\u00e9es et qui sera mis en place \u00e0 partir du mois de juin, permettra d\u2019assurer la production en ces produits en automne pour couvrir les besoins de consommation jusqu\u2019au mois de d\u00e9cembre 2020\u201d.<\/p>\n<p>Auteur: ALM<br \/>\n<a href=\"http:\/\/aujourdhui.ma\/economie\/recoltes-dhiver-installations-des-cultures-de-printemps-et-dete-un-approvisionnement-normal-jusquau-mois-de-decembre\">Cliquez ici pour lire l&rsquo;article depuis sa source.<\/a><\/p>\n","protected":false},"excerpt":{"rendered":"<p>Toutes les dispositions n\u00e9cessaires sont prises par le minist\u00e8re de l\u2019agriculture, de la p\u00eache maritime, du d\u00e9veloppement rural et des eaux et for\u00eats pour garantir la mise en place des programmes d\u2019assolement arr\u00eat\u00e9s pour un approvisionnement normal et r\u00e9gulier du march\u00e9 jusqu\u2019\u00e0 d\u00e9cembre 2020. C\u2019est ce que confirme la tutelle dans sa r\u00e9cente communication. \u201cLe [&hellip;]<\/p>\n","protected":false},"author":1759,"featured_media":0,"comment_status":"closed","ping_status":"closed","sticky":false,"template":"","format":"standard","meta":{"fifu_image_url":"","fifu_image_alt":"","footnotes":""},"categories":[73,54],"tags":[],"class_list":["post-81799","post","type-post","status-publish","format-standard","hentry","category-actualite","category-maroc"],"_links":{"self":[{"href":"https:\/\/linitiative.ca\/International\/wp-json\/wp\/v2\/posts\/81799","targetHints":{"allow":["GET"]}}],"collection":[{"href":"https:\/\/linitiative.ca\/International\/wp-json\/wp\/v2\/posts"}],"about":[{"href":"https:\/\/linitiative.ca\/International\/wp-json\/wp\/v2\/types\/post"}],"author":[{"embeddable":true,"href":"https:\/\/linitiative.ca\/International\/wp-json\/wp\/v2\/users\/1759"}],"replies":[{"embeddable":true,"href":"https:\/\/linitiative.ca\/International\/wp-json\/wp\/v2\/comments?post=81799"}],"version-history":[{"count":0,"href":"https:\/\/linitiative.ca\/International\/wp-json\/wp\/v2\/posts\/81799\/revisions"}],"wp:attachment":[{"href":"https:\/\/linitiative.ca\/International\/wp-json\/wp\/v2\/media?parent=81799"}],"wp:term":[{"taxonomy":"category","embeddable":true,"href":"https:\/\/linitiative.ca\/International\/wp-json\/wp\/v2\/categories?post=81799"},{"taxonomy":"post_tag","embeddable":true,"href":"https:\/\/linitiative.ca\/International\/wp-json\/wp\/v2\/tags?post=81799"}],"curies":[{"name":"wp","href":"https:\/\/api.w.org\/{rel}","templated":true}]}}