{"id":81809,"date":"2020-04-10T06:58:53","date_gmt":"2020-04-10T10:58:53","guid":{"rendered":"https:\/\/linitiative.ca\/International\/la-fondation-merck-avec-la-premiere-dame-du-mozambique-annoncent-les-prix-de-reconnaissance-des-medias-restez-a-la-maison\/"},"modified":"2020-04-10T06:58:53","modified_gmt":"2020-04-10T10:58:53","slug":"la-fondation-merck-avec-la-premiere-dame-du-mozambique-annoncent-les-prix-de-reconnaissance-des-medias-restez-a-la-maison","status":"publish","type":"post","link":"https:\/\/linitiative.ca\/International\/la-fondation-merck-avec-la-premiere-dame-du-mozambique-annoncent-les-prix-de-reconnaissance-des-medias-restez-a-la-maison\/","title":{"rendered":"La Fondation Merck avec La Premi\u00e8re Dame du Mozambique annoncent les Prix de Reconnaissance des M\u00e9dias \u00ab Restez \u00e0 la Maison \u00bb"},"content":{"rendered":"<table class=\"c2\">\n<tbody>\n<tr>\n<td><strong><em>La Fondation Merck c\u00e9l\u00e8bre la Journ\u00e9e Mondiale de la Sant\u00e9 avec la Premi\u00e8re Dame du Mozambique pour sensibiliser le public au sujet du Coronavirus<\/em><\/strong><\/td>\n<\/tr>\n<tr>\n<td>MAPUTO, Mozambique, 10 avril 2020\/ \u2014 La Fondation Merck (<a href=\"http:\/\/www.merck-foundation.com\/\" data-saferedirecturl=\"https:\/\/www.google.com\/url?q=http:\/\/www.Merck-Foundation.com&amp;source=gmail&amp;ust=1586602320921000&amp;usg=AFQjCNEvNns78ODirTiAgdPgHP0DaK93uQ\">http:\/\/www.Merck-Foundation.com<\/a>), la branche philanthropique de Merck KGaA Allemagne avec<strong>\u00a0la Premi\u00e8re Dame du Mozambique, S.E. Dr. ISAURA FERR\u00c3O NYUSI,\u00a0<\/strong>a annonc\u00e9 l\u2019appel \u00e0 candidatures pour les<strong>\u00a0Prix de Reconnaissance des M\u00e9dias \u00ab Restez \u00e0 la Maison \u00bb au Mozambique.\u00a0<\/strong>Le th\u00e8me des prix est<strong>\u00a0\u00ab Sensibiliser sur la fa\u00e7on de Rester en S\u00e9curit\u00e9 et de rester en Bonne Sant\u00e9 Physique et Mentale pendant le Confinement due au Coronavirus \u00bb.<\/strong><\/p>\n<p><strong>Dr. Rasha Kelej, CEO of Merck Foundation,<\/strong>\u00a0explique : \u00ab C\u2019est ainsi que nous c\u00e9l\u00e9brons la Journ\u00e9e Mondiale de la Sant\u00e9. Le Prix de Reconnaissance des M\u00e9dias \u00ab Restez \u00e0 la Maison \u00bb encouragera les m\u00e9dias \u00e0 sensibiliser nos communaut\u00e9s. La sensibilisation au corona virus dans nos communaut\u00e9s contribuera \u00e0 soutenir les agents de sant\u00e9 qui sont \u00e0 l\u2019avant-garde de la r\u00e9ponse au COVID-19 \u2013 en fournissant des traitements et des soins respectueux de haute qualit\u00e9, elle renforcera \u00e9galement leurs efforts consid\u00e9rables pour mener un dialogue communautaire pour r\u00e9pondre aux craintes et aux questions. Nos c\u0153urs et nos pens\u00e9es sont avec eux \u00bb.<\/p>\n<p>\u00ab Cette p\u00e9riode troublante en raison de la peur du coronavirus est difficile pour tout le monde \u2013 \u00e0 la fois physiquement et mentalement. Alors que la plupart des pays sont soumis \u00e0 un confinement total ou \u00e0 des d\u00e9placements restreints, les gens ne savent pas comment g\u00e9rer cette situation.\u00a0<strong>La Distance Sociale est notre Responsabilit\u00e9 Sociale\u00a0<\/strong>et le seul moyen de tuer le coronavirus, cependant, il faudra beaucoup de courage et de discipline pour le pratiquer. Prendre soin de votre sant\u00e9 mentale et physique est important pendant cette p\u00e9riode. Par cons\u00e9quent, nous avons d\u00e9cid\u00e9 de lancer ces prix afin de r\u00e9compenser les journalistes qui sensibilisent de la mani\u00e8re la plus efficace et cr\u00e9ative sur la fa\u00e7on de rester en s\u00e9curit\u00e9 et de rester en bonne sant\u00e9 physique et mentale pendant cette phase \u00bb, a ajout\u00e9 le\u00a0<strong>Dr. Rasha Kelej<\/strong>.<\/p>\n<p>Les prix sont ouverts \u00e0 tous les journalistes des plateformes \u2013\u00a0<strong>Presse \u00e9crite, en Ligne, Radio et Multim\u00e9dia<\/strong>\u00a0du Mozambique et d\u2019autres Pays Lusophones ainsi que des\u00a0<strong>Pays Africains Anglophones, Francophones et Arabophones<\/strong>. Les travaux m\u00e9diatiques les plus cr\u00e9atifs et les plus influents visant \u00e0 sensibiliser r\u00e9guli\u00e8rement les communaut\u00e9s \u00e0 ce sujet alarmant seront \u00e9ligibles pour remporter ces prix.<\/p>\n<p>La Fondation Merck \u00e9tendra les prix aux pays du Moyen-Orient, d\u2019Am\u00e9rique latine et d\u2019Asie dans les prochains jours pour impliquer tous les m\u00e9dias du Sud.<\/p>\n<p>\u00ab \u00c9tant donn\u00e9 que la plupart des gens sont confin\u00e9s chez eux, ils passent beaucoup de temps \u00e0 lire et \u00e0 \u00e9couter les actualit\u00e9s sur diff\u00e9rentes plateformes. Professionnels des m\u00e9dias, c\u2019est \u00e0 vous d\u2019aider les gens \u00e0 prendre soin de leur sant\u00e9 mentale et physique en ces temps troublants, \u00e0 travers votre travail cr\u00e9atif, informationnel et motivationnel. Vous pouvez les guider \u00e0 s\u2019adapter \u00e0 leur routine et \u00e0 leur rythme de vie nouveaux et diff\u00e9rents \u00bb, a soulign\u00e9 le\u00a0<strong>Dr. Rasha Kelej.<\/strong><\/p>\n<p><strong>D\u00e9tails des Prix de Reconnaissance des M\u00e9dias \u00ab Restez \u00e0 la Maison \u00bb de la Fondation Merck<\/strong><\/p>\n<p><strong>Qui peut Postuler :<\/strong><br \/>Journalistes des plateformes \u2013\u00a0<strong>Presse \u00e9crite, en Ligne, Radio et Multim\u00e9dia du Mozambique et d\u2019autres Pays Africains Lusophones ; Anglophone ; Francophones et Arabophones<\/strong><\/p>\n<p><strong>Date limite de soumission :<\/strong><br \/>Les inscriptions peuvent \u00eatre soumises jusqu\u2019au\u00a0<strong>30 juin<\/strong>\u00a0<strong>2020<\/strong><\/p>\n<p><strong>Comment s\u2019inscrire ?<\/strong><br \/>Les inscriptions peuvent \u00eatre soumises par e-mail \u00e0\u00a0<a href=\"mailto:info@merck-foundation.com\"><strong>info@merck-foundation.com<\/strong><\/a><\/p>\n<p><strong>Avec vos coordonn\u00e9es (y compris le nom, le sexe, le pays, l\u2019organe des m\u00e9dias, l\u2019adresse email et le num\u00e9ro de t\u00e9l\u00e9phone portable) et votre travail en pi\u00e8ce jointe<\/strong><\/p>\n<p><strong>Cat\u00e9gories et Prix Mon\u00e9taires :<\/strong><\/p>\n<table>\n<tbody>\n<tr>\n<td width=\"118\"><strong>Cat\u00e9gories<\/strong><\/td>\n<td width=\"118\"><strong>TV<\/strong><\/td>\n<td width=\"118\"><strong>Radio<\/strong><\/td>\n<td width=\"118\"><strong>Presse \u00e9crite<\/strong><\/td>\n<td width=\"118\"><strong>En Ligne<\/strong><\/td>\n<\/tr>\n<tr>\n<td width=\"118\"><strong>Prix Mon\u00e9taires (Jusqu\u2019a)<\/strong><\/td>\n<td width=\"118\"><strong>USD 500<\/strong><\/td>\n<td width=\"118\"><strong>USD 500<\/strong><\/td>\n<td width=\"118\"><strong>USD 500<\/strong><\/td>\n<td width=\"118\"><strong>USD 500<\/strong><\/td>\n<\/tr>\n<\/tbody>\n<\/table>\n<p>USD = Dollars Am\u00e9ricains<\/p>\n<p><em>Distribu\u00e9 par APO Group pour Merck Foundation.<\/em><\/p>\n<p><a href=\"https:\/\/africa-newsroom.com\/press\/media\/merck-foundation-together-with-first-lady-of-mozambique-announce-stay-at-home-media-recognition-awards?lang=fr\" data-saferedirecturl=\"https:\/\/www.google.com\/url?q=https:\/\/africa-newsroom.com\/press\/media\/merck-foundation-together-with-first-lady-of-mozambique-announce-stay-at-home-media-recognition-awards?lang%3Dfr&amp;source=gmail&amp;ust=1586602320922000&amp;usg=AFQjCNGKKXeesY-Zby8WXtMU5vd1xF1NEw\">Voir le contenu multim\u00e9dia<\/a><\/p>\n<p><strong>Rejoignez la conversation sur nos plateformes de r\u00e9seaux sociaux ci-dessous et faites entendre votre voix :\u00a0<\/strong><br \/>Facebook :\u00a0<a href=\"https:\/\/bit.ly\/2MmUl3p\" data-saferedirecturl=\"https:\/\/www.google.com\/url?q=https:\/\/bit.ly\/2MmUl3p&amp;source=gmail&amp;ust=1586602320922000&amp;usg=AFQjCNGq7ymUP5UPEw6V3WQD_MFxxfC24Q\">bit.ly\/2MmUl3p<\/a><br \/>Twitter :\u00a0<a href=\"https:\/\/bit.ly\/2NDqHLR\" data-saferedirecturl=\"https:\/\/www.google.com\/url?q=https:\/\/bit.ly\/2NDqHLR&amp;source=gmail&amp;ust=1586602320922000&amp;usg=AFQjCNGf9UCVMmluCE-xhECRRHFDddnypg\">bit.ly\/2NDqHLR<\/a><br \/>YouTube :\u00a0<a href=\"https:\/\/bit.ly\/318obQe\" data-saferedirecturl=\"https:\/\/www.google.com\/url?q=https:\/\/bit.ly\/318obQe&amp;source=gmail&amp;ust=1586602320922000&amp;usg=AFQjCNF8yizhNAepoxvNdXE1gCu1BoJodg\">bit.ly\/318obQe<\/a><br \/>Instagram :\u00a0<a href=\"https:\/\/bit.ly\/2MtCKsu\" data-saferedirecturl=\"https:\/\/www.google.com\/url?q=https:\/\/bit.ly\/2MtCKsu&amp;source=gmail&amp;ust=1586602320922000&amp;usg=AFQjCNFYHMfSb0P07h1IhP_aFewz3AAmVA\">bit.ly\/2MtCKsu<\/a><br \/>Flicker :\u00a0<a href=\"https:\/\/bit.ly\/2P7AICN\" data-saferedirecturl=\"https:\/\/www.google.com\/url?q=https:\/\/bit.ly\/2P7AICN&amp;source=gmail&amp;ust=1586602320922000&amp;usg=AFQjCNHlKyj2pa73jjVG7HhcgXIm-GrepA\">bit.ly\/2P7AICN<\/a><br \/>Website :\u00a0<a href=\"http:\/\/www.merck-foundation.com\/\" data-saferedirecturl=\"https:\/\/www.google.com\/url?q=http:\/\/www.merck-foundation.com\/&amp;source=gmail&amp;ust=1586602320922000&amp;usg=AFQjCNFpNXnwyQqIjVWW7K3aQMZ45AHLng\">Merck-Foundation.com<\/a><\/p>\n<p><strong>\u00c0 propos de la Fondation Merck\u00a0:<\/strong><br \/>La\u00a0<a href=\"http:\/\/www.merck-foundation.com\/\" data-saferedirecturl=\"https:\/\/www.google.com\/url?q=http:\/\/www.merck-foundation.com\/&amp;source=gmail&amp;ust=1586602320922000&amp;usg=AFQjCNFpNXnwyQqIjVWW7K3aQMZ45AHLng\">Fondation Merck<\/a>\u00a0(<a href=\"http:\/\/www.merck-foundation.com\/\" data-saferedirecturl=\"https:\/\/www.google.com\/url?q=http:\/\/www.Merck-Foundation.com&amp;source=gmail&amp;ust=1586602320922000&amp;usg=AFQjCNFGQMnrZnYrixT0lL1r_hsi-7Ntcg\">www.Merck-Foundation.com<\/a>), cr\u00e9\u00e9e en 2017, est la branche philanthropique de Merck KGaA Allemagne. Elle vise \u00e0 am\u00e9liorer la sant\u00e9 et le bien-\u00eatre des personnes et de faire progresser leur vie gr\u00e2ce \u00e0 la science et la technologie. Nos efforts sont principalement centr\u00e9s sur l\u2019am\u00e9lioration de l\u2019acc\u00e8s aux solutions de soins de sant\u00e9 innovants dans les communaut\u00e9s mal desservies, le renforcement des capacit\u00e9s de recherche scientifique et de sant\u00e9 et l\u2019autonomisation des personnes dans les STEM (Science, Technologie, Ing\u00e9nierie et Math\u00e9matiques), en mettent l\u2019accent sur les femmes et la jeunesse. Tous les communiqu\u00e9s de presse de la Fondation Merck sont diffus\u00e9s par courrier \u00e9lectronique d\u00e8s qu\u2019ils deviennent disponibles sur le site Internet de la Fondation Merck. Veuillez aller sur\u00a0<a href=\"http:\/\/www.merck-foundation.com\/\" data-saferedirecturl=\"https:\/\/www.google.com\/url?q=http:\/\/www.Merck-Foundation.com&amp;source=gmail&amp;ust=1586602320922000&amp;usg=AFQjCNFGQMnrZnYrixT0lL1r_hsi-7Ntcg\">www.Merck-Foundation.com<\/a>\u00a0pour en savoir plus et\/ou pour vous inscrire en ligne :\u00a0<a href=\"https:\/\/www.merck-foundation.com\/MF_MainPage\" data-saferedirecturl=\"https:\/\/www.google.com\/url?q=https:\/\/www.merck-foundation.com\/MF_MainPage&amp;source=gmail&amp;ust=1586602320922000&amp;usg=AFQjCNFYWgzkQx3s7RRbVVfsdMbMwFERWw\">Merck Foundation<\/a>\u00a0(<a href=\"http:\/\/www.merck-foundation.com\/\" data-saferedirecturl=\"https:\/\/www.google.com\/url?q=http:\/\/www.Merck-Foundation.com&amp;source=gmail&amp;ust=1586602320922000&amp;usg=AFQjCNFGQMnrZnYrixT0lL1r_hsi-7Ntcg\">www.Merck-Foundation.com<\/a>),\u00a0<a href=\"https:\/\/www.facebook.com\/merckfoundation\/\" data-saferedirecturl=\"https:\/\/www.google.com\/url?q=https:\/\/www.facebook.com\/merckfoundation\/&amp;source=gmail&amp;ust=1586602320922000&amp;usg=AFQjCNFpHxc5vVDxEmGWhgLoHktXVQXAog\">Facebook<\/a>\u00a0(<a href=\"http:\/\/bit.ly\/347DsTd\" data-saferedirecturl=\"https:\/\/www.google.com\/url?q=http:\/\/bit.ly\/347DsTd&amp;source=gmail&amp;ust=1586602320922000&amp;usg=AFQjCNH5AN-uAS2S6LZTQ5n7xbHsggNruA\">bit.ly\/347DsTd<\/a>),\u00a0<a href=\"https:\/\/twitter.com\/MerckFoundation\" data-saferedirecturl=\"https:\/\/www.google.com\/url?q=https:\/\/twitter.com\/MerckFoundation&amp;source=gmail&amp;ust=1586602320922000&amp;usg=AFQjCNGhWs1nvVageVr0B5dG5xBqC_18lg\">Twitter<\/a>\u00a0(<a href=\"http:\/\/bit.ly\/2REHwaK\" data-saferedirecturl=\"https:\/\/www.google.com\/url?q=http:\/\/bit.ly\/2REHwaK&amp;source=gmail&amp;ust=1586602320922000&amp;usg=AFQjCNHILFZaQ-jLsTpUOR-T48kgD1e1oA\">bit.ly\/2REHwaK<\/a>),\u00a0<a href=\"https:\/\/www.instagram.com\/merckfoundation\/\" data-saferedirecturl=\"https:\/\/www.google.com\/url?q=https:\/\/www.instagram.com\/merckfoundation\/&amp;source=gmail&amp;ust=1586602320922000&amp;usg=AFQjCNEMM7YFjJQhiV_DzrVsGl5CKGQ48g\">Instagram<\/a>\u00a0(<a href=\"http:\/\/bit.ly\/2t3E0fX\" data-saferedirecturl=\"https:\/\/www.google.com\/url?q=http:\/\/bit.ly\/2t3E0fX&amp;source=gmail&amp;ust=1586602320922000&amp;usg=AFQjCNFVr8QecdbaW3pecNeo5d4XrkVHEA\">bit.ly\/2t3E0fX<\/a>),\u00a0<a href=\"https:\/\/www.youtube.com\/watch?v=eQ1GIZSPlhk&amp;feature=youtu.be\" data-saferedirecturl=\"https:\/\/www.google.com\/url?q=https:\/\/www.youtube.com\/watch?v%3DeQ1GIZSPlhk%26feature%3Dyoutu.be&amp;source=gmail&amp;ust=1586602320922000&amp;usg=AFQjCNEfEPhkEp57zZX9ldnqjwqViATZBA\">YouTube<\/a>\u00a0(<a href=\"http:\/\/bit.ly\/2E05GVg\" data-saferedirecturl=\"https:\/\/www.google.com\/url?q=http:\/\/bit.ly\/2E05GVg&amp;source=gmail&amp;ust=1586602320922000&amp;usg=AFQjCNEQZ7HGevYlyPbmyaPJFwFrasVBOg\">bit.ly\/2E05GVg<\/a>) and\u00a0<a href=\"https:\/\/www.flickr.com\/browser\/upgrade\/?continue=%2Fphotos%2F163124125%40N08%2F\" data-saferedirecturl=\"https:\/\/www.google.com\/url?q=https:\/\/www.flickr.com\/browser\/upgrade\/?continue%3D%252Fphotos%252F163124125%2540N08%252F&amp;source=gmail&amp;ust=1586602320922000&amp;usg=AFQjCNG6iGONc9MRnTI6Hii43QSt-ah-8A\">Flicker<\/a>\u00a0(<a href=\"http:\/\/bit.ly\/2RJjWtH\" data-saferedirecturl=\"https:\/\/www.google.com\/url?q=http:\/\/bit.ly\/2RJjWtH&amp;source=gmail&amp;ust=1586602320922000&amp;usg=AFQjCNF_jR7HeHZdJ_Wh3oEth-5YeNhOTA\">bit.ly\/2RJjWtH<\/a>).<\/p>\n<p><strong>\u00c0 propos de Merck\u00a0:<\/strong><br \/>Merck (<a href=\"http:\/\/www.merckgroup.com\/\" data-saferedirecturl=\"https:\/\/www.google.com\/url?q=http:\/\/www.MerckGroup.com&amp;source=gmail&amp;ust=1586602320922000&amp;usg=AFQjCNHOe5-FiVQ8YcpM7uRqr7CuwgTAkw\">www.MerckGroup.com<\/a>) est une entreprise de premier plan dans les secteurs des sciences et des technologies, des soins des sant\u00e9, des sciences de la vie et des mat\u00e9riaux de performance. Environ 53 000 employ\u00e9s travaillent davantage \u00e0 d\u00e9velopper les technologies qui rehaussent et am\u00e9liorent la vie \u2013 \u00e0 partir des th\u00e9rapies biopharmaceutiques pour traiter le cancer ou la scl\u00e9rose en plaques, des syst\u00e8mes de pointe pour la recherche scientifique et de la production, des cristaux liquides pour les smartphones et t\u00e9l\u00e9viseurs LCD. En 2017, Merck a r\u00e9alis\u00e9 un chiffre d\u2019affaires de 15,3 milliards d\u2019euros dans 66 pays.<\/p>\n<p>L\u2019entreprise Merck, qui a \u00e9t\u00e9 fond\u00e9e en 1668, est la plus ancienne soci\u00e9t\u00e9 pharmaceutique et chimique au monde. La famille fondatrice demeure le propri\u00e9taire majoritaire du groupe de soci\u00e9t\u00e9s cot\u00e9es en bourse. Merck d\u00e9tient les droits mondiaux sur le nom et la marque Merck. Les seules exceptions sont les \u00c9tats-Unis et le Canada, o\u00f9 la soci\u00e9t\u00e9 op\u00e8re sous l\u2019appellation EMD Serono, MilliporeSigma.<\/p>\n<p class=\"c1\"><strong>SOURCE<\/strong><br \/>Merck Foundation<\/p>\n<\/td>\n<\/tr>\n<\/tbody>\n<\/table>\n<div class=\"wp-post-author-wrap wp-post-author-shortcode left\">\n<h3 class=\"awpa-title\"\/>\n<div class=\"wp-post-author\">\n<div class=\"awpa-img awpa-author-block square\"><a href=\"http:\/\/lexpertjournal.net\/fr\/?author=5\"><img loading=\"lazy\" decoding=\"async\" alt=\"\" src=\"http:\/\/0.gravatar.com\/avatar\/97f8e10a1c1125ba104a76514ee07b16?s=150&amp;d=mm&amp;r=g\" srcset=\"http:\/\/0.gravatar.com\/avatar\/97f8e10a1c1125ba104a76514ee07b16?s=300&amp;d=mm&amp;r=g 2x\" class=\"avatar avatar-150 photo\" height=\"150\" width=\"150\"\/><\/a><\/div>\n<\/div>\n<\/div>\n<aside class=\"mashsb-container mashsb-main mashsb-stretched\">\n<\/aside>\n<p>Auteur: L&rsquo;expert<br \/>\n<a href=\"http:\/\/lexpertjournal.net\/fr\/?p=13785\">Cliquez ici pour lire l&rsquo;article depuis sa source.<\/a><\/p>\n","protected":false},"excerpt":{"rendered":"<p>La Fondation Merck c\u00e9l\u00e8bre la Journ\u00e9e Mondiale de la Sant\u00e9 avec la Premi\u00e8re Dame du Mozambique pour sensibiliser le public au sujet du Coronavirus MAPUTO, Mozambique, 10 avril 2020\/ \u2014 La Fondation Merck (http:\/\/www.Merck-Foundation.com), la branche philanthropique de Merck KGaA Allemagne avec\u00a0la Premi\u00e8re Dame du Mozambique, S.E. Dr. ISAURA FERR\u00c3O NYUSI,\u00a0a annonc\u00e9 l\u2019appel \u00e0 candidatures [&hellip;]<\/p>\n","protected":false},"author":1775,"featured_media":0,"comment_status":"closed","ping_status":"closed","sticky":false,"template":"","format":"standard","meta":{"fifu_image_url":"","fifu_image_alt":"","footnotes":""},"categories":[78,55],"tags":[],"class_list":["post-81809","post","type-post","status-publish","format-standard","hentry","category-economie","category-tunisie"],"_links":{"self":[{"href":"https:\/\/linitiative.ca\/International\/wp-json\/wp\/v2\/posts\/81809","targetHints":{"allow":["GET"]}}],"collection":[{"href":"https:\/\/linitiative.ca\/International\/wp-json\/wp\/v2\/posts"}],"about":[{"href":"https:\/\/linitiative.ca\/International\/wp-json\/wp\/v2\/types\/post"}],"author":[{"embeddable":true,"href":"https:\/\/linitiative.ca\/International\/wp-json\/wp\/v2\/users\/1775"}],"replies":[{"embeddable":true,"href":"https:\/\/linitiative.ca\/International\/wp-json\/wp\/v2\/comments?post=81809"}],"version-history":[{"count":0,"href":"https:\/\/linitiative.ca\/International\/wp-json\/wp\/v2\/posts\/81809\/revisions"}],"wp:attachment":[{"href":"https:\/\/linitiative.ca\/International\/wp-json\/wp\/v2\/media?parent=81809"}],"wp:term":[{"taxonomy":"category","embeddable":true,"href":"https:\/\/linitiative.ca\/International\/wp-json\/wp\/v2\/categories?post=81809"},{"taxonomy":"post_tag","embeddable":true,"href":"https:\/\/linitiative.ca\/International\/wp-json\/wp\/v2\/tags?post=81809"}],"curies":[{"name":"wp","href":"https:\/\/api.w.org\/{rel}","templated":true}]}}