{"id":81815,"date":"2020-04-10T12:00:00","date_gmt":"2020-04-10T16:00:00","guid":{"rendered":"https:\/\/linitiative.ca\/International\/95-nouveaux-cas-confirmes-et-21-deces-enregistres-ce-vendredi\/"},"modified":"2020-04-10T12:00:00","modified_gmt":"2020-04-10T16:00:00","slug":"95-nouveaux-cas-confirmes-et-21-deces-enregistres-ce-vendredi","status":"publish","type":"post","link":"https:\/\/linitiative.ca\/International\/95-nouveaux-cas-confirmes-et-21-deces-enregistres-ce-vendredi\/","title":{"rendered":"95 nouveaux cas confirm\u00e9s et 21 d\u00e9c\u00e8s enregistr\u00e9s ce vendredi"},"content":{"rendered":"<div id=\"originalText\" readability=\"43\">\n<p class=\"c6\">L&rsquo;Alg\u00e9rie a enregistr\u00e9, ce vendredi, 95 nouveaux cas confirm\u00e9s\u00a0de coronavirus (Covid-19) et 21 d\u00e9c\u00e8s,\u00a0portant ainsi le nombre total de cas confirm\u00e9s \u00e0 1761, et le\u00a0nombre de morts\u00a0\u00e0 256, selon les nouveaux chiffres communiqu\u00e9s, en fin d&rsquo;apr\u00e8s-midi, par\u00a0le porte-parole du Comit\u00e9 scientifique de suivi de l&rsquo;\u00e9volution de la\u00a0\u00a0pand\u00e9mie du Coronavirus, Djamel Fourar.\u00a0<\/p>\n<p class=\"c7\"><strong>APS<\/strong><br \/>\u00a0<\/p>\n<p class=\"c6\">\u00a0<\/p>\n<\/div>\n<div id=\"text_core\" readability=\"43\">\n<p class=\"c6\">L&rsquo;Alg\u00e9rie a enregistr\u00e9, ce vendredi, 95 nouveaux cas confirm\u00e9s\u00a0de coronavirus (Covid-19) et 21 d\u00e9c\u00e8s,\u00a0portant ainsi le nombre total de cas confirm\u00e9s \u00e0 1761, et le\u00a0nombre de morts\u00a0\u00e0 256, selon les nouveaux chiffres communiqu\u00e9s, en fin d&rsquo;apr\u00e8s-midi, par\u00a0le porte-parole du Comit\u00e9 scientifique de suivi de l&rsquo;\u00e9volution de la\u00a0\u00a0pand\u00e9mie du Coronavirus, Djamel Fourar.\u00a0<\/p>\n<p class=\"c7\"><strong>APS<\/strong><br \/>\u00a0<\/p>\n<p class=\"c6\">\u00a0<\/p>\n<\/div>\n<p>Auteur:<br \/>\n<a href=\"https:\/\/www.liberte-algerie.com\/actualite\/95-nouveaux-cas-confirmes-et-21-deces-enregistres-ce-vendredi-337268\">Cliquez ici pour lire l&rsquo;article depuis sa source.<\/a><\/p>\n","protected":false},"excerpt":{"rendered":"<p>L&rsquo;Alg\u00e9rie a enregistr\u00e9, ce vendredi, 95 nouveaux cas confirm\u00e9s\u00a0de coronavirus (Covid-19) et 21 d\u00e9c\u00e8s,\u00a0portant ainsi le nombre total de cas confirm\u00e9s \u00e0 1761, et le\u00a0nombre de morts\u00a0\u00e0 256, selon les nouveaux chiffres communiqu\u00e9s, en fin d&rsquo;apr\u00e8s-midi, par\u00a0le porte-parole du Comit\u00e9 scientifique de suivi de l&rsquo;\u00e9volution de la\u00a0\u00a0pand\u00e9mie du Coronavirus, Djamel Fourar.\u00a0 APS\u00a0 \u00a0 L&rsquo;Alg\u00e9rie a [&hellip;]<\/p>\n","protected":false},"author":1742,"featured_media":0,"comment_status":"closed","ping_status":"closed","sticky":false,"template":"","format":"standard","meta":{"fifu_image_url":"","fifu_image_alt":"","footnotes":""},"categories":[73,53],"tags":[],"class_list":["post-81815","post","type-post","status-publish","format-standard","hentry","category-actualite","category-algerie"],"_links":{"self":[{"href":"https:\/\/linitiative.ca\/International\/wp-json\/wp\/v2\/posts\/81815","targetHints":{"allow":["GET"]}}],"collection":[{"href":"https:\/\/linitiative.ca\/International\/wp-json\/wp\/v2\/posts"}],"about":[{"href":"https:\/\/linitiative.ca\/International\/wp-json\/wp\/v2\/types\/post"}],"author":[{"embeddable":true,"href":"https:\/\/linitiative.ca\/International\/wp-json\/wp\/v2\/users\/1742"}],"replies":[{"embeddable":true,"href":"https:\/\/linitiative.ca\/International\/wp-json\/wp\/v2\/comments?post=81815"}],"version-history":[{"count":0,"href":"https:\/\/linitiative.ca\/International\/wp-json\/wp\/v2\/posts\/81815\/revisions"}],"wp:attachment":[{"href":"https:\/\/linitiative.ca\/International\/wp-json\/wp\/v2\/media?parent=81815"}],"wp:term":[{"taxonomy":"category","embeddable":true,"href":"https:\/\/linitiative.ca\/International\/wp-json\/wp\/v2\/categories?post=81815"},{"taxonomy":"post_tag","embeddable":true,"href":"https:\/\/linitiative.ca\/International\/wp-json\/wp\/v2\/tags?post=81815"}],"curies":[{"name":"wp","href":"https:\/\/api.w.org\/{rel}","templated":true}]}}