{"id":81818,"date":"2020-04-10T10:29:56","date_gmt":"2020-04-10T14:29:56","guid":{"rendered":"https:\/\/linitiative.ca\/International\/lambassade-du-maroc-a-madrid-et-les-consulats-pleinement-mobilises\/"},"modified":"2020-04-10T10:29:56","modified_gmt":"2020-04-10T14:29:56","slug":"lambassade-du-maroc-a-madrid-et-les-consulats-pleinement-mobilises","status":"publish","type":"post","link":"https:\/\/linitiative.ca\/International\/lambassade-du-maroc-a-madrid-et-les-consulats-pleinement-mobilises\/","title":{"rendered":"L\u2019ambassade du Maroc \u00e0 Madrid et les consulats pleinement mobilis\u00e9s"},"content":{"rendered":"<div readability=\"36\">\n<p>L\u2019ambassade du Maroc \u00e0 Madrid et les douze consulats g\u00e9n\u00e9raux du Royaume en Espagne sont pleinement mobilis\u00e9s afin d\u2019apporter l\u2019aide n\u00e9cessaire \u00e0 la communaut\u00e9 marocaine dans le contexte de la pand\u00e9mie du coronavirus, a soulign\u00e9 Mme Karima Benyaich, ambassadeur du Royaume.<\/p>\n<\/div>\n<div readability=\"152\">\n<p>Dans le cadre de cette mobilisation, qui s\u2019inscrit en droite ligne de la haute sollicitude dont SM le Roi Mohammed VI ne cesse d\u2019entourer la communaut\u00e9 marocaine r\u00e9sidant \u00e0 l\u2019\u00e9tranger, l\u2019ambassade et les services consulaires du Royaume sont \u00e0 pied d\u2019\u0153uvre pour soutenir les ressortissants marocains bloqu\u00e9s en s\u00e9jour touristique en Espagne depuis la suspension du trafic a\u00e9rien et maritime entre les deux pays; apporter l\u2019aide n\u00e9cessaire \u00e0 nos concitoyens en situation pr\u00e9caire et accompagner la communaut\u00e9 \u00e0 travers une campagne de communication continue, appelant au strict respect des d\u00e9cisions du gouvernement espagnol et tendant \u00e0 sensibiliser sur l\u2019imp\u00e9rieuse n\u00e9cessit\u00e9 de se conformer aux dispositions et r\u00e9glementations \u00e9tablies par les autorit\u00e9s de ce pays en vue de r\u00e9pondre \u00e0 cette situation exceptionnelle de crise sanitaire mondiale, a affirm\u00e9 la diplomate marocaine dans un entretien \u00e0 la MAP.<\/p>\n<p>Expliquant les mesures prises au profit de la communaut\u00e9 marocaine r\u00e9sidant en Espagne, Mme Benyaich a pr\u00e9cis\u00e9 que suite aux premi\u00e8res d\u00e9cisions du gouvernement espagnol, l\u2019ambassade a mis en place le 04 mars, en coordination avec le minist\u00e8re des Affaires \u00e9trang\u00e8res, de la Coop\u00e9ration africaine et des Marocains r\u00e9sidant \u00e0 l\u2019\u00e9tranger, une cellule de suivi avec l\u2019ensemble des consulats g\u00e9n\u00e9raux, charg\u00e9e d\u2019assurer un accompagnement de la communaut\u00e9 marocaine r\u00e9sidant en Espagne.<\/p>\n<p>Au lendemain de la d\u00e9cision conjointe prise par le Maroc et l\u2019Espagne de suspendre le trafic maritime et a\u00e9rien, l\u2019ambassade du Royaume a mis en place, le 13 mars, une cellule de suivi et de communication au profit des touristes marocains rest\u00e9s bloqu\u00e9s sur le territoire espagnol, pour s\u2019informer de leur situation \u00e0 la suite de la propagation du nouveau coronavirus dans plusieurs r\u00e9gions du pays.<\/p>\n<p>Dans ce cadre, ajoute Mme Benyaich, l\u2019ambassade et chacun des douze consulats g\u00e9n\u00e9raux ont mis en place une ligne t\u00e9l\u00e9phonique \u00e0 cet effet, un num\u00e9ro WhatsApp sp\u00e9cial et un courriel qui ont \u00e9t\u00e9 mis \u00ab\u00a0\u00e0 la disposition de nos concitoyens qu\u2019ils puissent nous contacter en cas de probl\u00e8me\u00a0\u00bb.<\/p>\n<p>Mme Benyaich affirme avoir adress\u00e9, une d\u00e9claration \u00e0 l\u2019opinion publique espagnole, relay\u00e9e par les principaux organes de presse, pour expliquer en d\u00e9tail les raisons et les conditions ayant amen\u00e9 les deux pays \u00e0 prendre cette d\u00e9cision.<\/p>\n<p>Elle a \u00e9galement indiqu\u00e9 avoir appel\u00e9, via une d\u00e9claration t\u00e9l\u00e9vis\u00e9e, tous les Marocains r\u00e9sidant en Espagne \u00e0 faire preuve de solidarit\u00e9 et de coh\u00e9sion, et \u00e0 veiller au strict respect des consignes et des mesures, afin de pr\u00e9server leur sant\u00e9 et celle de leurs proches.<\/p>\n<p>La campagne de communication de l\u2019ambassade s\u2019est \u00e9galement appuy\u00e9e sur la publication de communiqu\u00e9s relay\u00e9s par la presse, invitant les membres de la communaut\u00e9 marocaine \u00e0 respecter strictement les recommandations et les consignes des autorit\u00e9s sanitaires espagnoles et \u00e9viter tout d\u00e9placement en dehors de leur lieu de r\u00e9sidence.<\/p>\n<p>Concernant les mesures prises au profit des touristes marocains bloqu\u00e9s en Espagne suite \u00e0 la fermeture des fronti\u00e8res entre les deux pays, Mme Benyaich a soulign\u00e9 qu\u2019outre la mise en place d\u2019une cellule d\u2019\u00e9coute permanente via des lignes de t\u00e9l\u00e9phone, un num\u00e9ro WhatsApp et l\u2019adresse \u00e9lectronique covid@embajada-marruecos.es, pour apporter \u00e0 ceux d\u2019entre eux qui se trouvent dans une situation de pr\u00e9carit\u00e9, l\u2019aide et l\u2019appui appropri\u00e9s (h\u00e9bergement, nourriture, assistance sanitaire le cas \u00e9ch\u00e9ant), une base de donn\u00e9es a \u00e9t\u00e9 constitu\u00e9e, avec l\u2019appui des consulats g\u00e9n\u00e9raux visant \u00e0 recenser l\u2019ensemble des touristes marocains pr\u00e9sents sur le territoire espagnol, dont le nombre s\u2019\u00e9l\u00e8ve \u00e0 1700 personnes \u00e0 ce jour.<\/p>\n<p>L\u2019ambassade re\u00e7oit quotidiennement, plus de 150 appels t\u00e9l\u00e9phoniques, 200 interactions sur WhatsApp et une vingtaine de courriels, a rappel\u00e9 Mme Benyaich, relevant que la repr\u00e9sentation diplomatique du Royaume et le consulat g\u00e9n\u00e9ral \u00e0 Alg\u00e9siras ont \u00e9t\u00e9 confront\u00e9s \u00e0 un afflux massif de Marocains r\u00e9sidant en Italie et en France, venus en autocars pour se rendre au Maroc, malgr\u00e9 la suspension du trafic maritime.<\/p>\n<p>Une cellule de crise sp\u00e9cialement d\u00e9di\u00e9e a \u00e9t\u00e9 mise en place pour trouver une issue \u00e0 cette situation, qui s\u2019est sold\u00e9e par le retour de 5 autocars \u00e0 leur lieu d\u2019origine et de quelques 130 membres de la communaut\u00e9 marocaine vers les villes de leur r\u00e9sidence.<\/p>\n<p>Et de pr\u00e9ciser que l\u2019ambassade et les consulats ont apport\u00e9 \u00e0 ce jour une aide partielle ou totale \u00e0 plus de 300 personnes bloqu\u00e9es sur le territoire espagnol, tenant \u00e0 saluer le grand \u00e9lan de solidarit\u00e9 de nombreuses associations marocaines et de b\u00e9n\u00e9voles pr\u00e9sents en Espagne, qui ne m\u00e9nagent aucun effort pour apporter leur soutien aux Marocains bloqu\u00e9s.<\/p>\n<p>Saluant \u00e9galement la collaboration des autorit\u00e9s espagnole dans la gestion de cette crise, Mme Benyaich a rendu un vibrant hommage \u00e0 tous les ressortissants marocains en Espagne \u00ab pour la patience et la r\u00e9silience dont ils font preuve au quotidien \u00bb.<\/p>\n<p>\u00abNous leur demandons de continuer \u00e0 se montrer compr\u00e9hensif et solidaire face \u00e0 cette situation d\u2019urgence pour leur int\u00e9r\u00eat propre et celui de leurs proches\u00bb.<\/p>\n<p>L\u2019ambassadeur du Maroc a, par ailleurs, rappel\u00e9 qu\u2019en ce qui concerne la situation des Marocains d\u00e9c\u00e9d\u00e9s et face \u00e0 l\u2019impossibilit\u00e9 de rapatrier les corps des d\u00e9funts pour \u00eatre inhum\u00e9s \u00e0 la m\u00e8re patrie, le minist\u00e8re d\u00e9l\u00e9gu\u00e9 charg\u00e9 des Marocains r\u00e9sidant \u00e0 l\u2019\u00e9tranger, a d\u00e9cid\u00e9 de couvrir les charges d\u2019inhumation des d\u00e9funts en situation pr\u00e9caire et d\u2019assurer leur enterrement dans les cimeti\u00e8res islamiques ou dans les carr\u00e9s r\u00e9serv\u00e9s aux Musulmans dans les cimeti\u00e8res municipaux, notant que l\u2019ambassade et les consulats g\u00e9n\u00e9raux n\u2019ont re\u00e7u, \u00e0 ce jour, aucune plainte \u00e9manant des familles \u00e9plor\u00e9es en ce qui concerne la proc\u00e9dure et les modalit\u00e9s d\u2019inhumation.<\/p>\n<p>A cet effet, les diff\u00e9rents consulats ont pris attache avec les autorit\u00e9s locales espagnoles afin d\u2019augmenter les espaces r\u00e9serv\u00e9s aux d\u00e9funts marocains, \u00e0 l\u2019instar du cimeti\u00e8re musulman de Gri\u00f1\u00f3n, qui a lanc\u00e9 l\u2019am\u00e9nagement de 100 s\u00e9pultures suppl\u00e9mentaires.<\/p>\n<\/div>\n<p>Auteur: Meriem IGASS<br \/>\n<a href=\"http:\/\/www.mapmarrakech.ma\/fr\/lambassade-du-maroc-a-madrid-et-les-consulats-pleinement-mobilises\/\">Cliquez ici pour lire l&rsquo;article depuis sa source.<\/a><\/p>\n","protected":false},"excerpt":{"rendered":"<p>L\u2019ambassade du Maroc \u00e0 Madrid et les douze consulats g\u00e9n\u00e9raux du Royaume en Espagne sont pleinement mobilis\u00e9s afin d\u2019apporter l\u2019aide n\u00e9cessaire \u00e0 la communaut\u00e9 marocaine dans le contexte de la pand\u00e9mie du coronavirus, a soulign\u00e9 Mme Karima Benyaich, ambassadeur du Royaume. Dans le cadre de cette mobilisation, qui s\u2019inscrit en droite ligne de la haute [&hellip;]<\/p>\n","protected":false},"author":1788,"featured_media":0,"comment_status":"closed","ping_status":"closed","sticky":false,"template":"","format":"standard","meta":{"fifu_image_url":"","fifu_image_alt":"","footnotes":""},"categories":[54,76],"tags":[],"class_list":["post-81818","post","type-post","status-publish","format-standard","hentry","category-maroc","category-regions"],"_links":{"self":[{"href":"https:\/\/linitiative.ca\/International\/wp-json\/wp\/v2\/posts\/81818","targetHints":{"allow":["GET"]}}],"collection":[{"href":"https:\/\/linitiative.ca\/International\/wp-json\/wp\/v2\/posts"}],"about":[{"href":"https:\/\/linitiative.ca\/International\/wp-json\/wp\/v2\/types\/post"}],"author":[{"embeddable":true,"href":"https:\/\/linitiative.ca\/International\/wp-json\/wp\/v2\/users\/1788"}],"replies":[{"embeddable":true,"href":"https:\/\/linitiative.ca\/International\/wp-json\/wp\/v2\/comments?post=81818"}],"version-history":[{"count":0,"href":"https:\/\/linitiative.ca\/International\/wp-json\/wp\/v2\/posts\/81818\/revisions"}],"wp:attachment":[{"href":"https:\/\/linitiative.ca\/International\/wp-json\/wp\/v2\/media?parent=81818"}],"wp:term":[{"taxonomy":"category","embeddable":true,"href":"https:\/\/linitiative.ca\/International\/wp-json\/wp\/v2\/categories?post=81818"},{"taxonomy":"post_tag","embeddable":true,"href":"https:\/\/linitiative.ca\/International\/wp-json\/wp\/v2\/tags?post=81818"}],"curies":[{"name":"wp","href":"https:\/\/api.w.org\/{rel}","templated":true}]}}