{"id":81820,"date":"2020-04-10T10:57:46","date_gmt":"2020-04-10T14:57:46","guid":{"rendered":"https:\/\/linitiative.ca\/International\/distribution-de-masques-de-protection-au-profit-des-habitants\/"},"modified":"2020-04-10T10:57:46","modified_gmt":"2020-04-10T14:57:46","slug":"distribution-de-masques-de-protection-au-profit-des-habitants","status":"publish","type":"post","link":"https:\/\/linitiative.ca\/International\/distribution-de-masques-de-protection-au-profit-des-habitants\/","title":{"rendered":"Distribution de masques de protection au profit des habitants"},"content":{"rendered":"<div class=\"single-featured\"><img alt=\"\" data-src=\"http:\/\/www.mapmarrakech.ma\/map\/uploads\/2020\/04\/Distribution-masques-RAK-Ait-Imour-copier.jpg\"\/><\/div>\n<div class=\"single-post-excerpt post-excerpt-bc\" readability=\"38\">\n<p>Marrakech \u2013 Des masques de protection ont \u00e9t\u00e9 distribu\u00e9s au profit des habitants des communes rurales relevant de la pr\u00e9fecture de Marrakech, et ce afin de les sensibiliser quant \u00e0 l\u2019importance de respecter les mesures pr\u00e9ventives, ainsi que les consignes relatives \u00e0 l\u2019\u00e9tat d\u2019urgence sanitaire, pour freiner la propagation du nouveau coronavirus (Covid-19).<\/p>\n<\/div>\n<div class=\"entry-content clearfix single-post-content\" readability=\"69\">\n<p>Initi\u00e9e par l\u2019association \u00ab\u00a0Awlad Leblad\u00a0\u00bb, en coordination avec les autorit\u00e9s locales du Ca\u00efdat d\u2019Ait Imour, cette op\u00e9ration s\u2019inscrit dans le cadre de l\u2019accompagnement des efforts d\u00e9ploy\u00e9s \u00e0 l\u2019\u00e9chelle nationale comme au plan local, pour une meilleure mise en oeuvre des mesures pr\u00e9ventives visant \u00e0 endiguer cette pand\u00e9mie.<\/p>\n<p>Ainsi, ladite association a proc\u00e9d\u00e9 \u00e0 la distribution gratuite de masques de protection en faveur des habitants des douars relevant du ca\u00efdat d\u2019Ait Imour, tout en leur prodiguant des conseils pratiques sur l\u2019utilisation correcte de ces masques.<\/p>\n<p>A cette occasion, le pr\u00e9sident de l\u2019association \u00ab\u00a0Awlad Leblad\u00a0\u00bb, Mohamed El Amari, a indiqu\u00e9 dans une d\u00e9claration \u00e0 la MAP, que cette campagne de sensibilisation vise \u00e0 consolider la prise de conscience de la population en milieu rural, des dangers du coronavirus et de l\u2019informer sur les bonnes pratiques d\u2019hygi\u00e8ne \u00e0 adopter.<\/p>\n<p>Dans ce sens, il a insist\u00e9 sur l\u2019importance de respecter le confinement et d\u2019\u00e9viter de sortir sauf en cas de n\u00e9cessit\u00e9 extr\u00eame, saluant l\u2019engagement des autorit\u00e9s locales dans cette action louable.<\/p>\n<p>Par ailleurs, l\u2019association s\u2019est inscrite dans des op\u00e9rations destin\u00e9es \u00e0 la d\u00e9sinfection des souks et des douars, ainsi que dans une campagne de distribution de denr\u00e9es alimentaires de base et du fourrage pour le b\u00e9tail et ce, dans l\u2019optique de r\u00e9duire les d\u00e9placements vers Marrakech dans ces circonstances exceptionnelles, a-t-il ajout\u00e9.<\/p>\n<\/div>\n<p>Auteur: Meriem IGASS<br \/>\n<a href=\"http:\/\/www.mapmarrakech.ma\/fr\/distribution-de-masques-de-protection-au-profit-des-habitants\/\">Cliquez ici pour lire l&rsquo;article depuis sa source.<\/a><\/p>\n","protected":false},"excerpt":{"rendered":"<p>Marrakech \u2013 Des masques de protection ont \u00e9t\u00e9 distribu\u00e9s au profit des habitants des communes rurales relevant de la pr\u00e9fecture de Marrakech, et ce afin de les sensibiliser quant \u00e0 l\u2019importance de respecter les mesures pr\u00e9ventives, ainsi que les consignes relatives \u00e0 l\u2019\u00e9tat d\u2019urgence sanitaire, pour freiner la propagation du nouveau coronavirus (Covid-19). Initi\u00e9e par [&hellip;]<\/p>\n","protected":false},"author":1788,"featured_media":81821,"comment_status":"closed","ping_status":"closed","sticky":false,"template":"","format":"standard","meta":{"fifu_image_url":"","fifu_image_alt":"","footnotes":""},"categories":[54,76],"tags":[],"class_list":["post-81820","post","type-post","status-publish","format-standard","has-post-thumbnail","hentry","category-maroc","category-regions"],"_links":{"self":[{"href":"https:\/\/linitiative.ca\/International\/wp-json\/wp\/v2\/posts\/81820","targetHints":{"allow":["GET"]}}],"collection":[{"href":"https:\/\/linitiative.ca\/International\/wp-json\/wp\/v2\/posts"}],"about":[{"href":"https:\/\/linitiative.ca\/International\/wp-json\/wp\/v2\/types\/post"}],"author":[{"embeddable":true,"href":"https:\/\/linitiative.ca\/International\/wp-json\/wp\/v2\/users\/1788"}],"replies":[{"embeddable":true,"href":"https:\/\/linitiative.ca\/International\/wp-json\/wp\/v2\/comments?post=81820"}],"version-history":[{"count":0,"href":"https:\/\/linitiative.ca\/International\/wp-json\/wp\/v2\/posts\/81820\/revisions"}],"wp:featuredmedia":[{"embeddable":true,"href":"https:\/\/linitiative.ca\/International\/wp-json\/"}],"wp:attachment":[{"href":"https:\/\/linitiative.ca\/International\/wp-json\/wp\/v2\/media?parent=81820"}],"wp:term":[{"taxonomy":"category","embeddable":true,"href":"https:\/\/linitiative.ca\/International\/wp-json\/wp\/v2\/categories?post=81820"},{"taxonomy":"post_tag","embeddable":true,"href":"https:\/\/linitiative.ca\/International\/wp-json\/wp\/v2\/tags?post=81820"}],"curies":[{"name":"wp","href":"https:\/\/api.w.org\/{rel}","templated":true}]}}