{"id":81826,"date":"2020-04-09T19:32:00","date_gmt":"2020-04-09T23:32:00","guid":{"rendered":"https:\/\/linitiative.ca\/International\/la-pollution-de-lair-peut-augmenter-le-taux-de-mortalite\/"},"modified":"2020-04-09T19:32:00","modified_gmt":"2020-04-09T23:32:00","slug":"la-pollution-de-lair-peut-augmenter-le-taux-de-mortalite","status":"publish","type":"post","link":"https:\/\/linitiative.ca\/International\/la-pollution-de-lair-peut-augmenter-le-taux-de-mortalite\/","title":{"rendered":"La pollution de l\u2019air peut augmenter le taux de mortalit\u00e9"},"content":{"rendered":"<p>Le taux de mortalit\u00e9 \u00e0 cause du coronavirus est plus \u00e9lev\u00e9 dans les r\u00e9gions o\u00f9 il y&rsquo;a une grande pollution de l&rsquo;air, notamment de particules fines, ont constat\u00e9 des chercheurs de l&rsquo;universit\u00e9 am\u00e9ricaine d&rsquo;Harvard.<\/p>\n<p>Dans une \u00e9tude publi\u00e9e, le 7 avril 2020 (<a href=\"https:\/\/projects.iq.harvard.edu\/covid-pm\">https:\/\/projects.iq.harvard.edu\/covid-pm<\/a>), ils ont montr\u00e9 qu&rsquo;une petite augmentation dans l&rsquo;exposition \u00e0 long terme aux particules fines (PM) 2.5 (les plus petites) provoque une forte hausse du taux de mortalit\u00e9 du Covid-19.<\/p>\n<p>Les chercheurs estiment que Manhattan, par exemple, aurait pu \u00e9viter 248 d\u00e9c\u00e8s li\u00e9s au virus si le territoire avait r\u00e9duit sa pollution aux PM 2.5 d&rsquo;un microgramme par m\u00e8tre cube (un taux peu \u00e9lev\u00e9).<\/p>\n<p>Une augmentation de seulement 1 microgramme \/ m3 de PM 2,5 est associ\u00e9e \u00e0 une augmentation de 15% du taux de mortalit\u00e9 COVID-19, a encore montr\u00e9 l&rsquo;\u00e9tude.<\/p>\n<p>Ses r\u00e9sultats soulignent l&rsquo;importance de continuer \u00e0 appliquer les r\u00e9glementations existantes sur la pollution atmosph\u00e9rique pour prot\u00e9ger la sant\u00e9 humaine pendant et apr\u00e8s la crise du Covid-19.<\/p>\n<p>Pour l&rsquo;OMS (Organisation mondiale pour la Sant\u00e9), la r\u00e9duction de la pollution atmosph\u00e9rique moyenne dans une ville peut entra\u00eener des r\u00e9ductions substantielles \u00e0 long terme de la mortalit\u00e9.<\/p>\n<p>Le fait de parvenir \u00e0 des niveaux plus bas de pollution de l&rsquo;air aurait \u00e9galement pour effets de r\u00e9duire les maladies respiratoires et cardio-vasculaires et d&rsquo;augmenter l&rsquo;esp\u00e9rance de vie des populations locales, estime l&rsquo;organisation onusienne.<\/p>\n<p>Entretemps, \u00ab\u00a0l\u2019acc\u00e9l\u00e9ration des d\u00e9c\u00e8s au cours de ces derniers jours est r\u00e9v\u00e9lateur de l\u2019\u00e9volution rapide de la propagation du nouveau coronavirus en Tunisie\u00a0\u00bb, a soulign\u00e9 hier, Rim Abdelmalek, professeure en maladies infectieuses \u00e0 l\u2019h\u00f4pital La Rabta.<\/p>\n<p>La sp\u00e9cialiste a indiqu\u00e9 que le nombre de d\u00e9c\u00e8s a \u00e9t\u00e9 multipli\u00e9 par deux au cours de quelques jours passant de 12 cas \u00e0 24 mardi dernier.<\/p>\n<p>\u00ab\u00a0Cette hausse est expliqu\u00e9e par le non-respect des mesures de confinement et des recommandations sanitaires par nombre de citoyens ce qui pr\u00e9sage le passage imminent \u00e0 un sc\u00e9nario noir d\u2019o\u00f9 l\u2019importance d\u2019\u00eatre vigilants pour ne pas perdre le contr\u00f4le de la situation \u00ab\u00a0, a-t-elle pr\u00e9cis\u00e9.<\/p>\n<p>En outre, Rim Abdelmalek a estim\u00e9 que le nombre de cas confirm\u00e9s n\u2019est pas r\u00e9v\u00e9lateur de la situation r\u00e9elle surtout face au refus de plusieurs personnes atteintes du Covid-19 d\u2019\u00eatre hospitalis\u00e9es ou admises dans les centres sp\u00e9cialis\u00e9s de confinement.<\/p>\n<p>Auteur: letemps1<br \/>\n<a href=\"http:\/\/www.letemps.com.tn\/article\/112644\/la-pollution-de-l%E2%80%99air-peut-augmenter-le-taux-de-mortalit%C3%A9\">Cliquez ici pour lire l&rsquo;article depuis sa source.<\/a><\/p>\n","protected":false},"excerpt":{"rendered":"<p>Le taux de mortalit\u00e9 \u00e0 cause du coronavirus est plus \u00e9lev\u00e9 dans les r\u00e9gions o\u00f9 il y&rsquo;a une grande pollution de l&rsquo;air, notamment de particules fines, ont constat\u00e9 des chercheurs de l&rsquo;universit\u00e9 am\u00e9ricaine d&rsquo;Harvard. Dans une \u00e9tude publi\u00e9e, le 7 avril 2020 (https:\/\/projects.iq.harvard.edu\/covid-pm), ils ont montr\u00e9 qu&rsquo;une petite augmentation dans l&rsquo;exposition \u00e0 long terme aux [&hellip;]<\/p>\n","protected":false},"author":1773,"featured_media":0,"comment_status":"closed","ping_status":"closed","sticky":false,"template":"","format":"standard","meta":{"fifu_image_url":"","fifu_image_alt":"","footnotes":""},"categories":[73,55],"tags":[],"class_list":["post-81826","post","type-post","status-publish","format-standard","hentry","category-actualite","category-tunisie"],"_links":{"self":[{"href":"https:\/\/linitiative.ca\/International\/wp-json\/wp\/v2\/posts\/81826","targetHints":{"allow":["GET"]}}],"collection":[{"href":"https:\/\/linitiative.ca\/International\/wp-json\/wp\/v2\/posts"}],"about":[{"href":"https:\/\/linitiative.ca\/International\/wp-json\/wp\/v2\/types\/post"}],"author":[{"embeddable":true,"href":"https:\/\/linitiative.ca\/International\/wp-json\/wp\/v2\/users\/1773"}],"replies":[{"embeddable":true,"href":"https:\/\/linitiative.ca\/International\/wp-json\/wp\/v2\/comments?post=81826"}],"version-history":[{"count":0,"href":"https:\/\/linitiative.ca\/International\/wp-json\/wp\/v2\/posts\/81826\/revisions"}],"wp:attachment":[{"href":"https:\/\/linitiative.ca\/International\/wp-json\/wp\/v2\/media?parent=81826"}],"wp:term":[{"taxonomy":"category","embeddable":true,"href":"https:\/\/linitiative.ca\/International\/wp-json\/wp\/v2\/categories?post=81826"},{"taxonomy":"post_tag","embeddable":true,"href":"https:\/\/linitiative.ca\/International\/wp-json\/wp\/v2\/tags?post=81826"}],"curies":[{"name":"wp","href":"https:\/\/api.w.org\/{rel}","templated":true}]}}