{"id":81827,"date":"2020-04-09T19:32:00","date_gmt":"2020-04-09T23:32:00","guid":{"rendered":"https:\/\/linitiative.ca\/International\/des-bavettes-en-tissu-lavable-a-prix-symbolique\/"},"modified":"2020-04-09T19:32:00","modified_gmt":"2020-04-09T23:32:00","slug":"des-bavettes-en-tissu-lavable-a-prix-symbolique","status":"publish","type":"post","link":"https:\/\/linitiative.ca\/International\/des-bavettes-en-tissu-lavable-a-prix-symbolique\/","title":{"rendered":"Des bavettes en tissu lavable \u00e0 prix symbolique"},"content":{"rendered":"<p>Des bavettes en tissu lavable, fabriqu\u00e9es conform\u00e9ment aux normes et avec un prix symbolique selon un cahier de charges, seront bient\u00f4t disponibles dans les pharmacies, a annonc\u00e9 Mustapha Aroussi, pr\u00e9sident du syndicat tunisien des propri\u00e9taires de pharmacies priv\u00e9es.<\/p>\n<p>La production de quelque 60 millions de bavettes en tissu est actuellement en cours a pr\u00e9cis\u00e9 Aroussi.<\/p>\n<p>La Pharmacie centrale s&rsquo;approvisionnera en quantit\u00e9 suffisante de ces bavettes pour les distribuer aux pharmacies, a encore rappel\u00e9 la m\u00eame source.<\/p>\n<p>Selon les informations qui circulent, il n\u2019y a pas de risques de p\u00e9nurie de bavette et il n\u2019est pas n\u00e9cessaire de s\u2019approvisionner en grandes quantit\u00e9s. D\u2019ailleurs, l&rsquo;avion militaire de retour de Hong Kong transportant le mat\u00e9riel et les \u00e9quipements m\u00e9dicaux en faveur du minist\u00e8re de la Sant\u00e9 devait atterrir \u00e0 l&rsquo;a\u00e9roport de Tunis Carthage hier vers 16H30, selon le porte-parole du minist\u00e8re de la D\u00e9fense Mohamed Zekri.<\/p>\n<p>L&rsquo;avion devait arriver initialement ce matin, avait annonc\u00e9 hier le d\u00e9partement de la D\u00e9fense.<\/p>\n<p>Entretemps, les efforts pour la confection des bavettes se poursuivent. Sous le signe \u00a0\u00bb Soyons Unis pour notre Tunisie\u00a0\u00bb, l&rsquo;Organisation s\u00fbret\u00e9 des jeunes tunisiens (SUJET\u200e<span dir=\"rtl\">)<\/span> vient de lancer une initiative pour la fabrication de <span dir=\"rtl\">100<\/span> mille bavette qui seront livr\u00e9es<span dir=\"rtl\">,<\/span> gratuitement<span dir=\"rtl\">,<\/span> aux forces porteuses d<span dir=\"rtl\">&lsquo;<\/span>armes ainsi qu<span dir=\"rtl\">&lsquo;<\/span>\u00e0 l<span dir=\"rtl\">&lsquo;<\/span>arm\u00e9e des blouses blanches <span dir=\"rtl\">(<\/span>cadre m\u00e9dical et param\u00e9dical), selon Rihab Mejri, membre de cette organisation.<\/p>\n<p>Elle a fait savoir qu&rsquo;une \u00e9quipe de 20 jeunes (hommes et femmes) \u00e2g\u00e9s de 24 \u00e0 35 ans assureront, dans un premier temps, la distribution de 15 mille bavettes dans la r\u00e9gion du Grand Tunis. Cette action b\u00e9n\u00e9vole a \u00e9t\u00e9 entreprise par une propri\u00e9taire d&rsquo;un atelier sp\u00e9cialis\u00e9.<\/p>\n<p>Cette initiative vise, a-t-elle dit, \u00e0 recourir aux jeunes \u00e9nergies de diff\u00e9rents profils pour servir le pays et lutter contre cette \u00e9pid\u00e9mie mondiale avec les moyens disponibles, formant le souhait de voir cette initiative inciter le reste des jeunes \u00e0 contribuer chacun dans son domaine \u00e0 l&rsquo;effort national de solidarit\u00e9 pour combattre ce fl\u00e9au viral.<\/p>\n<p>Elle a ajout\u00e9 que ce geste s&rsquo;inscrit dans le cadre d&rsquo;un projet global qui comprend la confection de bavettes, la distribution de repas au personnel m\u00e9dical et param\u00e9dical des h\u00f4pitaux de la Rabta, de Charles Nicolle et d\u2019Abderrahmane Mami, outre la pr\u00e9paration du couffin de Ramadan au profit des familles d\u00e9munies et des cat\u00e9gories vuln\u00e9rables.<\/p>\n<p>Elle a ajout\u00e9 que des \u00e9quipements de st\u00e9rilisation de haute qualit\u00e9 sont en cours de fabrication sous la supervision de sp\u00e9cialistes. 5 dispositifs seront plac\u00e9s dans les moyens de transport en commun dans le Grand Tunis d\u00e8s la fin de la p\u00e9riode de confinement. Le reste du mat\u00e9riel sera r\u00e9parti entre les \u00e9tablissements de sant\u00e9, a-t-elle fait savoir.<\/p>\n<p>L\u2019Organisation s\u00fbret\u00e9 des jeunes tunisiens a \u00e9t\u00e9 cr\u00e9\u00e9e en f\u00e9vrier 2016 et regroupe des magistrats, des avocats, des s\u00e9curitaires et des jeunes actifs dans divers domaines. Elle \u0153uvre principalement \u00e0 am\u00e9liorer les relations entre le s\u00e9curitaire et le citoyen et \u00e0 fournir une aide aux citoyens en cas de besoin.<\/p>\n<p>Auteur: letemps1<br \/>\n<a href=\"http:\/\/www.letemps.com.tn\/article\/112645\/des-bavettes-en-tissu-lavable-%C3%A0-prix-symbolique\">Cliquez ici pour lire l&rsquo;article depuis sa source.<\/a><\/p>\n","protected":false},"excerpt":{"rendered":"<p>Des bavettes en tissu lavable, fabriqu\u00e9es conform\u00e9ment aux normes et avec un prix symbolique selon un cahier de charges, seront bient\u00f4t disponibles dans les pharmacies, a annonc\u00e9 Mustapha Aroussi, pr\u00e9sident du syndicat tunisien des propri\u00e9taires de pharmacies priv\u00e9es. La production de quelque 60 millions de bavettes en tissu est actuellement en cours a pr\u00e9cis\u00e9 Aroussi. [&hellip;]<\/p>\n","protected":false},"author":1773,"featured_media":0,"comment_status":"closed","ping_status":"closed","sticky":false,"template":"","format":"standard","meta":{"fifu_image_url":"","fifu_image_alt":"","footnotes":""},"categories":[73,55],"tags":[],"class_list":["post-81827","post","type-post","status-publish","format-standard","hentry","category-actualite","category-tunisie"],"_links":{"self":[{"href":"https:\/\/linitiative.ca\/International\/wp-json\/wp\/v2\/posts\/81827","targetHints":{"allow":["GET"]}}],"collection":[{"href":"https:\/\/linitiative.ca\/International\/wp-json\/wp\/v2\/posts"}],"about":[{"href":"https:\/\/linitiative.ca\/International\/wp-json\/wp\/v2\/types\/post"}],"author":[{"embeddable":true,"href":"https:\/\/linitiative.ca\/International\/wp-json\/wp\/v2\/users\/1773"}],"replies":[{"embeddable":true,"href":"https:\/\/linitiative.ca\/International\/wp-json\/wp\/v2\/comments?post=81827"}],"version-history":[{"count":0,"href":"https:\/\/linitiative.ca\/International\/wp-json\/wp\/v2\/posts\/81827\/revisions"}],"wp:attachment":[{"href":"https:\/\/linitiative.ca\/International\/wp-json\/wp\/v2\/media?parent=81827"}],"wp:term":[{"taxonomy":"category","embeddable":true,"href":"https:\/\/linitiative.ca\/International\/wp-json\/wp\/v2\/categories?post=81827"},{"taxonomy":"post_tag","embeddable":true,"href":"https:\/\/linitiative.ca\/International\/wp-json\/wp\/v2\/tags?post=81827"}],"curies":[{"name":"wp","href":"https:\/\/api.w.org\/{rel}","templated":true}]}}