{"id":81828,"date":"2020-04-09T19:32:00","date_gmt":"2020-04-09T23:32:00","guid":{"rendered":"https:\/\/linitiative.ca\/International\/commemoration-des-evenements-du-9-avril-1938\/"},"modified":"2020-04-09T19:32:00","modified_gmt":"2020-04-09T23:32:00","slug":"commemoration-des-evenements-du-9-avril-1938","status":"publish","type":"post","link":"https:\/\/linitiative.ca\/International\/commemoration-des-evenements-du-9-avril-1938\/","title":{"rendered":"Comm\u00e9moration des \u00e9v\u00e8nements du 9 avril 1938"},"content":{"rendered":"<p>avril 1938 (F\u00eate des martyrs) a \u00e9t\u00e9 organis\u00e9e, hier matin, au carr\u00e9 des martyrs, \u00e0 S\u00e9joumi.<\/p>\n<p>Le pr\u00e9sident de la R\u00e9publique, Ka\u00efs Sa\u00efed a d\u00e9pos\u00e9, \u00e0 cette occasion, une gerbe de fleurs au pied du m\u00e9morial et r\u00e9cit\u00e9 la Fatiha \u00e0 la m\u00e9moire des martyrs, indique la pr\u00e9sidence de la R\u00e9publique.<\/p>\n<p>Il a salu\u00e9 le drapeau national au son de l&rsquo;hymne national et pass\u00e9 en revue un d\u00e9tachement d&rsquo;honneur des trois armes.<\/p>\n<p>La c\u00e9r\u00e9monie s&rsquo;est d\u00e9roul\u00e9e en pr\u00e9sence du chef du gouvernement, du pr\u00e9sident de l&rsquo;Assembl\u00e9e des repr\u00e9sentants du peuple, du ministre de la D\u00e9fense ainsi que du gouverneur et de la maire de Tunis.<\/p>\n<p>En outre, des mesures exceptionnelles ont accompagn\u00e9 la comm\u00e9moration de la f\u00eate des martyrs (9 avril 1938), dans le gouvernorat de Bizerte, en raison de l&rsquo;\u00e9pid\u00e9mie du covid-19.<\/p>\n<p>Une c\u00e9r\u00e9monie restreinte en pr\u00e9sence de quelques invit\u00e9s s&rsquo;est d\u00e9roul\u00e9e, dans le cimeti\u00e8re 8 janvier 1938 \u00e0 la Cit\u00e9 El Andalous, \u00e0 Bizerte-ville.<\/p>\n<p>Le gouverneur de la r\u00e9gion, Mohamed Gouider, a d\u00e9pos\u00e9 une gerbe de fleurs et r\u00e9cit\u00e9 la Fatiha en hommage aux martyrs reposant dans ce cimeti\u00e8re \u00e0 savoir Ali Hammami, Salah Ben Ali, Mohamed Sa\u00efd, Mohamed Dhaouadi et Jalloul Mtali.<\/p>\n<p>Auteur: letemps1<br \/>\n<a href=\"http:\/\/www.letemps.com.tn\/article\/112646\/comm%C3%A9moration-des-%C3%A9v%C3%A8nements-du-9-avril-1938\">Cliquez ici pour lire l&rsquo;article depuis sa source.<\/a><\/p>\n","protected":false},"excerpt":{"rendered":"<p>avril 1938 (F\u00eate des martyrs) a \u00e9t\u00e9 organis\u00e9e, hier matin, au carr\u00e9 des martyrs, \u00e0 S\u00e9joumi. Le pr\u00e9sident de la R\u00e9publique, Ka\u00efs Sa\u00efed a d\u00e9pos\u00e9, \u00e0 cette occasion, une gerbe de fleurs au pied du m\u00e9morial et r\u00e9cit\u00e9 la Fatiha \u00e0 la m\u00e9moire des martyrs, indique la pr\u00e9sidence de la R\u00e9publique. Il a salu\u00e9 le [&hellip;]<\/p>\n","protected":false},"author":1773,"featured_media":0,"comment_status":"closed","ping_status":"closed","sticky":false,"template":"","format":"standard","meta":{"fifu_image_url":"","fifu_image_alt":"","footnotes":""},"categories":[73,55],"tags":[],"class_list":["post-81828","post","type-post","status-publish","format-standard","hentry","category-actualite","category-tunisie"],"_links":{"self":[{"href":"https:\/\/linitiative.ca\/International\/wp-json\/wp\/v2\/posts\/81828","targetHints":{"allow":["GET"]}}],"collection":[{"href":"https:\/\/linitiative.ca\/International\/wp-json\/wp\/v2\/posts"}],"about":[{"href":"https:\/\/linitiative.ca\/International\/wp-json\/wp\/v2\/types\/post"}],"author":[{"embeddable":true,"href":"https:\/\/linitiative.ca\/International\/wp-json\/wp\/v2\/users\/1773"}],"replies":[{"embeddable":true,"href":"https:\/\/linitiative.ca\/International\/wp-json\/wp\/v2\/comments?post=81828"}],"version-history":[{"count":0,"href":"https:\/\/linitiative.ca\/International\/wp-json\/wp\/v2\/posts\/81828\/revisions"}],"wp:attachment":[{"href":"https:\/\/linitiative.ca\/International\/wp-json\/wp\/v2\/media?parent=81828"}],"wp:term":[{"taxonomy":"category","embeddable":true,"href":"https:\/\/linitiative.ca\/International\/wp-json\/wp\/v2\/categories?post=81828"},{"taxonomy":"post_tag","embeddable":true,"href":"https:\/\/linitiative.ca\/International\/wp-json\/wp\/v2\/tags?post=81828"}],"curies":[{"name":"wp","href":"https:\/\/api.w.org\/{rel}","templated":true}]}}