{"id":81831,"date":"2020-04-10T15:10:48","date_gmt":"2020-04-10T19:10:48","guid":{"rendered":"https:\/\/linitiative.ca\/International\/international-coronavirus-le-psg-relooke-le-parc-des-princes\/"},"modified":"2020-04-10T15:10:48","modified_gmt":"2020-04-10T19:10:48","slug":"international-coronavirus-le-psg-relooke-le-parc-des-princes","status":"publish","type":"post","link":"https:\/\/linitiative.ca\/International\/international-coronavirus-le-psg-relooke-le-parc-des-princes\/","title":{"rendered":"International : Coronavirus: le PSG relooke le Parc des Princes"},"content":{"rendered":"<div readability=\"32\">\n<p>Auteur : <span class=\"time\">vendredi 10 avril 2020 15:56<\/span><\/p>\n<\/div>\n<div id=\"post_core\" readability=\"40\">\n<p>Le Paris Saint-Germain s\u2019est montr\u00e9 tr\u00e8s actif dans la lutte contre le COVID-19 \u00e0 travers plusieurs actions de g\u00e9n\u00e9rosit\u00e9. Et derni\u00e8rement, le club parisien a tenu \u00e0 soutenir notamment le personnel soignant via plusieurs messages qui ornent la fa\u00e7ade du Parc des Princes. \u00ab Merci et courage \u00e0 toutes les personnes mobilis\u00e9es &#8211; Paris avec vous \u00bb, peut-on lire sur l\u2019un d\u2019entre eux.\u00a0 L\u2019inscription \u00ab Tous Unis \u00bb, associ\u00e9e au logo de l\u2019AP-HP vient rappeler le don de 200 000 euros r\u00e9alis\u00e9 par le club aux h\u00f4pitaux parisiens. Le visuel \u00ab #PSGengag\u00e9 \u00bb renvoie lui vers la campagne de fonds cr\u00e9\u00e9e par le club de la capitale au profit de l\u2019AP-HP, du Secours populaire fran\u00e7ais et d\u2019Action contre la faim. Enfin, \u00ab #Restezchezvous \u00bb vient souligner l\u2019action que chaque citoyen doit respecter pour freiner la pand\u00e9mie. Un beau geste que l\u2019OM a \u00e9galement r\u00e9alis\u00e9 \u00e0 l\u2019Orange V\u00e9lodrome rapporte Foot Mercato.<\/p>\n<p><strong>Publi\u00e9 dans :<\/strong> <span>PSG<\/span><\/p>\n<\/div>\n<p>Auteur:<br \/>\n<a href=\"http:\/\/www.lebuteur.com\/article\/detail?titre=coronavirus-le-psg-relooke-le-parc-des-princes&#038;id=95580&#038;utm_source=feedburner&#038;utm_medium=feed&#038;utm_campaign=Feed%3A+GalerieFArtciles+%28Les+derniers+articles++-+lebuteur.com%29\">Cliquez ici pour lire l&rsquo;article depuis sa source.<\/a><\/p>\n","protected":false},"excerpt":{"rendered":"<p>Auteur : vendredi 10 avril 2020 15:56 Le Paris Saint-Germain s\u2019est montr\u00e9 tr\u00e8s actif dans la lutte contre le COVID-19 \u00e0 travers plusieurs actions de g\u00e9n\u00e9rosit\u00e9. Et derni\u00e8rement, le club parisien a tenu \u00e0 soutenir notamment le personnel soignant via plusieurs messages qui ornent la fa\u00e7ade du Parc des Princes. \u00ab Merci et courage \u00e0 [&hellip;]<\/p>\n","protected":false},"author":1738,"featured_media":81832,"comment_status":"closed","ping_status":"closed","sticky":false,"template":"","format":"standard","meta":{"fifu_image_url":"","fifu_image_alt":"","footnotes":""},"categories":[53,75],"tags":[],"class_list":["post-81831","post","type-post","status-publish","format-standard","has-post-thumbnail","hentry","category-algerie","category-sport"],"_links":{"self":[{"href":"https:\/\/linitiative.ca\/International\/wp-json\/wp\/v2\/posts\/81831","targetHints":{"allow":["GET"]}}],"collection":[{"href":"https:\/\/linitiative.ca\/International\/wp-json\/wp\/v2\/posts"}],"about":[{"href":"https:\/\/linitiative.ca\/International\/wp-json\/wp\/v2\/types\/post"}],"author":[{"embeddable":true,"href":"https:\/\/linitiative.ca\/International\/wp-json\/wp\/v2\/users\/1738"}],"replies":[{"embeddable":true,"href":"https:\/\/linitiative.ca\/International\/wp-json\/wp\/v2\/comments?post=81831"}],"version-history":[{"count":0,"href":"https:\/\/linitiative.ca\/International\/wp-json\/wp\/v2\/posts\/81831\/revisions"}],"wp:featuredmedia":[{"embeddable":true,"href":"https:\/\/linitiative.ca\/International\/wp-json\/"}],"wp:attachment":[{"href":"https:\/\/linitiative.ca\/International\/wp-json\/wp\/v2\/media?parent=81831"}],"wp:term":[{"taxonomy":"category","embeddable":true,"href":"https:\/\/linitiative.ca\/International\/wp-json\/wp\/v2\/categories?post=81831"},{"taxonomy":"post_tag","embeddable":true,"href":"https:\/\/linitiative.ca\/International\/wp-json\/wp\/v2\/tags?post=81831"}],"curies":[{"name":"wp","href":"https:\/\/api.w.org\/{rel}","templated":true}]}}