{"id":81833,"date":"2020-04-10T15:10:49","date_gmt":"2020-04-10T19:10:49","guid":{"rendered":"https:\/\/linitiative.ca\/International\/international-coronavirus-benzema-organise-une-vente-aux-encheres-pour-aider-les-hopitaux-de-france\/"},"modified":"2020-04-10T15:10:49","modified_gmt":"2020-04-10T19:10:49","slug":"international-coronavirus-benzema-organise-une-vente-aux-encheres-pour-aider-les-hopitaux-de-france","status":"publish","type":"post","link":"https:\/\/linitiative.ca\/International\/international-coronavirus-benzema-organise-une-vente-aux-encheres-pour-aider-les-hopitaux-de-france\/","title":{"rendered":"International : Coronavirus : Benzema organise une vente aux ench\u00e8res pour aider les h\u00f4pitaux de France"},"content":{"rendered":"<div readability=\"32\">\n<p>Auteur : <span class=\"time\">vendredi 10 avril 2020 15:58<\/span><\/p>\n<\/div>\n<div id=\"post_core\" readability=\"42\">\n<p>Le Covid-19 touche toujours de nombreuses personnes \u00e0 travers la plan\u00e8te et concernant le football, les comp\u00e9titions ont \u00e9t\u00e9 stopp\u00e9es r\u00e9cemment pour une dur\u00e9e ind\u00e9termin\u00e9e. Les acteurs du ballon rond multiplient alors les dons pour aider les fondations ou les h\u00f4pitaux. Et ce vendredi, via son compte Instagram, l\u2019attaquant du Real Madrid a lanc\u00e9 une vente aux ench\u00e8res en ligne en collaboration avec adidas: \u00abBonjour \u00e0 tous. Dans ces moments difficiles, avec toute la team adidas, on veut aider en restant chez nous et organiser une vente aux ench\u00e8res pour la fondation des H\u00f4pitaux de Paris-H\u00f4pitaux de France.\u00bb explique l\u2019avant-centre fran\u00e7ais dans sa story. Son maillot du Real Madrid, qu\u2019il a lui m\u00eame sign\u00e9, a donc \u00e9t\u00e9 mis aux ench\u00e8res. L\u2019ench\u00e8re actuelle s\u2019\u00e9l\u00e8ve \u00e0 720 euros et celle-ci se terminera dans un peu moins de 48 heures rapporte Foot Mercato.<\/p>\n<p><strong>Publi\u00e9 dans :<\/strong> <span>benzema<\/span><\/p>\n<\/div>\n<p>Auteur:<br \/>\n<a href=\"http:\/\/www.lebuteur.com\/article\/detail?titre=coronavirus-benzema-organise-une-vente-aux-encheres-pour-aider-les-hopitaux-de-france&#038;id=95581&#038;utm_source=feedburner&#038;utm_medium=feed&#038;utm_campaign=Feed%3A+GalerieFArtciles+%28Les+derniers+articles++-+lebuteur.com%29\">Cliquez ici pour lire l&rsquo;article depuis sa source.<\/a><\/p>\n","protected":false},"excerpt":{"rendered":"<p>Auteur : vendredi 10 avril 2020 15:58 Le Covid-19 touche toujours de nombreuses personnes \u00e0 travers la plan\u00e8te et concernant le football, les comp\u00e9titions ont \u00e9t\u00e9 stopp\u00e9es r\u00e9cemment pour une dur\u00e9e ind\u00e9termin\u00e9e. Les acteurs du ballon rond multiplient alors les dons pour aider les fondations ou les h\u00f4pitaux. Et ce vendredi, via son compte Instagram, [&hellip;]<\/p>\n","protected":false},"author":1738,"featured_media":81834,"comment_status":"closed","ping_status":"closed","sticky":false,"template":"","format":"standard","meta":{"fifu_image_url":"","fifu_image_alt":"","footnotes":""},"categories":[53,75],"tags":[],"class_list":["post-81833","post","type-post","status-publish","format-standard","has-post-thumbnail","hentry","category-algerie","category-sport"],"_links":{"self":[{"href":"https:\/\/linitiative.ca\/International\/wp-json\/wp\/v2\/posts\/81833","targetHints":{"allow":["GET"]}}],"collection":[{"href":"https:\/\/linitiative.ca\/International\/wp-json\/wp\/v2\/posts"}],"about":[{"href":"https:\/\/linitiative.ca\/International\/wp-json\/wp\/v2\/types\/post"}],"author":[{"embeddable":true,"href":"https:\/\/linitiative.ca\/International\/wp-json\/wp\/v2\/users\/1738"}],"replies":[{"embeddable":true,"href":"https:\/\/linitiative.ca\/International\/wp-json\/wp\/v2\/comments?post=81833"}],"version-history":[{"count":0,"href":"https:\/\/linitiative.ca\/International\/wp-json\/wp\/v2\/posts\/81833\/revisions"}],"wp:featuredmedia":[{"embeddable":true,"href":"https:\/\/linitiative.ca\/International\/wp-json\/"}],"wp:attachment":[{"href":"https:\/\/linitiative.ca\/International\/wp-json\/wp\/v2\/media?parent=81833"}],"wp:term":[{"taxonomy":"category","embeddable":true,"href":"https:\/\/linitiative.ca\/International\/wp-json\/wp\/v2\/categories?post=81833"},{"taxonomy":"post_tag","embeddable":true,"href":"https:\/\/linitiative.ca\/International\/wp-json\/wp\/v2\/tags?post=81833"}],"curies":[{"name":"wp","href":"https:\/\/api.w.org\/{rel}","templated":true}]}}