{"id":81835,"date":"2020-04-10T15:10:51","date_gmt":"2020-04-10T19:10:51","guid":{"rendered":"https:\/\/linitiative.ca\/International\/equipe-dalgerie-covid-19-solidarite-plus-dun-million-deuros-de-dons-recoltes\/"},"modified":"2020-04-10T15:10:51","modified_gmt":"2020-04-10T19:10:51","slug":"equipe-dalgerie-covid-19-solidarite-plus-dun-million-deuros-de-dons-recoltes","status":"publish","type":"post","link":"https:\/\/linitiative.ca\/International\/equipe-dalgerie-covid-19-solidarite-plus-dun-million-deuros-de-dons-recoltes\/","title":{"rendered":"Equipe d&rsquo;Alg\u00e9rie : Covid-19 \/ Solidarit\u00e9 : plus d\u2019un million d\u2019euros de dons r\u00e9colt\u00e9s"},"content":{"rendered":"<div readability=\"32\">\n<p>Auteur : <span>APS<\/span> <span class=\"time\">vendredi 10 avril 2020 16:58<\/span><\/p>\n<\/div>\n<div id=\"post_core\" readability=\"46\">\n<p>Le compte sp\u00e9cial d\u2019aide et de solidarit\u00e9 ouvert par la f\u00e9d\u00e9ration alg\u00e9rienne de football (FAF) dans le cadre de la lutte contre le nouveau coronavirus (Covid-19), a r\u00e9colt\u00e9 plus d\u2019un million d\u2019euros de dons, a annonc\u00e9 vendredi le responsable de communication de l\u2019instance f\u00e9d\u00e9rale Salah-Bey Aboud: \u00ab\u00a0Le montant a d\u00e9pass\u00e9 un million d\u2019euros. Cela a \u00e9t\u00e9 possible gr\u00e2ce \u00e0 la contribution de tout le monde, y compris les Ligues r\u00e9gionales. Pour les clubs professionnels, ils ont c\u00e9d\u00e9 leur quote-part des droits TV. Je laisserai au pr\u00e9sident de la FAF (Kheireddine Zetchi, ndlr) le soin de divulguer le montant exacte prochainement. La somme collect\u00e9e sera vir\u00e9e sur le compte de solidarit\u00e9 ouvert par les pouvoirs publics\u00a0\u00bb, a-t-il indiqu\u00e9 sur les ondes de la radio nationale. L&rsquo;ouverture de ce compte a \u00e9t\u00e9 d\u00e9cid\u00e9e par les membres du Bureau f\u00e9d\u00e9ral de la FAF, lors de la derni\u00e8re r\u00e9union mensuelle tenue exceptionnellement par visioconf\u00e9rence, sous la pr\u00e9sidence de Kheireddine Zetchi. La Ligue de football professionnel (LFP) qui a annonc\u00e9 dans un premier temps sa contribution \u00e0 10 millions de dinars, a d\u00e9cid\u00e9 de la revoir \u00e0 la hausse pour atteindre les 30 millions de dinars. Selon le dernier bilan \u00e9tabli jeudi par le Comit\u00e9 scientifique de suivi de l&rsquo;\u00e9volution de la pand\u00e9mie du coronavirus, 94 nouveaux cas confirm\u00e9s de Covid-19 et 30 nouveaux d\u00e9c\u00e8s ont \u00e9t\u00e9 enregistr\u00e9s en Alg\u00e9rie, portant le nombre total de cas confirm\u00e9s \u00e0 1666 et celui des d\u00e9c\u00e8s \u00e0 235.<\/p>\n<p><strong>Publi\u00e9 dans :<\/strong> <span>Covid-19<\/span><\/p>\n<\/div>\n<p>Auteur:<br \/>\n<a href=\"http:\/\/www.lebuteur.com\/article\/detail?titre=covid-19-solidarite-plus-dun-million-deuros-de-dons-recoltes&#038;id=95582&#038;utm_source=feedburner&#038;utm_medium=feed&#038;utm_campaign=Feed%3A+GalerieFArtciles+%28Les+derniers+articles++-+lebuteur.com%29\">Cliquez ici pour lire l&rsquo;article depuis sa source.<\/a><\/p>\n","protected":false},"excerpt":{"rendered":"<p>Auteur : APS vendredi 10 avril 2020 16:58 Le compte sp\u00e9cial d\u2019aide et de solidarit\u00e9 ouvert par la f\u00e9d\u00e9ration alg\u00e9rienne de football (FAF) dans le cadre de la lutte contre le nouveau coronavirus (Covid-19), a r\u00e9colt\u00e9 plus d\u2019un million d\u2019euros de dons, a annonc\u00e9 vendredi le responsable de communication de l\u2019instance f\u00e9d\u00e9rale Salah-Bey Aboud: \u00ab\u00a0Le [&hellip;]<\/p>\n","protected":false},"author":1738,"featured_media":81836,"comment_status":"closed","ping_status":"closed","sticky":false,"template":"","format":"standard","meta":{"fifu_image_url":"","fifu_image_alt":"","footnotes":""},"categories":[53,75],"tags":[],"class_list":["post-81835","post","type-post","status-publish","format-standard","has-post-thumbnail","hentry","category-algerie","category-sport"],"_links":{"self":[{"href":"https:\/\/linitiative.ca\/International\/wp-json\/wp\/v2\/posts\/81835","targetHints":{"allow":["GET"]}}],"collection":[{"href":"https:\/\/linitiative.ca\/International\/wp-json\/wp\/v2\/posts"}],"about":[{"href":"https:\/\/linitiative.ca\/International\/wp-json\/wp\/v2\/types\/post"}],"author":[{"embeddable":true,"href":"https:\/\/linitiative.ca\/International\/wp-json\/wp\/v2\/users\/1738"}],"replies":[{"embeddable":true,"href":"https:\/\/linitiative.ca\/International\/wp-json\/wp\/v2\/comments?post=81835"}],"version-history":[{"count":0,"href":"https:\/\/linitiative.ca\/International\/wp-json\/wp\/v2\/posts\/81835\/revisions"}],"wp:featuredmedia":[{"embeddable":true,"href":"https:\/\/linitiative.ca\/International\/wp-json\/"}],"wp:attachment":[{"href":"https:\/\/linitiative.ca\/International\/wp-json\/wp\/v2\/media?parent=81835"}],"wp:term":[{"taxonomy":"category","embeddable":true,"href":"https:\/\/linitiative.ca\/International\/wp-json\/wp\/v2\/categories?post=81835"},{"taxonomy":"post_tag","embeddable":true,"href":"https:\/\/linitiative.ca\/International\/wp-json\/wp\/v2\/tags?post=81835"}],"curies":[{"name":"wp","href":"https:\/\/api.w.org\/{rel}","templated":true}]}}