{"id":81839,"date":"2020-04-10T15:10:55","date_gmt":"2020-04-10T19:10:55","guid":{"rendered":"https:\/\/linitiative.ca\/International\/international-premier-league-une-condition-obligatoire-pour-mahrez-et-les-joueurs-avant-une-reprise-du-championnat\/"},"modified":"2020-04-10T15:10:55","modified_gmt":"2020-04-10T19:10:55","slug":"international-premier-league-une-condition-obligatoire-pour-mahrez-et-les-joueurs-avant-une-reprise-du-championnat","status":"publish","type":"post","link":"https:\/\/linitiative.ca\/International\/international-premier-league-une-condition-obligatoire-pour-mahrez-et-les-joueurs-avant-une-reprise-du-championnat\/","title":{"rendered":"International : Premier League : Une condition obligatoire pour Mahrez et les joueurs avant une reprise du championnat ?"},"content":{"rendered":"<div readability=\"32\">\n<p>Auteur : <span class=\"time\">vendredi 10 avril 2020 19:02<\/span><\/p>\n<\/div>\n<div id=\"post_core\" readability=\"46\">\n<p>Le pr\u00e9sident de la LMA, le syndicat des entra\u00eeneurs des championnats anglais, Richart Bevan, a expliqu\u00e9 \u00e0 la BBC que selon lui, les championnats ne pourraient reprendre qu\u2019apr\u00e8s que tous les joueurs aient \u00e9t\u00e9 test\u00e9s :<\/p>\n<p>\u00ab\u00a0Les tests doivent \u00eatre r\u00e9serv\u00e9s d\u2019abord aux patients et au personnel soignant, d\u00e9clare-t-il, une fois que cela est fait, donnons-y acc\u00e8s au sport.\u00a0\u00bb Bevan regrette \u00e9galement que les coachs ne soient pas consult\u00e9s sur la suite \u00e0 donner \u00e0 la saison. \u00ab\u00a0Vous allez avoir besoin du soutien des entra\u00eeneurs. Et vous ne l\u2019aurez pas en ne les consultant pas. Vous ne travaillez pas collectivement si \u00e7a se r\u00e9sume juste \u00e0 envoyer une lettre pour expliquer ce qui a \u00e9t\u00e9 d\u00e9cid\u00e9.\u00a0\u00bb Des propos relay\u00e9s par Sport24.<\/p>\n<p><strong>Publi\u00e9 dans :<\/strong> <span>Mahrez<\/span><\/p>\n<\/div>\n<p>Auteur:<br \/>\n<a href=\"http:\/\/www.lebuteur.com\/article\/detail?titre=premier-league-une-condition-obligatoire-pour-mahrez-et-les-joueurs-avant-une-reprise-du-championnat&#038;id=95584&#038;utm_source=feedburner&#038;utm_medium=feed&#038;utm_campaign=Feed%3A+GalerieFArtciles+%28Les+derniers+articles++-+lebuteur.com%29\">Cliquez ici pour lire l&rsquo;article depuis sa source.<\/a><\/p>\n","protected":false},"excerpt":{"rendered":"<p>Auteur : vendredi 10 avril 2020 19:02 Le pr\u00e9sident de la LMA, le syndicat des entra\u00eeneurs des championnats anglais, Richart Bevan, a expliqu\u00e9 \u00e0 la BBC que selon lui, les championnats ne pourraient reprendre qu\u2019apr\u00e8s que tous les joueurs aient \u00e9t\u00e9 test\u00e9s : \u00ab\u00a0Les tests doivent \u00eatre r\u00e9serv\u00e9s d\u2019abord aux patients et au personnel soignant, [&hellip;]<\/p>\n","protected":false},"author":1738,"featured_media":81840,"comment_status":"closed","ping_status":"closed","sticky":false,"template":"","format":"standard","meta":{"fifu_image_url":"","fifu_image_alt":"","footnotes":""},"categories":[53,75],"tags":[],"class_list":["post-81839","post","type-post","status-publish","format-standard","has-post-thumbnail","hentry","category-algerie","category-sport"],"_links":{"self":[{"href":"https:\/\/linitiative.ca\/International\/wp-json\/wp\/v2\/posts\/81839","targetHints":{"allow":["GET"]}}],"collection":[{"href":"https:\/\/linitiative.ca\/International\/wp-json\/wp\/v2\/posts"}],"about":[{"href":"https:\/\/linitiative.ca\/International\/wp-json\/wp\/v2\/types\/post"}],"author":[{"embeddable":true,"href":"https:\/\/linitiative.ca\/International\/wp-json\/wp\/v2\/users\/1738"}],"replies":[{"embeddable":true,"href":"https:\/\/linitiative.ca\/International\/wp-json\/wp\/v2\/comments?post=81839"}],"version-history":[{"count":0,"href":"https:\/\/linitiative.ca\/International\/wp-json\/wp\/v2\/posts\/81839\/revisions"}],"wp:featuredmedia":[{"embeddable":true,"href":"https:\/\/linitiative.ca\/International\/wp-json\/"}],"wp:attachment":[{"href":"https:\/\/linitiative.ca\/International\/wp-json\/wp\/v2\/media?parent=81839"}],"wp:term":[{"taxonomy":"category","embeddable":true,"href":"https:\/\/linitiative.ca\/International\/wp-json\/wp\/v2\/categories?post=81839"},{"taxonomy":"post_tag","embeddable":true,"href":"https:\/\/linitiative.ca\/International\/wp-json\/wp\/v2\/tags?post=81839"}],"curies":[{"name":"wp","href":"https:\/\/api.w.org\/{rel}","templated":true}]}}